{"id":323397,"date":"2021-04-06T08:26:34","date_gmt":"2021-04-06T05:26:34","guid":{"rendered":"https:\/\/arantv.az\/?p=323397"},"modified":"2021-04-06T08:26:34","modified_gmt":"2021-04-06T05:26:34","slug":"yaponlar-bas-nazirin-istefasini-ist%c9%99yir","status":"publish","type":"post","link":"https:\/\/arantv.az\/?p=323397","title":{"rendered":"Yaponlar ba\u015f nazirin istefas\u0131n\u0131 ist\u0259yir"},"content":{"rendered":"<p>Yaponiya \u0259halisinin dem\u0259k olar ki, 60 faizi ba\u015f nazir Yo\u015fihide Suqan\u0131n d\u0259rhal v\u0259 ya hakim Liberal-demokrat Partiyas\u0131n\u0131n s\u0259dri kimi s\u0259lahiyy\u0259tl\u0259rinin ba\u015fa \u00e7ataca\u011f\u0131 tarixd\u0259 &#8211; sentyabrda istefas\u0131n\u0131 ist\u0259yir.<\/p>\n<div id=\"AdviadNativeVideo0\" class=\"AdviadNativeVideo\"><\/div>\n<p>Bu bar\u0259d\u0259 \u201cYomiuri\u201d q\u0259zetinin apard\u0131\u011f\u0131 sor\u011fu n\u0259tic\u0259sind\u0259 b\u0259lli olub.<\/p>\n<p>Sor\u011fuda 18-75 ya\u015f aral\u0131\u011f\u0131nda mind\u0259n art\u0131q insan i\u015ftirak edib. Sor\u011fu i\u015ftirak\u00e7\u0131lar\u0131n\u0131n 12 faizi ba\u015f nazirin d\u0259rhal istefas\u0131n\u0131, 47 faizi is\u0259 partiya s\u0259dri kimi s\u0259lahiyy\u0259tl\u0259ri ba\u015fa \u00e7atd\u0131qdan sonra istefas\u0131n\u0131 t\u0259l\u0259b edib.<\/p>\n","protected":false},"excerpt":{"rendered":"<p>Yaponiya \u0259halisinin dem\u0259k olar ki, 60 faizi ba\u015f nazir Yo\u015fihide Suqan\u0131n d\u0259rhal v\u0259 ya hakim Liberal-demokrat Partiyas\u0131n\u0131n s\u0259dri kimi s\u0259lahiyy\u0259tl\u0259rinin ba\u015fa \u00e7ataca\u011f\u0131 tarixd\u0259 &#8211; sentyabrda istefas\u0131n\u0131 ist\u0259yir. Bu bar\u0259d\u0259 \u201cYomiuri\u201d q\u0259zetinin apard\u0131\u011f\u0131 sor\u011fu n\u0259tic\u0259sind\u0259 b\u0259lli olub. Sor\u011fuda 18-75 ya\u015f aral\u0131\u011f\u0131nda mind\u0259n art\u0131q insan i\u015ftirak edib. Sor\u011fu i\u015ftirak\u00e7\u0131lar\u0131n\u0131n 12 faizi ba\u015f nazirin d\u0259rhal istefas\u0131n\u0131, 47 faizi is\u0259 partiya s\u0259dri kimi s\u0259lahiyy\u0259tl\u0259ri ba\u015fa \u00e7atd\u0131qdan sonra istefas\u0131n\u0131 t\u0259l\u0259b edib.<\/p>\n","protected":false},"author":2,"featured_media":323398,"comment_status":"closed","ping_status":"closed","sticky":false,"template":"","format":"standard","meta":{"om_disable_all_campaigns":false,"_monsterinsights_skip_tracking":false,"_monsterinsights_sitenote_active":false,"_monsterinsights_sitenote_note":"","_monsterinsights_sitenote_category":0},"categories":[7],"tags":[],"aioseo_notices":[],"gutentor_comment":0,"rttpg_featured_image_url":{"full":["https:\/\/arantv.az\/wp-content\/uploads\/2021\/04\/1617598542371_wMzup9xK.jpg",620,412,false],"landscape":["https:\/\/arantv.az\/wp-content\/uploads\/2021\/04\/1617598542371_wMzup9xK.jpg",620,412,false],"portraits":["https:\/\/arantv.az\/wp-content\/uploads\/2021\/04\/1617598542371_wMzup9xK.jpg",620,412,false],"thumbnail":["https:\/\/arantv.az\/wp-content\/uploads\/2021\/04\/1617598542371_wMzup9xK-500x280.jpg",500,280,true],"medium":["https:\/\/arantv.az\/wp-content\/uploads\/2021\/04\/1617598542371_wMzup9xK-549x365.jpg",549,365,true],"large":["https:\/\/arantv.az\/wp-content\/uploads\/2021\/04\/1617598542371_wMzup9xK.jpg",620,412,false],"1536x1536":["https:\/\/arantv.az\/wp-content\/uploads\/2021\/04\/1617598542371_wMzup9xK.jpg",620,412,false],"2048x2048":["https:\/\/arantv.az\/wp-content\/uploads\/2021\/04\/1617598542371_wMzup9xK.jpg",620,412,false],"post-thumbnail":["https:\/\/arantv.az\/wp-content\/uploads\/2021\/04\/1617598542371_wMzup9xK-240x172.jpg",240,172,true],"advps-thumb-one":["https:\/\/arantv.az\/wp-content\/uploads\/2021\/04\/1617598542371_wMzup9xK.jpg",620,412,false]},"rttpg_author":{"display_name":"V\u00fcsal Rafiqo\u011flu","author_link":"https:\/\/arantv.az\/?author=2"},"rttpg_comment":0,"rttpg_category":"<a href=\"https:\/\/arantv.az\/?cat=7\" rel=\"category\">D\u00fcnya<\/a>","rttpg_excerpt":"Yaponiya \u0259halisinin dem\u0259k olar ki, 60 faizi ba\u015f nazir Yo\u015fihide Suqan\u0131n d\u0259rhal v\u0259 ya hakim Liberal-demokrat Partiyas\u0131n\u0131n s\u0259dri kimi s\u0259lahiyy\u0259tl\u0259rinin ba\u015fa \u00e7ataca\u011f\u0131 tarixd\u0259 &#8211; sentyabrda istefas\u0131n\u0131 ist\u0259yir. Bu bar\u0259d\u0259 \u201cYomiuri\u201d q\u0259zetinin apard\u0131\u011f\u0131 sor\u011fu n\u0259tic\u0259sind\u0259 b\u0259lli olub. Sor\u011fuda 18-75 ya\u015f aral\u0131\u011f\u0131nda mind\u0259n art\u0131q insan i\u015ftirak edib. Sor\u011fu i\u015ftirak\u00e7\u0131lar\u0131n\u0131n 12 faizi ba\u015f nazirin d\u0259rhal istefas\u0131n\u0131, 47 faizi&hellip;","_links":{"self":[{"href":"https:\/\/arantv.az\/index.php?rest_route=\/wp\/v2\/posts\/323397"}],"collection":[{"href":"https:\/\/arantv.az\/index.php?rest_route=\/wp\/v2\/posts"}],"about":[{"href":"https:\/\/arantv.az\/index.php?rest_route=\/wp\/v2\/types\/post"}],"author":[{"embeddable":true,"href":"https:\/\/arantv.az\/index.php?rest_route=\/wp\/v2\/users\/2"}],"replies":[{"embeddable":true,"href":"https:\/\/arantv.az\/index.php?rest_route=%2Fwp%2Fv2%2Fcomments&post=323397"}],"version-history":[{"count":0,"href":"https:\/\/arantv.az\/index.php?rest_route=\/wp\/v2\/posts\/323397\/revisions"}],"wp:featuredmedia":[{"embeddable":true,"href":"https:\/\/arantv.az\/index.php?rest_route=\/wp\/v2\/media\/323398"}],"wp:attachment":[{"href":"https:\/\/arantv.az\/index.php?rest_route=%2Fwp%2Fv2%2Fmedia&parent=323397"}],"wp:term":[{"taxonomy":"category","embeddable":true,"href":"https:\/\/arantv.az\/index.php?rest_route=%2Fwp%2Fv2%2Fcategories&post=323397"},{"taxonomy":"post_tag","embeddable":true,"href":"https:\/\/arantv.az\/index.php?rest_route=%2Fwp%2Fv2%2Ftags&post=323397"}],"curies":[{"name":"wp","href":"https:\/\/api.w.org\/{rel}","templated":true}]}}