{"id":323404,"date":"2021-04-06T08:49:16","date_gmt":"2021-04-06T05:49:16","guid":{"rendered":"https:\/\/arantv.az\/?p=323404"},"modified":"2021-04-06T08:49:16","modified_gmt":"2021-04-06T05:49:16","slug":"pensiyalarin-n%c9%99-vaxt-veril%c9%99c%c9%99yi-aciqlandi","status":"publish","type":"post","link":"https:\/\/arantv.az\/?p=323404","title":{"rendered":"Pensiyalar\u0131n n\u0259 vaxt veril\u0259c\u0259yi a\u00e7\u0131qland\u0131"},"content":{"rendered":"<p>Bak\u0131, Sumqay\u0131t \u015f\u0259h\u0259rl\u0259ri v\u0259 Ab\u015feron rayonu \u00fczr\u0259 pensiyalar\u0131n \u00f6d\u0259nilm\u0259si aprelin 8-n\u0259 n\u0259z\u0259rd\u0259 tutulur.<\/p>\n<p><strong>ARANTV.AZ<\/strong>\u00a0 x\u0259b\u0259r verir ki, bu bar\u0259d\u0259 D\u00f6vl\u0259t Sosial M\u00fcdafi\u0259 Fondundan bildirilib.<\/p>\n<p>Qeyd olunub ki, g\u00fcz\u0259\u015ftli \u015f\u0259rtl\u0259rl\u0259 pensiya h\u00fcququna malik pensiya\u00e7\u0131lar istisnad\u0131r.<\/p>\n","protected":false},"excerpt":{"rendered":"<p>Bak\u0131, Sumqay\u0131t \u015f\u0259h\u0259rl\u0259ri v\u0259 Ab\u015feron rayonu \u00fczr\u0259 pensiyalar\u0131n \u00f6d\u0259nilm\u0259si aprelin 8-n\u0259 n\u0259z\u0259rd\u0259 tutulur. ARANTV.AZ\u00a0 x\u0259b\u0259r verir ki, bu bar\u0259d\u0259 D\u00f6vl\u0259t Sosial M\u00fcdafi\u0259 Fondundan bildirilib. Qeyd olunub ki, g\u00fcz\u0259\u015ftli \u015f\u0259rtl\u0259rl\u0259 pensiya h\u00fcququna malik pensiya\u00e7\u0131lar istisnad\u0131r.<\/p>\n","protected":false},"author":2,"featured_media":323405,"comment_status":"closed","ping_status":"closed","sticky":false,"template":"","format":"standard","meta":{"om_disable_all_campaigns":false,"_monsterinsights_skip_tracking":false,"_monsterinsights_sitenote_active":false,"_monsterinsights_sitenote_note":"","_monsterinsights_sitenote_category":0},"categories":[26],"tags":[],"aioseo_notices":[],"gutentor_comment":0,"rttpg_featured_image_url":{"full":["https:\/\/arantv.az\/wp-content\/uploads\/2021\/04\/6bb4511b4ed40e18ea1534be927b7551_22041_56-1.jpg",975,540,false],"landscape":["https:\/\/arantv.az\/wp-content\/uploads\/2021\/04\/6bb4511b4ed40e18ea1534be927b7551_22041_56-1.jpg",975,540,false],"portraits":["https:\/\/arantv.az\/wp-content\/uploads\/2021\/04\/6bb4511b4ed40e18ea1534be927b7551_22041_56-1.jpg",975,540,false],"thumbnail":["https:\/\/arantv.az\/wp-content\/uploads\/2021\/04\/6bb4511b4ed40e18ea1534be927b7551_22041_56-1-500x280.jpg",500,280,true],"medium":["https:\/\/arantv.az\/wp-content\/uploads\/2021\/04\/6bb4511b4ed40e18ea1534be927b7551_22041_56-1-660x365.jpg",660,365,true],"large":["https:\/\/arantv.az\/wp-content\/uploads\/2021\/04\/6bb4511b4ed40e18ea1534be927b7551_22041_56-1-840x465.jpg",640,354,true],"1536x1536":["https:\/\/arantv.az\/wp-content\/uploads\/2021\/04\/6bb4511b4ed40e18ea1534be927b7551_22041_56-1.jpg",975,540,false],"2048x2048":["https:\/\/arantv.az\/wp-content\/uploads\/2021\/04\/6bb4511b4ed40e18ea1534be927b7551_22041_56-1.jpg",975,540,false],"post-thumbnail":["https:\/\/arantv.az\/wp-content\/uploads\/2021\/04\/6bb4511b4ed40e18ea1534be927b7551_22041_56-1-240x172.jpg",240,172,true],"advps-thumb-one":["https:\/\/arantv.az\/wp-content\/uploads\/2021\/04\/6bb4511b4ed40e18ea1534be927b7551_22041_56-1.jpg",975,540,false]},"rttpg_author":{"display_name":"V\u00fcsal Rafiqo\u011flu","author_link":"https:\/\/arantv.az\/?author=2"},"rttpg_comment":0,"rttpg_category":"<a href=\"https:\/\/arantv.az\/?cat=26\" rel=\"category\">Sosial<\/a>","rttpg_excerpt":"Bak\u0131, Sumqay\u0131t \u015f\u0259h\u0259rl\u0259ri v\u0259 Ab\u015feron rayonu \u00fczr\u0259 pensiyalar\u0131n \u00f6d\u0259nilm\u0259si aprelin 8-n\u0259 n\u0259z\u0259rd\u0259 tutulur. ARANTV.AZ\u00a0 x\u0259b\u0259r verir ki, bu bar\u0259d\u0259 D\u00f6vl\u0259t Sosial M\u00fcdafi\u0259 Fondundan bildirilib. Qeyd olunub ki, g\u00fcz\u0259\u015ftli \u015f\u0259rtl\u0259rl\u0259 pensiya h\u00fcququna malik pensiya\u00e7\u0131lar istisnad\u0131r.","_links":{"self":[{"href":"https:\/\/arantv.az\/index.php?rest_route=\/wp\/v2\/posts\/323404"}],"collection":[{"href":"https:\/\/arantv.az\/index.php?rest_route=\/wp\/v2\/posts"}],"about":[{"href":"https:\/\/arantv.az\/index.php?rest_route=\/wp\/v2\/types\/post"}],"author":[{"embeddable":true,"href":"https:\/\/arantv.az\/index.php?rest_route=\/wp\/v2\/users\/2"}],"replies":[{"embeddable":true,"href":"https:\/\/arantv.az\/index.php?rest_route=%2Fwp%2Fv2%2Fcomments&post=323404"}],"version-history":[{"count":0,"href":"https:\/\/arantv.az\/index.php?rest_route=\/wp\/v2\/posts\/323404\/revisions"}],"wp:featuredmedia":[{"embeddable":true,"href":"https:\/\/arantv.az\/index.php?rest_route=\/wp\/v2\/media\/323405"}],"wp:attachment":[{"href":"https:\/\/arantv.az\/index.php?rest_route=%2Fwp%2Fv2%2Fmedia&parent=323404"}],"wp:term":[{"taxonomy":"category","embeddable":true,"href":"https:\/\/arantv.az\/index.php?rest_route=%2Fwp%2Fv2%2Fcategories&post=323404"},{"taxonomy":"post_tag","embeddable":true,"href":"https:\/\/arantv.az\/index.php?rest_route=%2Fwp%2Fv2%2Ftags&post=323404"}],"curies":[{"name":"wp","href":"https:\/\/api.w.org\/{rel}","templated":true}]}}