{"id":323416,"date":"2021-04-06T09:01:39","date_gmt":"2021-04-06T06:01:39","guid":{"rendered":"https:\/\/arantv.az\/?p=323416"},"modified":"2021-04-06T09:01:39","modified_gmt":"2021-04-06T06:01:39","slug":"aleksey-navalninin-s%c9%99hh%c9%99tind%c9%99-probleml%c9%99r-yasanib-siyas%c9%99tci-x%c9%99st%c9%99xanaya-yerl%c9%99sdirilib","status":"publish","type":"post","link":"https:\/\/arantv.az\/?p=323416","title":{"rendered":"Aleksey Navaln\u0131n\u0131n s\u0259hh\u0259tind\u0259 probleml\u0259r ya\u015fan\u0131b: Siyas\u0259t\u00e7i x\u0259st\u0259xanaya yerl\u0259\u015fdirilib"},"content":{"rendered":"<p>H\u0259bsd\u0259 olan rusiyal\u0131 m\u00fcxalif\u0259t\u00e7i Aleksey Navaln\u0131 tibbi-sanitar hiss\u0259y\u0259 k\u00f6\u00e7\u00fcr\u00fcl\u00fcb.<\/p>\n<p>Bu bar\u0259d\u0259 \u201c\u0130zvestiya\u201d n\u0259\u015fri m\u0259lumat yay\u0131b.<\/p>\n<p>Rusiya Federal Penitensiar Xidm\u0259tind\u0259n veril\u0259n m\u0259lumatda qeyd olunur ki, m\u00fcayin\u0259 zaman\u0131 m\u0259hkuma y\u00fcks\u0259k h\u0259rar\u0259t d\u0259 daxil olmaqla t\u0259n\u0259ff\u00fcs x\u0259st\u0259liyi diaqnozu qoyulub.<\/p>\n<p>Qeyd olunur ki, A.Navaln\u0131\u00a0COVID-19-da daxil olmaqla b\u00fct\u00fcn laz\u0131mi testl\u0259rd\u0259n ke\u00e7irilib.<\/p>\n<p>Xat\u0131rladaq ki, rusiyal\u0131 m\u00fcxalif\u0259t\u00e7i Aleksey Navaln\u0131\u00a0fevral\u0131n 2-d\u0259 m\u0259hk\u0259m\u0259nin q\u0259rar\u0131 il\u0259 3,5 illik m\u00fcdd\u0259t\u0259 azadl\u0131qdan m\u0259hrum edilib.<\/p>\n","protected":false},"excerpt":{"rendered":"<p>H\u0259bsd\u0259 olan rusiyal\u0131 m\u00fcxalif\u0259t\u00e7i Aleksey Navaln\u0131 tibbi-sanitar hiss\u0259y\u0259 k\u00f6\u00e7\u00fcr\u00fcl\u00fcb. Bu bar\u0259d\u0259 \u201c\u0130zvestiya\u201d n\u0259\u015fri m\u0259lumat yay\u0131b. Rusiya Federal Penitensiar Xidm\u0259tind\u0259n veril\u0259n m\u0259lumatda qeyd olunur ki, m\u00fcayin\u0259 zaman\u0131 m\u0259hkuma y\u00fcks\u0259k h\u0259rar\u0259t d\u0259 daxil olmaqla t\u0259n\u0259ff\u00fcs x\u0259st\u0259liyi diaqnozu qoyulub. Qeyd olunur ki, A.Navaln\u0131\u00a0COVID-19-da daxil olmaqla b\u00fct\u00fcn laz\u0131mi testl\u0259rd\u0259n ke\u00e7irilib. Xat\u0131rladaq ki, rusiyal\u0131 m\u00fcxalif\u0259t\u00e7i Aleksey Navaln\u0131\u00a0fevral\u0131n 2-d\u0259 m\u0259hk\u0259m\u0259nin q\u0259rar\u0131 il\u0259 3,5 illik m\u00fcdd\u0259t\u0259 azadl\u0131qdan m\u0259hrum edilib.<\/p>\n","protected":false},"author":2,"featured_media":323417,"comment_status":"closed","ping_status":"closed","sticky":false,"template":"","format":"standard","meta":{"om_disable_all_campaigns":false,"_monsterinsights_skip_tracking":false,"_monsterinsights_sitenote_active":false,"_monsterinsights_sitenote_note":"","_monsterinsights_sitenote_category":0},"categories":[7],"tags":[],"aioseo_notices":[],"gutentor_comment":0,"rttpg_featured_image_url":{"full":["https:\/\/arantv.az\/wp-content\/uploads\/2021\/04\/upload-TASS_44101621-pic4_zoom-1500x1500-99407.jpg",620,349,false],"landscape":["https:\/\/arantv.az\/wp-content\/uploads\/2021\/04\/upload-TASS_44101621-pic4_zoom-1500x1500-99407.jpg",620,349,false],"portraits":["https:\/\/arantv.az\/wp-content\/uploads\/2021\/04\/upload-TASS_44101621-pic4_zoom-1500x1500-99407.jpg",620,349,false],"thumbnail":["https:\/\/arantv.az\/wp-content\/uploads\/2021\/04\/upload-TASS_44101621-pic4_zoom-1500x1500-99407-500x280.jpg",500,280,true],"medium":["https:\/\/arantv.az\/wp-content\/uploads\/2021\/04\/upload-TASS_44101621-pic4_zoom-1500x1500-99407.jpg",620,349,false],"large":["https:\/\/arantv.az\/wp-content\/uploads\/2021\/04\/upload-TASS_44101621-pic4_zoom-1500x1500-99407.jpg",620,349,false],"1536x1536":["https:\/\/arantv.az\/wp-content\/uploads\/2021\/04\/upload-TASS_44101621-pic4_zoom-1500x1500-99407.jpg",620,349,false],"2048x2048":["https:\/\/arantv.az\/wp-content\/uploads\/2021\/04\/upload-TASS_44101621-pic4_zoom-1500x1500-99407.jpg",620,349,false],"post-thumbnail":["https:\/\/arantv.az\/wp-content\/uploads\/2021\/04\/upload-TASS_44101621-pic4_zoom-1500x1500-99407-240x172.jpg",240,172,true],"advps-thumb-one":["https:\/\/arantv.az\/wp-content\/uploads\/2021\/04\/upload-TASS_44101621-pic4_zoom-1500x1500-99407.jpg",620,349,false]},"rttpg_author":{"display_name":"V\u00fcsal Rafiqo\u011flu","author_link":"https:\/\/arantv.az\/?author=2"},"rttpg_comment":0,"rttpg_category":"<a href=\"https:\/\/arantv.az\/?cat=7\" rel=\"category\">D\u00fcnya<\/a>","rttpg_excerpt":"H\u0259bsd\u0259 olan rusiyal\u0131 m\u00fcxalif\u0259t\u00e7i Aleksey Navaln\u0131 tibbi-sanitar hiss\u0259y\u0259 k\u00f6\u00e7\u00fcr\u00fcl\u00fcb. Bu bar\u0259d\u0259 \u201c\u0130zvestiya\u201d n\u0259\u015fri m\u0259lumat yay\u0131b. Rusiya Federal Penitensiar Xidm\u0259tind\u0259n veril\u0259n m\u0259lumatda qeyd olunur ki, m\u00fcayin\u0259 zaman\u0131 m\u0259hkuma y\u00fcks\u0259k h\u0259rar\u0259t d\u0259 daxil olmaqla t\u0259n\u0259ff\u00fcs x\u0259st\u0259liyi diaqnozu qoyulub. Qeyd olunur ki, A.Navaln\u0131\u00a0COVID-19-da daxil olmaqla b\u00fct\u00fcn laz\u0131mi testl\u0259rd\u0259n ke\u00e7irilib. Xat\u0131rladaq ki, rusiyal\u0131 m\u00fcxalif\u0259t\u00e7i Aleksey Navaln\u0131\u00a0fevral\u0131n 2-d\u0259 m\u0259hk\u0259m\u0259nin q\u0259rar\u0131&hellip;","_links":{"self":[{"href":"https:\/\/arantv.az\/index.php?rest_route=\/wp\/v2\/posts\/323416"}],"collection":[{"href":"https:\/\/arantv.az\/index.php?rest_route=\/wp\/v2\/posts"}],"about":[{"href":"https:\/\/arantv.az\/index.php?rest_route=\/wp\/v2\/types\/post"}],"author":[{"embeddable":true,"href":"https:\/\/arantv.az\/index.php?rest_route=\/wp\/v2\/users\/2"}],"replies":[{"embeddable":true,"href":"https:\/\/arantv.az\/index.php?rest_route=%2Fwp%2Fv2%2Fcomments&post=323416"}],"version-history":[{"count":0,"href":"https:\/\/arantv.az\/index.php?rest_route=\/wp\/v2\/posts\/323416\/revisions"}],"wp:featuredmedia":[{"embeddable":true,"href":"https:\/\/arantv.az\/index.php?rest_route=\/wp\/v2\/media\/323417"}],"wp:attachment":[{"href":"https:\/\/arantv.az\/index.php?rest_route=%2Fwp%2Fv2%2Fmedia&parent=323416"}],"wp:term":[{"taxonomy":"category","embeddable":true,"href":"https:\/\/arantv.az\/index.php?rest_route=%2Fwp%2Fv2%2Fcategories&post=323416"},{"taxonomy":"post_tag","embeddable":true,"href":"https:\/\/arantv.az\/index.php?rest_route=%2Fwp%2Fv2%2Ftags&post=323416"}],"curies":[{"name":"wp","href":"https:\/\/api.w.org\/{rel}","templated":true}]}}