{"id":323419,"date":"2021-04-06T09:08:19","date_gmt":"2021-04-06T06:08:19","guid":{"rendered":"https:\/\/arantv.az\/?p=323419"},"modified":"2021-04-06T09:08:19","modified_gmt":"2021-04-06T06:08:19","slug":"holcim-az%c9%99rbaycan-umumrespublika-yasillasdirma-marafonuna-qosulub-foto","status":"publish","type":"post","link":"https:\/\/arantv.az\/?p=323419","title":{"rendered":"\u201cHolcim Az\u0259rbaycan\u201d \u201c\u00dcmumrespublika Ya\u015f\u0131lla\u015fd\u0131rma Marafonu\u201dna qo\u015fulub &#8211; FOTO"},"content":{"rendered":"<p>Heyd\u0259r \u018fliyev Fondunun vitse-prezidenti, IDEA \u0130ctimai Birliyinin t\u0259sis\u00e7isi v\u0259 r\u0259hb\u0259ri Leyla \u018fliyevan\u0131n t\u0259\u015f\u0259bb\u00fcs\u00fc il\u0259 \u201c\u00dcmumrespublika Ya\u015f\u0131lla\u015fd\u0131rma Marafonu\u201d (\u201cYa\u015f\u0131l Marafon\u201d) \u00e7\u0259r\u00e7iv\u0259sind\u0259 \u00f6lk\u0259 \u00fczr\u0259 n\u00f6vb\u0259ti k\u00fctl\u0259vi a\u011fac\u0259km\u0259 kampaniyas\u0131na ba\u015flan\u0131l\u0131b.<\/p>\n<p>IDEA \u0130ctimai Birliyinin t\u0259\u015fkilat\u00e7\u0131l\u0131\u011f\u0131, Ekologiya v\u0259 T\u0259bii S\u0259rv\u0259tl\u0259r Nazirliyinin d\u0259st\u0259yi il\u0259 h\u0259yata ke\u00e7iril\u0259n aksiyalar zaman\u0131 \u00f6lk\u0259nin b\u00fct\u00fcn regionlar\u0131nda yaz v\u0259 pay\u0131z \u0259kin m\u00f6vs\u00fcml\u0259ri m\u00fcdd\u0259tind\u0259 1 milyona yax\u0131n a\u011fac \u0259kilm\u0259si, ya\u015f\u0131ll\u0131q sah\u0259l\u0259rinin art\u0131r\u0131lmas\u0131 n\u0259z\u0259rd\u0259 tutulub.<\/p>\n<p>Aksiyan\u0131n m\u0259qs\u0259di ya\u015f\u0131ll\u0131q sah\u0259l\u0259rini art\u0131rmaq, a\u011fac \u0259kilm\u0259sini t\u0259\u015fviq ed\u0259r\u0259k \u0259traf m\u00fchitin m\u00fchafiz\u0259sin\u0259, o c\u00fcml\u0259d\u0259n \u00f6lk\u0259mizin flora biom\u00fcxt\u0259lifliyinin art\u0131r\u0131lmas\u0131na, ya\u015f\u0131ll\u0131qlar\u0131n qorunmas\u0131 il\u0259 ba\u011fl\u0131 maarifl\u0259ndirm\u0259y\u0259 t\u00f6hf\u0259 verm\u0259kdir.<\/p>\n<div id=\"AdviadNativeVideo0\" class=\"AdviadNativeVideo\"><\/div>\n<p>Bu aksiyaya \u201cHolcim Az\u0259rbaycan\u201d da qo\u015fularaq Qarada\u011f sement zavodunun \u0259traf\u0131nda Ekologiya v\u0259 T\u0259bii S\u0259rv\u0259tl\u0259r naziri Muxtar Babayevin i\u015ftirak\u0131 il\u0259 1000 a\u011fac \u0259kib. \u015eirk\u0259tin bu t\u0259\u015f\u0259bb\u00fcs\u0259 qo\u015fulmas\u0131 t\u0259sad\u00fcfi deyil, \u00e7\u00fcnki \u201cLafargeHolcim\u201d \u015firk\u0259ti dayan\u0131ql\u0131 inki\u015fafa ba\u011fl\u0131 qlobal \u00f6hd\u0259likl\u0259r imzalay\u0131b. Bunlar, 2030-c\u00fc il\u0259 q\u0259d\u0259r CO2 emissiyalar\u0131n 20 % azalmas\u0131, sement sektorunda 1.5\u00b0C qlobal istil\u0259\u015fm\u0259 h\u0259d\u0259fl\u0259rin\u0259 uy\u011fun ekoloji t\u0259miz betonu istehsal etm\u0259k, m\u0259hsul v\u0259 t\u0259krar emal olunmu\u015f materiallardan istifad\u0259ni geni\u015fl\u0259ndirm\u0259k, ya\u015f\u0131l in\u015faat i\u015fl\u0259rini s\u00fcr\u0259tl\u0259ndirm\u0259kdir. \u201cHolcim Az\u0259rbaycan\u201d \u201cLafargeHolcim\u201din \u00fczv\u00fc kimi bu m\u0259qs\u0259dl\u0259r\u0259 \u00e7atmaq \u00fc\u00e7\u00fcn \u00f6z t\u00f6hf\u0259sini verm\u0259y\u0259 \u00e7al\u0131\u015f\u0131r. Ya\u015f\u0131lla\u015fd\u0131rma il\u0259 yana\u015f\u0131 \u00f6lk\u0259d\u0259 tullant\u0131lar\u0131n idar\u0259 olunmas\u0131nda h\u0259lli yollar\u0131 t\u0259klif edir v\u0259 \u00f6z d\u00fcnya t\u0259cr\u00fcb\u0259sini Az\u0259rbaycanda t\u0259tbiq etm\u0259y\u0259 haz\u0131rd\u0131r.<\/p>\n<p>\u201cBizim birg\u0259 m\u0259qs\u0259dimiz v\u0259 d\u0259y\u0259rimiz var &#8211; bu da Dayan\u0131ql\u0131 \u0130nki\u015fafd\u0131r. Dayan\u0131ql\u0131l\u0131q prinsipl\u0259ri h\u0259r bir i\u015fd\u0259, h\u0259r bir add\u0131m\u0131m\u0131zda olmal\u0131d\u0131r. \u018ftraf m\u00fchitin qorunmas\u0131nda \u0259n yax\u015f\u0131 t\u0259cr\u00fcb\u0259mizi n\u00fcmayi\u015f etdirm\u0259y\u0259 haz\u0131r\u0131q. M\u0259s\u0259l\u0259n, bu g\u00fcn biz bu \u0259razid\u0259 1000 a\u011fac \u0259kdik, lakin bununla bizim i\u015fimiz bitmir, eyni zamanda biz bu a\u011faclara qulluq etm\u0259liyik v\u0259 suvarma sistemi qura\u015fd\u0131rmal\u0131y\u0131q. Bunun \u00fc\u00e7\u00fcn \u00e7irkab sular\u0131n t\u0259mizl\u0259nm\u0259si v\u0259 yenid\u0259n suvarma sistemind\u0259 istifad\u0259 olunmas\u0131 \u00fc\u00e7\u00fcn laz\u0131m olan haz\u0131rl\u0131q i\u015fl\u0259ri art\u0131q ba\u015flan\u0131b. Biz bununla t\u0259miz suya q\u0259na\u0259t ed\u0259r\u0259k \u0259traf m\u00fchitin qorunmas\u0131nda t\u00f6hf\u0259 veririk\u201d, &#8211; \u015firk\u0259tin texniki direktoru \u018fli H\u00fcseynov qeyd edib.<\/p>\n<p>G\u0259lin birl\u0259\u015f\u0259k v\u0259 ya\u015f\u0131lla\u015fd\u0131qca daha da g\u00f6z\u0259ll\u0259\u015f\u0259n t\u0259bi\u0259timiz\u0259 sahib \u00e7\u0131xaq!<\/p>\n<p><em>\u201cHolcim Az\u0259rbaycan\u201d, sement, beton v\u0259 in\u015faat h\u0259ll\u0259rinin apar\u0131c\u0131 t\u0259chizat\u00e7\u0131lar\u0131ndan biri olan \u201cLafargeHolcim\u201d Qrupunun \u00fczv\u00fcd\u00fcr.<\/em><\/p>\n<p>&nbsp;<\/p>\n<div class=\"gallery\">\n<div class=\"gallery-i\"><img src=\"https:\/\/cdn.oxu.az\/uploads\/W1siZiIsIjIwMjEvMDQvMDYvMDkvNTIvMjUvYWQ3NzY2YmEtMTQwMi00ZDA0LTljZmItODBkMzMyNDIwNTVkL19EU0M4NDA4LkpQRyJdLFsicCIsImVuY29kZSIsImpwZyIsIi1xdWFsaXR5IDgwIl0sWyJwIiwidGh1bWIiLCI1OTB4NTkwXHUwMDNlIl1d?sha=ee98dac373e8607d\" alt=\"\" \/><\/p>\n<div class=\"gallery-i-caption\"><\/div>\n<\/div>\n<div class=\"gallery-i\"><img src=\"https:\/\/cdn.oxu.az\/uploads\/W1siZiIsIjIwMjEvMDQvMDYvMDkvNTIvMzMvYzIzYzdmMTktMTRiNi00ZDIyLThmNzUtZGQxODYwZDFjYTFlL19EU0M4NTYzLkpQRyJdLFsicCIsImVuY29kZSIsImpwZyIsIi1xdWFsaXR5IDgwIl0sWyJwIiwidGh1bWIiLCI1OTB4NTkwXHUwMDNlIl1d?sha=ce1e386e37ab35b0\" alt=\"\" \/><\/p>\n<div class=\"gallery-i-caption\"><\/div>\n<\/div>\n<div class=\"gallery-i\"><img src=\"https:\/\/cdn.oxu.az\/uploads\/W1siZiIsIjIwMjEvMDQvMDYvMDkvNTIvNDAvNjk2YjVmMmYtZmE5ZS00N2Y1LTljNWEtNjllMjM5ZWRlMDM3L19BSE04NDY3LkpQRyJdLFsicCIsImVuY29kZSIsImpwZyIsIi1xdWFsaXR5IDgwIl0sWyJwIiwidGh1bWIiLCI1OTB4NTkwXHUwMDNlIl1d?sha=ab6826ea2f8ead47\" alt=\"\" \/><\/p>\n<div class=\"gallery-i-caption\"><\/div>\n<\/div>\n<div class=\"gallery-i\"><img src=\"https:\/\/cdn.oxu.az\/uploads\/W1siZiIsIjIwMjEvMDQvMDYvMDkvNTIvNDgvNzE4MjllMTItZTE1Yi00Nzc4LWI0ODMtMWU0ZDE4OTE0OGQwL19BSE04MzYxLkpQRyJdLFsicCIsImVuY29kZSIsImpwZyIsIi1xdWFsaXR5IDgwIl0sWyJwIiwidGh1bWIiLCI1OTB4NTkwXHUwMDNlIl1d?sha=ee2f4668c93352a2\" alt=\"\" \/><\/p>\n<div class=\"gallery-i-caption\"><\/div>\n<\/div>\n<div class=\"gallery-i\"><img src=\"https:\/\/cdn.oxu.az\/uploads\/W1siZiIsIjIwMjEvMDQvMDYvMDkvNTMvMDMvYmIyNDhmZjMtMGM3Mi00OWQwLTg3ODYtMTZiZGQ1ZjQ2MzgzL19BSE04MzE0LkpQRyJdLFsicCIsImVuY29kZSIsImpwZyIsIi1xdWFsaXR5IDgwIl0sWyJwIiwidGh1bWIiLCI1OTB4NTkwXHUwMDNlIl1d?sha=7d567fd74dd68b1d\" alt=\"\" \/><\/p>\n<div class=\"gallery-i-caption\"><\/div>\n<\/div>\n<div class=\"gallery-i\"><img src=\"https:\/\/cdn.oxu.az\/uploads\/W1siZiIsIjIwMjEvMDQvMDYvMDkvNTMvMTEvZDcxMWQyZjYtNzI3OC00ZjU2LWJlZmYtZmZkOTkzNjU3MmIzL19BSE04NDc1LkpQRyJdLFsicCIsImVuY29kZSIsImpwZyIsIi1xdWFsaXR5IDgwIl0sWyJwIiwidGh1bWIiLCI1OTB4NTkwXHUwMDNlIl1d?sha=4e02fa08a626a6c6\" alt=\"\" \/><\/div>\n<\/div>\n","protected":false},"excerpt":{"rendered":"<p>Heyd\u0259r \u018fliyev Fondunun vitse-prezidenti, IDEA \u0130ctimai Birliyinin t\u0259sis\u00e7isi v\u0259 r\u0259hb\u0259ri Leyla \u018fliyevan\u0131n t\u0259\u015f\u0259bb\u00fcs\u00fc il\u0259 \u201c\u00dcmumrespublika Ya\u015f\u0131lla\u015fd\u0131rma Marafonu\u201d (\u201cYa\u015f\u0131l Marafon\u201d) \u00e7\u0259r\u00e7iv\u0259sind\u0259 \u00f6lk\u0259 \u00fczr\u0259 n\u00f6vb\u0259ti k\u00fctl\u0259vi a\u011fac\u0259km\u0259 kampaniyas\u0131na ba\u015flan\u0131l\u0131b. IDEA \u0130ctimai Birliyinin t\u0259\u015fkilat\u00e7\u0131l\u0131\u011f\u0131, Ekologiya v\u0259 T\u0259bii S\u0259rv\u0259tl\u0259r Nazirliyinin d\u0259st\u0259yi il\u0259 h\u0259yata ke\u00e7iril\u0259n aksiyalar zaman\u0131 \u00f6lk\u0259nin b\u00fct\u00fcn regionlar\u0131nda yaz v\u0259 pay\u0131z \u0259kin m\u00f6vs\u00fcml\u0259ri m\u00fcdd\u0259tind\u0259 1 milyona yax\u0131n a\u011fac \u0259kilm\u0259si, ya\u015f\u0131ll\u0131q sah\u0259l\u0259rinin art\u0131r\u0131lmas\u0131 n\u0259z\u0259rd\u0259 tutulub. Aksiyan\u0131n m\u0259qs\u0259di ya\u015f\u0131ll\u0131q sah\u0259l\u0259rini art\u0131rmaq, a\u011fac \u0259kilm\u0259sini t\u0259\u015fviq ed\u0259r\u0259k \u0259traf m\u00fchitin m\u00fchafiz\u0259sin\u0259, o c\u00fcml\u0259d\u0259n \u00f6lk\u0259mizin flora biom\u00fcxt\u0259lifliyinin art\u0131r\u0131lmas\u0131na, ya\u015f\u0131ll\u0131qlar\u0131n qorunmas\u0131 il\u0259 ba\u011fl\u0131 maarifl\u0259ndirm\u0259y\u0259 t\u00f6hf\u0259 verm\u0259kdir. Bu aksiyaya \u201cHolcim Az\u0259rbaycan\u201d&hellip;<\/p>\n","protected":false},"author":2,"featured_media":323420,"comment_status":"closed","ping_status":"closed","sticky":false,"template":"","format":"standard","meta":{"om_disable_all_campaigns":false,"_monsterinsights_skip_tracking":false,"_monsterinsights_sitenote_active":false,"_monsterinsights_sitenote_note":"","_monsterinsights_sitenote_category":0},"categories":[26],"tags":[],"aioseo_notices":[],"gutentor_comment":0,"rttpg_featured_image_url":{"full":["https:\/\/arantv.az\/wp-content\/uploads\/2021\/04\/DSC8422.jpg",620,414,false],"landscape":["https:\/\/arantv.az\/wp-content\/uploads\/2021\/04\/DSC8422.jpg",620,414,false],"portraits":["https:\/\/arantv.az\/wp-content\/uploads\/2021\/04\/DSC8422.jpg",620,414,false],"thumbnail":["https:\/\/arantv.az\/wp-content\/uploads\/2021\/04\/DSC8422-500x280.jpg",500,280,true],"medium":["https:\/\/arantv.az\/wp-content\/uploads\/2021\/04\/DSC8422-547x365.jpg",547,365,true],"large":["https:\/\/arantv.az\/wp-content\/uploads\/2021\/04\/DSC8422.jpg",620,414,false],"1536x1536":["https:\/\/arantv.az\/wp-content\/uploads\/2021\/04\/DSC8422.jpg",620,414,false],"2048x2048":["https:\/\/arantv.az\/wp-content\/uploads\/2021\/04\/DSC8422.jpg",620,414,false],"post-thumbnail":["https:\/\/arantv.az\/wp-content\/uploads\/2021\/04\/DSC8422-240x172.jpg",240,172,true],"advps-thumb-one":["https:\/\/arantv.az\/wp-content\/uploads\/2021\/04\/DSC8422.jpg",620,414,false]},"rttpg_author":{"display_name":"V\u00fcsal Rafiqo\u011flu","author_link":"https:\/\/arantv.az\/?author=2"},"rttpg_comment":0,"rttpg_category":"<a href=\"https:\/\/arantv.az\/?cat=26\" rel=\"category\">Sosial<\/a>","rttpg_excerpt":"Heyd\u0259r \u018fliyev Fondunun vitse-prezidenti, IDEA \u0130ctimai Birliyinin t\u0259sis\u00e7isi v\u0259 r\u0259hb\u0259ri Leyla \u018fliyevan\u0131n t\u0259\u015f\u0259bb\u00fcs\u00fc il\u0259 \u201c\u00dcmumrespublika Ya\u015f\u0131lla\u015fd\u0131rma Marafonu\u201d (\u201cYa\u015f\u0131l Marafon\u201d) \u00e7\u0259r\u00e7iv\u0259sind\u0259 \u00f6lk\u0259 \u00fczr\u0259 n\u00f6vb\u0259ti k\u00fctl\u0259vi a\u011fac\u0259km\u0259 kampaniyas\u0131na ba\u015flan\u0131l\u0131b. IDEA \u0130ctimai Birliyinin t\u0259\u015fkilat\u00e7\u0131l\u0131\u011f\u0131, Ekologiya v\u0259 T\u0259bii S\u0259rv\u0259tl\u0259r Nazirliyinin d\u0259st\u0259yi il\u0259 h\u0259yata ke\u00e7iril\u0259n aksiyalar zaman\u0131 \u00f6lk\u0259nin b\u00fct\u00fcn regionlar\u0131nda yaz v\u0259 pay\u0131z \u0259kin m\u00f6vs\u00fcml\u0259ri m\u00fcdd\u0259tind\u0259 1 milyona yax\u0131n a\u011fac&hellip;","_links":{"self":[{"href":"https:\/\/arantv.az\/index.php?rest_route=\/wp\/v2\/posts\/323419"}],"collection":[{"href":"https:\/\/arantv.az\/index.php?rest_route=\/wp\/v2\/posts"}],"about":[{"href":"https:\/\/arantv.az\/index.php?rest_route=\/wp\/v2\/types\/post"}],"author":[{"embeddable":true,"href":"https:\/\/arantv.az\/index.php?rest_route=\/wp\/v2\/users\/2"}],"replies":[{"embeddable":true,"href":"https:\/\/arantv.az\/index.php?rest_route=%2Fwp%2Fv2%2Fcomments&post=323419"}],"version-history":[{"count":0,"href":"https:\/\/arantv.az\/index.php?rest_route=\/wp\/v2\/posts\/323419\/revisions"}],"wp:featuredmedia":[{"embeddable":true,"href":"https:\/\/arantv.az\/index.php?rest_route=\/wp\/v2\/media\/323420"}],"wp:attachment":[{"href":"https:\/\/arantv.az\/index.php?rest_route=%2Fwp%2Fv2%2Fmedia&parent=323419"}],"wp:term":[{"taxonomy":"category","embeddable":true,"href":"https:\/\/arantv.az\/index.php?rest_route=%2Fwp%2Fv2%2Fcategories&post=323419"},{"taxonomy":"post_tag","embeddable":true,"href":"https:\/\/arantv.az\/index.php?rest_route=%2Fwp%2Fv2%2Ftags&post=323419"}],"curies":[{"name":"wp","href":"https:\/\/api.w.org\/{rel}","templated":true}]}}