{"id":323425,"date":"2021-04-06T09:15:50","date_gmt":"2021-04-06T06:15:50","guid":{"rendered":"https:\/\/arantv.az\/?p=323425"},"modified":"2021-04-06T09:15:50","modified_gmt":"2021-04-06T06:15:50","slug":"koronavirus-x%c9%99st%c9%99l%c9%99ri-ictimai-yerl%c9%99rd%c9%99-saxlanildi","status":"publish","type":"post","link":"https:\/\/arantv.az\/?p=323425","title":{"rendered":"Koronavirus x\u0259st\u0259l\u0259ri ictimai yerl\u0259rd\u0259 saxlan\u0131ld\u0131"},"content":{"rendered":"<p>Aprelin 5-d\u0259 polis \u0259m\u0259kda\u015flar\u0131 t\u0259r\u0259find\u0259n respublika \u0259razisind\u0259 15 n\u0259f\u0259r aktiv koronavirus x\u0259st\u0259si ictimai yerl\u0259rd\u0259 a\u015fkar edil\u0259r\u0259k saxlan\u0131l\u0131b.<\/p>\n<p>Bu bar\u0259d\u0259 Daxili \u0130\u015fl\u0259r Nazirliyinin m\u0259tbuat xidm\u0259ti m\u0259lumat yay\u0131b.<\/p>\n<div id=\"AdviadNativeVideo0\" class=\"AdviadNativeVideo\"><\/div>\n<p>Ev \u015f\u0259raitind\u0259 m\u00fcalic\u0259 t\u0259yin edilm\u0259sin\u0259 baxmayaraq, ya\u015fay\u0131\u015f yerini t\u0259rk ed\u0259n \u0130mi\u015fli rayon sakini E.V\u0259liyev, \u015eabran rayon sakini R.A\u011famirz\u0259yev v\u0259 B\u0259rd\u0259 rayon sakini \u018f.M\u0259mm\u0259dova bar\u0259sind\u0259 Cinay\u0259t M\u0259c\u0259ll\u0259sinin 139-1.1 (epidemiya \u0259leyhin\u0259 v\u0259 karantin rejiml\u0259rinin pozulmas\u0131) madd\u0259si il\u0259 cinay\u0259t i\u015fi ba\u015flan\u0131l\u0131b. Dig\u0259r v\u0259t\u0259nda\u015f bar\u0259sind\u0259 ara\u015fd\u0131rmalar davam etdirilir.<\/p>\n<p>Polis \u0259m\u0259kdas\u0327lar\u0131 onlarla izahedici s\u00f6hb\u0259tl\u0259r apar\u0131b, tibbi prosedurlar\u0131 go\u0308zl\u0259m\u0259kl\u0259 yas\u0327ad\u0131qlar\u0131 ev\u0259 qaytar\u0131b, bu bar\u0259d\u0259 m\u00fcvafiq s\u0259hiyy\u0259 qurumlar\u0131 m\u0259lumatland\u0131r\u0131l\u0131b.<\/p>\n","protected":false},"excerpt":{"rendered":"<p>Aprelin 5-d\u0259 polis \u0259m\u0259kda\u015flar\u0131 t\u0259r\u0259find\u0259n respublika \u0259razisind\u0259 15 n\u0259f\u0259r aktiv koronavirus x\u0259st\u0259si ictimai yerl\u0259rd\u0259 a\u015fkar edil\u0259r\u0259k saxlan\u0131l\u0131b. Bu bar\u0259d\u0259 Daxili \u0130\u015fl\u0259r Nazirliyinin m\u0259tbuat xidm\u0259ti m\u0259lumat yay\u0131b. Ev \u015f\u0259raitind\u0259 m\u00fcalic\u0259 t\u0259yin edilm\u0259sin\u0259 baxmayaraq, ya\u015fay\u0131\u015f yerini t\u0259rk ed\u0259n \u0130mi\u015fli rayon sakini E.V\u0259liyev, \u015eabran rayon sakini R.A\u011famirz\u0259yev v\u0259 B\u0259rd\u0259 rayon sakini \u018f.M\u0259mm\u0259dova bar\u0259sind\u0259 Cinay\u0259t M\u0259c\u0259ll\u0259sinin 139-1.1 (epidemiya \u0259leyhin\u0259 v\u0259 karantin rejiml\u0259rinin pozulmas\u0131) madd\u0259si il\u0259 cinay\u0259t i\u015fi ba\u015flan\u0131l\u0131b. Dig\u0259r v\u0259t\u0259nda\u015f bar\u0259sind\u0259 ara\u015fd\u0131rmalar davam etdirilir. Polis \u0259m\u0259kdas\u0327lar\u0131 onlarla izahedici s\u00f6hb\u0259tl\u0259r apar\u0131b, tibbi prosedurlar\u0131 go\u0308zl\u0259m\u0259kl\u0259 yas\u0327ad\u0131qlar\u0131 ev\u0259 qaytar\u0131b, bu bar\u0259d\u0259 m\u00fcvafiq s\u0259hiyy\u0259 qurumlar\u0131 m\u0259lumatland\u0131r\u0131l\u0131b.<\/p>\n","protected":false},"author":2,"featured_media":272736,"comment_status":"closed","ping_status":"closed","sticky":false,"template":"","format":"standard","meta":{"om_disable_all_campaigns":false,"_monsterinsights_skip_tracking":false,"_monsterinsights_sitenote_active":false,"_monsterinsights_sitenote_note":"","_monsterinsights_sitenote_category":0},"categories":[26],"tags":[],"aioseo_notices":[],"gutentor_comment":0,"rttpg_featured_image_url":{"full":["https:\/\/arantv.az\/wp-content\/uploads\/2021\/01\/koronavirus-8-3.jpg",620,415,false],"landscape":["https:\/\/arantv.az\/wp-content\/uploads\/2021\/01\/koronavirus-8-3.jpg",620,415,false],"portraits":["https:\/\/arantv.az\/wp-content\/uploads\/2021\/01\/koronavirus-8-3.jpg",620,415,false],"thumbnail":["https:\/\/arantv.az\/wp-content\/uploads\/2021\/01\/koronavirus-8-3-150x150.jpg",150,150,true],"medium":["https:\/\/arantv.az\/wp-content\/uploads\/2021\/01\/koronavirus-8-3-300x201.jpg",300,201,true],"large":["https:\/\/arantv.az\/wp-content\/uploads\/2021\/01\/koronavirus-8-3.jpg",620,415,false],"1536x1536":["https:\/\/arantv.az\/wp-content\/uploads\/2021\/01\/koronavirus-8-3.jpg",620,415,false],"2048x2048":["https:\/\/arantv.az\/wp-content\/uploads\/2021\/01\/koronavirus-8-3.jpg",620,415,false],"post-thumbnail":["https:\/\/arantv.az\/wp-content\/uploads\/2021\/01\/koronavirus-8-3-240x172.jpg",240,172,true],"advps-thumb-one":["https:\/\/arantv.az\/wp-content\/uploads\/2021\/01\/koronavirus-8-3.jpg",620,415,false]},"rttpg_author":{"display_name":"V\u00fcsal Rafiqo\u011flu","author_link":"https:\/\/arantv.az\/?author=2"},"rttpg_comment":0,"rttpg_category":"<a href=\"https:\/\/arantv.az\/?cat=26\" rel=\"category\">Sosial<\/a>","rttpg_excerpt":"Aprelin 5-d\u0259 polis \u0259m\u0259kda\u015flar\u0131 t\u0259r\u0259find\u0259n respublika \u0259razisind\u0259 15 n\u0259f\u0259r aktiv koronavirus x\u0259st\u0259si ictimai yerl\u0259rd\u0259 a\u015fkar edil\u0259r\u0259k saxlan\u0131l\u0131b. Bu bar\u0259d\u0259 Daxili \u0130\u015fl\u0259r Nazirliyinin m\u0259tbuat xidm\u0259ti m\u0259lumat yay\u0131b. Ev \u015f\u0259raitind\u0259 m\u00fcalic\u0259 t\u0259yin edilm\u0259sin\u0259 baxmayaraq, ya\u015fay\u0131\u015f yerini t\u0259rk ed\u0259n \u0130mi\u015fli rayon sakini E.V\u0259liyev, \u015eabran rayon sakini R.A\u011famirz\u0259yev v\u0259 B\u0259rd\u0259 rayon sakini \u018f.M\u0259mm\u0259dova bar\u0259sind\u0259 Cinay\u0259t M\u0259c\u0259ll\u0259sinin 139-1.1 (epidemiya \u0259leyhin\u0259&hellip;","_links":{"self":[{"href":"https:\/\/arantv.az\/index.php?rest_route=\/wp\/v2\/posts\/323425"}],"collection":[{"href":"https:\/\/arantv.az\/index.php?rest_route=\/wp\/v2\/posts"}],"about":[{"href":"https:\/\/arantv.az\/index.php?rest_route=\/wp\/v2\/types\/post"}],"author":[{"embeddable":true,"href":"https:\/\/arantv.az\/index.php?rest_route=\/wp\/v2\/users\/2"}],"replies":[{"embeddable":true,"href":"https:\/\/arantv.az\/index.php?rest_route=%2Fwp%2Fv2%2Fcomments&post=323425"}],"version-history":[{"count":0,"href":"https:\/\/arantv.az\/index.php?rest_route=\/wp\/v2\/posts\/323425\/revisions"}],"wp:featuredmedia":[{"embeddable":true,"href":"https:\/\/arantv.az\/index.php?rest_route=\/wp\/v2\/media\/272736"}],"wp:attachment":[{"href":"https:\/\/arantv.az\/index.php?rest_route=%2Fwp%2Fv2%2Fmedia&parent=323425"}],"wp:term":[{"taxonomy":"category","embeddable":true,"href":"https:\/\/arantv.az\/index.php?rest_route=%2Fwp%2Fv2%2Fcategories&post=323425"},{"taxonomy":"post_tag","embeddable":true,"href":"https:\/\/arantv.az\/index.php?rest_route=%2Fwp%2Fv2%2Ftags&post=323425"}],"curies":[{"name":"wp","href":"https:\/\/api.w.org\/{rel}","templated":true}]}}