{"id":323433,"date":"2021-04-06T09:28:04","date_gmt":"2021-04-06T06:28:04","guid":{"rendered":"https:\/\/arantv.az\/?p=323433"},"modified":"2021-04-06T09:28:04","modified_gmt":"2021-04-06T06:28:04","slug":"az%c9%99rbaycan-turkiy%c9%99-h%c9%99rbi-%c9%99m%c9%99kdasliginda-yeni-m%c9%99rh%c9%99l%c9%99-%c9%99rdoganin-t%c9%99sdiql%c9%99diyi-sazisd%c9%99-n%c9%99l%c9%99r-var","status":"publish","type":"post","link":"https:\/\/arantv.az\/?p=323433","title":{"rendered":"Az\u0259rbaycan-T\u00fcrkiy\u0259 h\u0259rbi \u0259m\u0259kda\u015fl\u0131\u011f\u0131nda yeni m\u0259rh\u0259l\u0259: \u018frdo\u011fan\u0131n t\u0259sdiql\u0259diyi sazi\u015fd\u0259 n\u0259l\u0259r var?"},"content":{"rendered":"<p>T\u00fcrkiy\u0259 Prezidenti R\u0259c\u0259b Tayyib \u018frdo\u011fan \u201cAz\u0259rbaycan Respublikas\u0131 H\u00f6kum\u0259ti il\u0259 T\u00fcrkiy\u0259 Respublikas\u0131 H\u00f6kum\u0259ti aras\u0131nda m\u00fcdafi\u0259 s\u0259nayesi sah\u0259sind\u0259 \u0259m\u0259kda\u015fl\u0131q haqq\u0131nda\u201d sazi\u015fi t\u0259sdiql\u0259yib.<\/p>\n<p>Qeyd ed\u0259k ki, s\u0259n\u0259d 2017-ci il oktyabr\u0131n 31-d\u0259\u00a0Bak\u0131da imzalan\u0131b. Sazi\u015f\u0259 Az\u0259rbaycan t\u0259r\u0259fd\u0259n M\u00fcdafi\u0259 naziri Zakir H\u0259s\u0259nov, T\u00fcrkiy\u0259 H\u00f6kum\u0259ti ad\u0131ndan is\u0259 o vaxtk\u0131 Milli M\u00fcdafi\u0259 naziri Nurettin Can\u0131kl\u0131 imza at\u0131b.<\/p>\n<p>S\u0259n\u0259d Az\u0259rbaycanla T\u00fcrkiy\u0259 aras\u0131nda h\u0259rbi \u0259m\u0259kda\u015fl\u0131q sah\u0259sind\u0259ki platforman\u0131 d\u0259rinl\u0259\u015fdirir.<\/p>\n<div id=\"AdviadNativeVideo0\" class=\"AdviadNativeVideo\"><\/div>\n<p>Sazi\u015fin m\u0259qs\u0259di t\u0259r\u0259fl\u0259r aras\u0131nda m\u00fcdafi\u0259 t\u0259yinatl\u0131 mal v\u0259 xidm\u0259tl\u0259rin t\u0259kmill\u0259\u015fdirilm\u0259sini, istehsal\u0131n\u0131, t\u0259dar\u00fck\u00fcn\u00fc t\u0259min etm\u0259kdir.<\/p>\n<p>S\u0259n\u0259dd\u0259 iki \u00f6lk\u0259 aras\u0131nda m\u00fcdafi\u0259 s\u0259nayesi sah\u0259sind\u0259 \u0259m\u0259kda\u015fl\u0131q sah\u0259l\u0259rinin prioritetl\u0259ri m\u00fc\u0259yy\u0259n edilir.<\/p>\n<p>Bel\u0259 ki, t\u0259r\u0259fl\u0259rin silahl\u0131 q\u00fcvv\u0259l\u0259rinin ehtiyac\u0131 olan ehtiyat hiss\u0259, al\u0259t, m\u00fcdafi\u0259 t\u0259yinatl\u0131 materiallar, h\u0259rbi sisteml\u0259r, texniki g\u00f6st\u0259ricil\u0259r v\u0259 texniki t\u0259chizat il\u0259 \u0259laq\u0259dar birg\u0259 ara\u015fd\u0131rma, t\u0259kmill\u0259\u015fdirm\u0259, istehsal v\u0259 modernizasiya \u00fc\u00e7\u00fcn m\u00fcnasib \u015f\u0259rtl\u0259rin t\u0259min edilm\u0259si n\u0259z\u0259rd\u0259 tutulur.<\/p>\n<p>Sazi\u015fd\u0259 \u00fc\u00e7\u00fcnc\u00fc t\u0259r\u0259fin m\u00fcdafi\u0259 t\u0259yinatl\u0131 m\u0259hsullar\u0131n\u0131n istehsal\u0131, t\u0259kmill\u0259\u015fdirilm\u0259si, modernizasiyas\u0131 sah\u0259sind\u0259 birg\u0259 proqramlar \u00fc\u00e7\u00fcn \u015f\u0259rtl\u0259rin formala\u015fd\u0131r\u0131lmas\u0131 \u00f6z \u0259ksini tap\u0131b. Ancaq bunun \u00fc\u00e7\u00fcn h\u0259r iki t\u0259r\u0259fin;\u00a0Az\u0259rbaycan v\u0259 T\u00fcrkiy\u0259nin\u00a0raz\u0131l\u0131\u011f\u0131 olmal\u0131d\u0131r.<\/p>\n<p>Sazi\u015fd\u0259 \u00fc\u00e7\u00fcnc\u00fc t\u0259r\u0259f\u00a0\u00fc\u00e7\u00fcn birg\u0259 istehsal v\u0259 t\u0259kmill\u0259\u015fdirm\u0259 m\u00f6vzusunda t\u0259r\u0259fl\u0259r aras\u0131nda m\u00fcqavil\u0259l\u0259rin ba\u011flan\u0131lmas\u0131n\u0131n t\u0259\u015fviq edilm\u0259si d\u0259 n\u0259z\u0259rd\u0259 tutur.<\/p>\n<p>Bu sazi\u015f q\u00fcvv\u0259y\u0259 mindiyi tarixd\u0259n etibar\u0259n 5 il m\u00fcdd\u0259tind\u0259 ke\u00e7\u0259rli olacaq.<\/p>\n","protected":false},"excerpt":{"rendered":"<p>T\u00fcrkiy\u0259 Prezidenti R\u0259c\u0259b Tayyib \u018frdo\u011fan \u201cAz\u0259rbaycan Respublikas\u0131 H\u00f6kum\u0259ti il\u0259 T\u00fcrkiy\u0259 Respublikas\u0131 H\u00f6kum\u0259ti aras\u0131nda m\u00fcdafi\u0259 s\u0259nayesi sah\u0259sind\u0259 \u0259m\u0259kda\u015fl\u0131q haqq\u0131nda\u201d sazi\u015fi t\u0259sdiql\u0259yib. Qeyd ed\u0259k ki, s\u0259n\u0259d 2017-ci il oktyabr\u0131n 31-d\u0259\u00a0Bak\u0131da imzalan\u0131b. Sazi\u015f\u0259 Az\u0259rbaycan t\u0259r\u0259fd\u0259n M\u00fcdafi\u0259 naziri Zakir H\u0259s\u0259nov, T\u00fcrkiy\u0259 H\u00f6kum\u0259ti ad\u0131ndan is\u0259 o vaxtk\u0131 Milli M\u00fcdafi\u0259 naziri Nurettin Can\u0131kl\u0131 imza at\u0131b. S\u0259n\u0259d Az\u0259rbaycanla T\u00fcrkiy\u0259 aras\u0131nda h\u0259rbi \u0259m\u0259kda\u015fl\u0131q sah\u0259sind\u0259ki platforman\u0131 d\u0259rinl\u0259\u015fdirir. Sazi\u015fin m\u0259qs\u0259di t\u0259r\u0259fl\u0259r aras\u0131nda m\u00fcdafi\u0259 t\u0259yinatl\u0131 mal v\u0259 xidm\u0259tl\u0259rin t\u0259kmill\u0259\u015fdirilm\u0259sini, istehsal\u0131n\u0131, t\u0259dar\u00fck\u00fcn\u00fc t\u0259min etm\u0259kdir. S\u0259n\u0259dd\u0259 iki \u00f6lk\u0259 aras\u0131nda m\u00fcdafi\u0259 s\u0259nayesi sah\u0259sind\u0259 \u0259m\u0259kda\u015fl\u0131q sah\u0259l\u0259rinin prioritetl\u0259ri m\u00fc\u0259yy\u0259n edilir. Bel\u0259 ki, t\u0259r\u0259fl\u0259rin silahl\u0131 q\u00fcvv\u0259l\u0259rinin ehtiyac\u0131&hellip;<\/p>\n","protected":false},"author":2,"featured_media":323434,"comment_status":"closed","ping_status":"closed","sticky":false,"template":"","format":"standard","meta":{"om_disable_all_campaigns":false,"_monsterinsights_skip_tracking":false,"_monsterinsights_sitenote_active":false,"_monsterinsights_sitenote_note":"","_monsterinsights_sitenote_category":0},"categories":[4],"tags":[],"aioseo_notices":[],"gutentor_comment":0,"rttpg_featured_image_url":{"full":["https:\/\/arantv.az\/wp-content\/uploads\/2021\/04\/86232.jpg",620,413,false],"landscape":["https:\/\/arantv.az\/wp-content\/uploads\/2021\/04\/86232.jpg",620,413,false],"portraits":["https:\/\/arantv.az\/wp-content\/uploads\/2021\/04\/86232.jpg",620,413,false],"thumbnail":["https:\/\/arantv.az\/wp-content\/uploads\/2021\/04\/86232-500x280.jpg",500,280,true],"medium":["https:\/\/arantv.az\/wp-content\/uploads\/2021\/04\/86232-548x365.jpg",548,365,true],"large":["https:\/\/arantv.az\/wp-content\/uploads\/2021\/04\/86232.jpg",620,413,false],"1536x1536":["https:\/\/arantv.az\/wp-content\/uploads\/2021\/04\/86232.jpg",620,413,false],"2048x2048":["https:\/\/arantv.az\/wp-content\/uploads\/2021\/04\/86232.jpg",620,413,false],"post-thumbnail":["https:\/\/arantv.az\/wp-content\/uploads\/2021\/04\/86232-240x172.jpg",240,172,true],"advps-thumb-one":["https:\/\/arantv.az\/wp-content\/uploads\/2021\/04\/86232.jpg",620,413,false]},"rttpg_author":{"display_name":"V\u00fcsal Rafiqo\u011flu","author_link":"https:\/\/arantv.az\/?author=2"},"rttpg_comment":0,"rttpg_category":"<a href=\"https:\/\/arantv.az\/?cat=4\" rel=\"category\">Siyas\u0259t<\/a>","rttpg_excerpt":"T\u00fcrkiy\u0259 Prezidenti R\u0259c\u0259b Tayyib \u018frdo\u011fan \u201cAz\u0259rbaycan Respublikas\u0131 H\u00f6kum\u0259ti il\u0259 T\u00fcrkiy\u0259 Respublikas\u0131 H\u00f6kum\u0259ti aras\u0131nda m\u00fcdafi\u0259 s\u0259nayesi sah\u0259sind\u0259 \u0259m\u0259kda\u015fl\u0131q haqq\u0131nda\u201d sazi\u015fi t\u0259sdiql\u0259yib. Qeyd ed\u0259k ki, s\u0259n\u0259d 2017-ci il oktyabr\u0131n 31-d\u0259\u00a0Bak\u0131da imzalan\u0131b. Sazi\u015f\u0259 Az\u0259rbaycan t\u0259r\u0259fd\u0259n M\u00fcdafi\u0259 naziri Zakir H\u0259s\u0259nov, T\u00fcrkiy\u0259 H\u00f6kum\u0259ti ad\u0131ndan is\u0259 o vaxtk\u0131 Milli M\u00fcdafi\u0259 naziri Nurettin Can\u0131kl\u0131 imza at\u0131b. S\u0259n\u0259d Az\u0259rbaycanla T\u00fcrkiy\u0259 aras\u0131nda h\u0259rbi \u0259m\u0259kda\u015fl\u0131q&hellip;","_links":{"self":[{"href":"https:\/\/arantv.az\/index.php?rest_route=\/wp\/v2\/posts\/323433"}],"collection":[{"href":"https:\/\/arantv.az\/index.php?rest_route=\/wp\/v2\/posts"}],"about":[{"href":"https:\/\/arantv.az\/index.php?rest_route=\/wp\/v2\/types\/post"}],"author":[{"embeddable":true,"href":"https:\/\/arantv.az\/index.php?rest_route=\/wp\/v2\/users\/2"}],"replies":[{"embeddable":true,"href":"https:\/\/arantv.az\/index.php?rest_route=%2Fwp%2Fv2%2Fcomments&post=323433"}],"version-history":[{"count":0,"href":"https:\/\/arantv.az\/index.php?rest_route=\/wp\/v2\/posts\/323433\/revisions"}],"wp:featuredmedia":[{"embeddable":true,"href":"https:\/\/arantv.az\/index.php?rest_route=\/wp\/v2\/media\/323434"}],"wp:attachment":[{"href":"https:\/\/arantv.az\/index.php?rest_route=%2Fwp%2Fv2%2Fmedia&parent=323433"}],"wp:term":[{"taxonomy":"category","embeddable":true,"href":"https:\/\/arantv.az\/index.php?rest_route=%2Fwp%2Fv2%2Fcategories&post=323433"},{"taxonomy":"post_tag","embeddable":true,"href":"https:\/\/arantv.az\/index.php?rest_route=%2Fwp%2Fv2%2Ftags&post=323433"}],"curies":[{"name":"wp","href":"https:\/\/api.w.org\/{rel}","templated":true}]}}