{"id":323446,"date":"2021-04-06T09:50:25","date_gmt":"2021-04-06T06:50:25","guid":{"rendered":"https:\/\/arantv.az\/?p=323446"},"modified":"2021-04-06T09:50:25","modified_gmt":"2021-04-06T06:50:25","slug":"imislid%c9%99-nisan-m%c9%99clisi-yarimciq-qaldi-c%c9%99zalanan-var-foto","status":"publish","type":"post","link":"https:\/\/arantv.az\/?p=323446","title":{"rendered":"\u0130mi\u015flid\u0259 ni\u015fan m\u0259clisi yar\u0131m\u00e7\u0131q qald\u0131: C\u0259zalanan var &#8211; FOTO"},"content":{"rendered":"<p>\u0130mi\u015fli rayonunda ni\u015fan m\u0259clisi t\u0259\u015fkil ed\u0259n \u015f\u0259xs m\u0259suliyy\u0259t\u0259 c\u0259lb olunub.<\/p>\n<p>Daxili \u0130\u015fl\u0259r Nazirliyinin m\u0259tbuat xidm\u0259tinin B\u0259rd\u0259 regional qrupundan veril\u0259n m\u0259lumata g\u00f6r\u0259, \u0130mi\u015fli Rayon Polis \u015e\u00f6b\u0259sinin\u00a0\u0259m\u0259kda\u015flar\u0131 t\u0259r\u0259find\u0259n h\u0259yata ke\u00e7irilmi\u015f t\u0259dbirl\u0259r zaman\u0131 rayonun G\u00f6b\u0259ktala k\u0259nd sakini R\u00f6v\u015f\u0259n M\u0259mm\u0259dov ya\u015fad\u0131\u011f\u0131 evin h\u0259y\u0259tind\u0259 qonaqlar\u0131n i\u015ftirak\u0131 il\u0259 \u00f6z \u00f6vlad\u0131na ni\u015fan m\u0259clisi t\u0259\u015fkil etdiyi m\u00fc\u0259yy\u0259n edilib.<\/p>\n<div id=\"AdviadNativeVideo0\" class=\"AdviadNativeVideo\"><\/div>\n<p>R.M\u0259mm\u0259dov bar\u0259sind\u0259 \u0130nzibati X\u0259talar M\u0259c\u0259ll\u0259sinin m\u00fcvafiq madd\u0259si il\u0259 protokol t\u0259rtib olunub, m\u0259clisin i\u015ftirak\u00e7\u0131lar\u0131na is\u0259 x\u0259b\u0259rdarl\u0131q edilib.<\/p>\n<p>&nbsp;<\/p>\n<div class=\"gallery\">\n<div class=\"gallery-i\"><img src=\"https:\/\/cdn.oxu.az\/uploads\/W1siZiIsIjIwMjEvMDQvMDYvMTAvMjEvMDcvNmVhODZhMWYtYmE5OS00MzczLTkwNjYtZWFhYzE0YzZhYWNjL25pc2Ftbi5qcGciXSxbInAiLCJlbmNvZGUiLCJqcGciLCItcXVhbGl0eSA4MCJdLFsicCIsInRodW1iIiwiNTkweDU5MFx1MDAzZSJdXQ?sha=237881fd2da445f3\" alt=\"\" \/><\/div>\n<\/div>\n","protected":false},"excerpt":{"rendered":"<p>\u0130mi\u015fli rayonunda ni\u015fan m\u0259clisi t\u0259\u015fkil ed\u0259n \u015f\u0259xs m\u0259suliyy\u0259t\u0259 c\u0259lb olunub. Daxili \u0130\u015fl\u0259r Nazirliyinin m\u0259tbuat xidm\u0259tinin B\u0259rd\u0259 regional qrupundan veril\u0259n m\u0259lumata g\u00f6r\u0259, \u0130mi\u015fli Rayon Polis \u015e\u00f6b\u0259sinin\u00a0\u0259m\u0259kda\u015flar\u0131 t\u0259r\u0259find\u0259n h\u0259yata ke\u00e7irilmi\u015f t\u0259dbirl\u0259r zaman\u0131 rayonun G\u00f6b\u0259ktala k\u0259nd sakini R\u00f6v\u015f\u0259n M\u0259mm\u0259dov ya\u015fad\u0131\u011f\u0131 evin h\u0259y\u0259tind\u0259 qonaqlar\u0131n i\u015ftirak\u0131 il\u0259 \u00f6z \u00f6vlad\u0131na ni\u015fan m\u0259clisi t\u0259\u015fkil etdiyi m\u00fc\u0259yy\u0259n edilib. R.M\u0259mm\u0259dov bar\u0259sind\u0259 \u0130nzibati X\u0259talar M\u0259c\u0259ll\u0259sinin m\u00fcvafiq madd\u0259si il\u0259 protokol t\u0259rtib olunub, m\u0259clisin i\u015ftirak\u00e7\u0131lar\u0131na is\u0259 x\u0259b\u0259rdarl\u0131q edilib. &nbsp;<\/p>\n","protected":false},"author":2,"featured_media":323447,"comment_status":"closed","ping_status":"closed","sticky":false,"template":"","format":"standard","meta":{"om_disable_all_campaigns":false,"_monsterinsights_skip_tracking":false,"_monsterinsights_sitenote_active":false,"_monsterinsights_sitenote_note":"","_monsterinsights_sitenote_category":0},"categories":[26],"tags":[],"aioseo_notices":[],"gutentor_comment":0,"rttpg_featured_image_url":{"full":["https:\/\/arantv.az\/wp-content\/uploads\/2021\/04\/nisan.jpg",620,415,false],"landscape":["https:\/\/arantv.az\/wp-content\/uploads\/2021\/04\/nisan.jpg",620,415,false],"portraits":["https:\/\/arantv.az\/wp-content\/uploads\/2021\/04\/nisan.jpg",620,415,false],"thumbnail":["https:\/\/arantv.az\/wp-content\/uploads\/2021\/04\/nisan-500x280.jpg",500,280,true],"medium":["https:\/\/arantv.az\/wp-content\/uploads\/2021\/04\/nisan-545x365.jpg",545,365,true],"large":["https:\/\/arantv.az\/wp-content\/uploads\/2021\/04\/nisan.jpg",620,415,false],"1536x1536":["https:\/\/arantv.az\/wp-content\/uploads\/2021\/04\/nisan.jpg",620,415,false],"2048x2048":["https:\/\/arantv.az\/wp-content\/uploads\/2021\/04\/nisan.jpg",620,415,false],"post-thumbnail":["https:\/\/arantv.az\/wp-content\/uploads\/2021\/04\/nisan-240x172.jpg",240,172,true],"advps-thumb-one":["https:\/\/arantv.az\/wp-content\/uploads\/2021\/04\/nisan.jpg",620,415,false]},"rttpg_author":{"display_name":"V\u00fcsal Rafiqo\u011flu","author_link":"https:\/\/arantv.az\/?author=2"},"rttpg_comment":0,"rttpg_category":"<a href=\"https:\/\/arantv.az\/?cat=26\" rel=\"category\">Sosial<\/a>","rttpg_excerpt":"\u0130mi\u015fli rayonunda ni\u015fan m\u0259clisi t\u0259\u015fkil ed\u0259n \u015f\u0259xs m\u0259suliyy\u0259t\u0259 c\u0259lb olunub. Daxili \u0130\u015fl\u0259r Nazirliyinin m\u0259tbuat xidm\u0259tinin B\u0259rd\u0259 regional qrupundan veril\u0259n m\u0259lumata g\u00f6r\u0259, \u0130mi\u015fli Rayon Polis \u015e\u00f6b\u0259sinin\u00a0\u0259m\u0259kda\u015flar\u0131 t\u0259r\u0259find\u0259n h\u0259yata ke\u00e7irilmi\u015f t\u0259dbirl\u0259r zaman\u0131 rayonun G\u00f6b\u0259ktala k\u0259nd sakini R\u00f6v\u015f\u0259n M\u0259mm\u0259dov ya\u015fad\u0131\u011f\u0131 evin h\u0259y\u0259tind\u0259 qonaqlar\u0131n i\u015ftirak\u0131 il\u0259 \u00f6z \u00f6vlad\u0131na ni\u015fan m\u0259clisi t\u0259\u015fkil etdiyi m\u00fc\u0259yy\u0259n edilib. R.M\u0259mm\u0259dov bar\u0259sind\u0259 \u0130nzibati X\u0259talar M\u0259c\u0259ll\u0259sinin&hellip;","_links":{"self":[{"href":"https:\/\/arantv.az\/index.php?rest_route=\/wp\/v2\/posts\/323446"}],"collection":[{"href":"https:\/\/arantv.az\/index.php?rest_route=\/wp\/v2\/posts"}],"about":[{"href":"https:\/\/arantv.az\/index.php?rest_route=\/wp\/v2\/types\/post"}],"author":[{"embeddable":true,"href":"https:\/\/arantv.az\/index.php?rest_route=\/wp\/v2\/users\/2"}],"replies":[{"embeddable":true,"href":"https:\/\/arantv.az\/index.php?rest_route=%2Fwp%2Fv2%2Fcomments&post=323446"}],"version-history":[{"count":0,"href":"https:\/\/arantv.az\/index.php?rest_route=\/wp\/v2\/posts\/323446\/revisions"}],"wp:featuredmedia":[{"embeddable":true,"href":"https:\/\/arantv.az\/index.php?rest_route=\/wp\/v2\/media\/323447"}],"wp:attachment":[{"href":"https:\/\/arantv.az\/index.php?rest_route=%2Fwp%2Fv2%2Fmedia&parent=323446"}],"wp:term":[{"taxonomy":"category","embeddable":true,"href":"https:\/\/arantv.az\/index.php?rest_route=%2Fwp%2Fv2%2Fcategories&post=323446"},{"taxonomy":"post_tag","embeddable":true,"href":"https:\/\/arantv.az\/index.php?rest_route=%2Fwp%2Fv2%2Ftags&post=323446"}],"curies":[{"name":"wp","href":"https:\/\/api.w.org\/{rel}","templated":true}]}}