{"id":323452,"date":"2021-04-06T09:59:19","date_gmt":"2021-04-06T06:59:19","guid":{"rendered":"https:\/\/arantv.az\/?p=323452"},"modified":"2021-04-06T09:59:19","modified_gmt":"2021-04-06T06:59:19","slug":"rayon-v%c9%99-s%c9%99h%c9%99rl%c9%99rin-giris-cixisinda-karantin-postlari-qurulur-r%c9%99smi-aciqlama","status":"publish","type":"post","link":"https:\/\/arantv.az\/?p=323452","title":{"rendered":"Rayon v\u0259 \u015f\u0259h\u0259rl\u0259rin giri\u015f-\u00e7\u0131x\u0131\u015f\u0131nda karantin postlar\u0131 qurulur? &#8211; R\u018fSM\u0130 A\u00c7IQLAMA"},"content":{"rendered":"<p>Sosial \u015f\u0259b\u0259k\u0259l\u0259rd\u0259 Az\u0259rbaycan\u0131n b\u0259zi rayon v\u0259 \u015f\u0259h\u0259rl\u0259rinin giri\u015f-\u00e7\u0131x\u0131\u015f\u0131nda karantin postlar\u0131n\u0131n qurulmas\u0131 bar\u0259d\u0259 m\u0259lumatlar yay\u0131l\u0131b. \u0130ddia olunur ki, Ramazan ay\u0131 boyunca s\u0259rt karantin t\u0259tbiq olunacaq v\u0259 postlar da bu m\u0259qs\u0259dl\u0259 qurulub.<\/p>\n<p><strong>ARANTV.AZ<\/strong>\u00a0 bildirir ki, E-huquq.az m\u0259s\u0259l\u0259y\u0259 ayd\u0131nl\u0131q g\u0259tirm\u0259k \u00fc\u00e7\u00fcn D\u0130N M\u0259tbuat Xidm\u0259tinin K\u00fctl\u0259vi informasiya v\u0259 ictimaiyy\u0259tl\u0259 \u0259laq\u0259l\u0259r \u015f\u00f6b\u0259sinin r\u0259isi, polis mayoru El\u015fad Hac\u0131yevl\u0259 \u0259laq\u0259 saxlay\u0131b. E.Hac\u0131yev e-huquq.az-a a\u00e7\u0131qlamas\u0131nda yay\u0131lan m\u0259lumatlar\u0131n \u0259sass\u0131z oldu\u011funu deyib.<\/p>\n<p>&#8220;Rayon v\u0259 \u015f\u0259h\u0259rl\u0259rin giri\u015f-\u00e7\u0131x\u0131\u015f\u0131nda karantin postlar\u0131 qurulmay\u0131b. Bununla ba\u011fl\u0131 yay\u0131lan m\u0259lumatlar h\u0259qiq\u0259t\u0259 uy\u011fun deyil&#8221;, &#8211; dey\u0259 o bildirib.<\/p>\n","protected":false},"excerpt":{"rendered":"<p>Sosial \u015f\u0259b\u0259k\u0259l\u0259rd\u0259 Az\u0259rbaycan\u0131n b\u0259zi rayon v\u0259 \u015f\u0259h\u0259rl\u0259rinin giri\u015f-\u00e7\u0131x\u0131\u015f\u0131nda karantin postlar\u0131n\u0131n qurulmas\u0131 bar\u0259d\u0259 m\u0259lumatlar yay\u0131l\u0131b. \u0130ddia olunur ki, Ramazan ay\u0131 boyunca s\u0259rt karantin t\u0259tbiq olunacaq v\u0259 postlar da bu m\u0259qs\u0259dl\u0259 qurulub. ARANTV.AZ\u00a0 bildirir ki, E-huquq.az m\u0259s\u0259l\u0259y\u0259 ayd\u0131nl\u0131q g\u0259tirm\u0259k \u00fc\u00e7\u00fcn D\u0130N M\u0259tbuat Xidm\u0259tinin K\u00fctl\u0259vi informasiya v\u0259 ictimaiyy\u0259tl\u0259 \u0259laq\u0259l\u0259r \u015f\u00f6b\u0259sinin r\u0259isi, polis mayoru El\u015fad Hac\u0131yevl\u0259 \u0259laq\u0259 saxlay\u0131b. E.Hac\u0131yev e-huquq.az-a a\u00e7\u0131qlamas\u0131nda yay\u0131lan m\u0259lumatlar\u0131n \u0259sass\u0131z oldu\u011funu deyib. &#8220;Rayon v\u0259 \u015f\u0259h\u0259rl\u0259rin giri\u015f-\u00e7\u0131x\u0131\u015f\u0131nda karantin postlar\u0131 qurulmay\u0131b. Bununla ba\u011fl\u0131 yay\u0131lan m\u0259lumatlar h\u0259qiq\u0259t\u0259 uy\u011fun deyil&#8221;, &#8211; dey\u0259 o bildirib.<\/p>\n","protected":false},"author":2,"featured_media":323453,"comment_status":"closed","ping_status":"closed","sticky":false,"template":"","format":"standard","meta":{"om_disable_all_campaigns":false,"_monsterinsights_skip_tracking":false,"_monsterinsights_sitenote_active":false,"_monsterinsights_sitenote_note":"","_monsterinsights_sitenote_category":0},"categories":[26],"tags":[],"aioseo_notices":[],"gutentor_comment":0,"rttpg_featured_image_url":{"full":["https:\/\/arantv.az\/wp-content\/uploads\/2021\/04\/937023.jpg",800,600,false],"landscape":["https:\/\/arantv.az\/wp-content\/uploads\/2021\/04\/937023.jpg",800,600,false],"portraits":["https:\/\/arantv.az\/wp-content\/uploads\/2021\/04\/937023.jpg",800,600,false],"thumbnail":["https:\/\/arantv.az\/wp-content\/uploads\/2021\/04\/937023-500x280.jpg",500,280,true],"medium":["https:\/\/arantv.az\/wp-content\/uploads\/2021\/04\/937023-487x365.jpg",487,365,true],"large":["https:\/\/arantv.az\/wp-content\/uploads\/2021\/04\/937023.jpg",640,480,false],"1536x1536":["https:\/\/arantv.az\/wp-content\/uploads\/2021\/04\/937023.jpg",800,600,false],"2048x2048":["https:\/\/arantv.az\/wp-content\/uploads\/2021\/04\/937023.jpg",800,600,false],"post-thumbnail":["https:\/\/arantv.az\/wp-content\/uploads\/2021\/04\/937023-240x172.jpg",240,172,true],"advps-thumb-one":["https:\/\/arantv.az\/wp-content\/uploads\/2021\/04\/937023.jpg",800,600,false]},"rttpg_author":{"display_name":"V\u00fcsal Rafiqo\u011flu","author_link":"https:\/\/arantv.az\/?author=2"},"rttpg_comment":0,"rttpg_category":"<a href=\"https:\/\/arantv.az\/?cat=26\" rel=\"category\">Sosial<\/a>","rttpg_excerpt":"Sosial \u015f\u0259b\u0259k\u0259l\u0259rd\u0259 Az\u0259rbaycan\u0131n b\u0259zi rayon v\u0259 \u015f\u0259h\u0259rl\u0259rinin giri\u015f-\u00e7\u0131x\u0131\u015f\u0131nda karantin postlar\u0131n\u0131n qurulmas\u0131 bar\u0259d\u0259 m\u0259lumatlar yay\u0131l\u0131b. \u0130ddia olunur ki, Ramazan ay\u0131 boyunca s\u0259rt karantin t\u0259tbiq olunacaq v\u0259 postlar da bu m\u0259qs\u0259dl\u0259 qurulub. ARANTV.AZ\u00a0 bildirir ki, E-huquq.az m\u0259s\u0259l\u0259y\u0259 ayd\u0131nl\u0131q g\u0259tirm\u0259k \u00fc\u00e7\u00fcn D\u0130N M\u0259tbuat Xidm\u0259tinin K\u00fctl\u0259vi informasiya v\u0259 ictimaiyy\u0259tl\u0259 \u0259laq\u0259l\u0259r \u015f\u00f6b\u0259sinin r\u0259isi, polis mayoru El\u015fad Hac\u0131yevl\u0259 \u0259laq\u0259 saxlay\u0131b. E.Hac\u0131yev&hellip;","_links":{"self":[{"href":"https:\/\/arantv.az\/index.php?rest_route=\/wp\/v2\/posts\/323452"}],"collection":[{"href":"https:\/\/arantv.az\/index.php?rest_route=\/wp\/v2\/posts"}],"about":[{"href":"https:\/\/arantv.az\/index.php?rest_route=\/wp\/v2\/types\/post"}],"author":[{"embeddable":true,"href":"https:\/\/arantv.az\/index.php?rest_route=\/wp\/v2\/users\/2"}],"replies":[{"embeddable":true,"href":"https:\/\/arantv.az\/index.php?rest_route=%2Fwp%2Fv2%2Fcomments&post=323452"}],"version-history":[{"count":0,"href":"https:\/\/arantv.az\/index.php?rest_route=\/wp\/v2\/posts\/323452\/revisions"}],"wp:featuredmedia":[{"embeddable":true,"href":"https:\/\/arantv.az\/index.php?rest_route=\/wp\/v2\/media\/323453"}],"wp:attachment":[{"href":"https:\/\/arantv.az\/index.php?rest_route=%2Fwp%2Fv2%2Fmedia&parent=323452"}],"wp:term":[{"taxonomy":"category","embeddable":true,"href":"https:\/\/arantv.az\/index.php?rest_route=%2Fwp%2Fv2%2Fcategories&post=323452"},{"taxonomy":"post_tag","embeddable":true,"href":"https:\/\/arantv.az\/index.php?rest_route=%2Fwp%2Fv2%2Ftags&post=323452"}],"curies":[{"name":"wp","href":"https:\/\/api.w.org\/{rel}","templated":true}]}}