{"id":325951,"date":"2021-04-15T12:32:54","date_gmt":"2021-04-15T09:32:54","guid":{"rendered":"https:\/\/arantv.az\/?p=325951"},"modified":"2021-04-15T12:32:54","modified_gmt":"2021-04-15T09:32:54","slug":"cavusoglu-rusiya-ukrayna-munasib%c9%99tl%c9%99ri-bar%c9%99d%c9%99-movqeyimiz-aciqdir","status":"publish","type":"post","link":"https:\/\/arantv.az\/?p=325951","title":{"rendered":"\u00c7avu\u015fo\u011flu Rusiya-Ukrayna m\u00fcnasib\u0259tl\u0259ri bar\u0259d\u0259: \u201cM\u00f6vqeyimiz a\u00e7\u0131qd\u0131r\u201d"},"content":{"rendered":"<p>T\u00fcrkiy\u0259 Xarici \u0130\u015fl\u0259r naziri M\u00f6vlud \u00c7avu\u015fo\u011flu Rusiya-Ukrayna \u0259laq\u0259l\u0259rin\u0259 m\u00fcnasib\u0259t bildirib.<\/p>\n<p>Bu bar\u0259d\u0259 NTV-y\u0259 m\u00fcsahib\u0259 ver\u0259n siyas\u0259t\u00e7i bildirib ki, h\u0259m Rusiya, h\u0259m d\u0259 Ukrayna il\u0259 m\u00fcnasib\u0259tl\u0259r yax\u015f\u0131d\u0131r:<\/p>\n<p>\u201cS\u00fclh probleminin h\u0259lli \u00fc\u00e7\u00fcn iki \u00f6lk\u0259y\u0259 d\u0259 t\u0259klifl\u0259rimiz eynidir. T\u00fcrkiy\u0259nin m\u00f6vqeyi b\u0259llidir. Biz m\u00fcnasib\u0259tl\u0259rin yum\u015fald\u0131lmas\u0131ndan yanay\u0131q. \u018fg\u0259r diplomatik add\u0131mlar at\u0131larsa, \u00e7ox m\u0259mnun olar\u0131q\u201d.<\/p>\n<div id=\"AdviadNativeVideo0\" class=\"AdviadNativeVideo\"><\/div>\n<p>\u00c7avu\u015fo\u011flu Rusiya il\u0259 T\u00fcrkiy\u0259 aras\u0131nda ticar\u0259t, enerji,\u00a0investisiya kimi bir \u00e7ox sah\u0259l\u0259rd\u0259 \u0259laq\u0259l\u0259rin oldu\u011funu deyib.<\/p>\n<p>\u201cB\u0259z\u0259n \u0259ks t\u0259r\u0259fl\u0259rd\u0259 oldu\u011fumuz m\u00f6vzularda bel\u0259 ortaq m\u0259xr\u0259c\u0259 g\u0259l\u0259 bilirik\u201d.<\/p>\n<p>O vur\u011fulay\u0131b ki, T\u00fcrkiy\u0259 h\u0259r iki \u00f6lk\u0259y\u0259 m\u00fcnasib\u0259td\u0259 t\u0259r\u0259f tutmur: \u201cM\u00f6vqeyimiz a\u00e7\u0131q, balansl\u0131 v\u0259 konstruktivdir\u201d.<\/p>\n","protected":false},"excerpt":{"rendered":"<p>T\u00fcrkiy\u0259 Xarici \u0130\u015fl\u0259r naziri M\u00f6vlud \u00c7avu\u015fo\u011flu Rusiya-Ukrayna \u0259laq\u0259l\u0259rin\u0259 m\u00fcnasib\u0259t bildirib. Bu bar\u0259d\u0259 NTV-y\u0259 m\u00fcsahib\u0259 ver\u0259n siyas\u0259t\u00e7i bildirib ki, h\u0259m Rusiya, h\u0259m d\u0259 Ukrayna il\u0259 m\u00fcnasib\u0259tl\u0259r yax\u015f\u0131d\u0131r: \u201cS\u00fclh probleminin h\u0259lli \u00fc\u00e7\u00fcn iki \u00f6lk\u0259y\u0259 d\u0259 t\u0259klifl\u0259rimiz eynidir. T\u00fcrkiy\u0259nin m\u00f6vqeyi b\u0259llidir. Biz m\u00fcnasib\u0259tl\u0259rin yum\u015fald\u0131lmas\u0131ndan yanay\u0131q. \u018fg\u0259r diplomatik add\u0131mlar at\u0131larsa, \u00e7ox m\u0259mnun olar\u0131q\u201d. \u00c7avu\u015fo\u011flu Rusiya il\u0259 T\u00fcrkiy\u0259 aras\u0131nda ticar\u0259t, enerji,\u00a0investisiya kimi bir \u00e7ox sah\u0259l\u0259rd\u0259 \u0259laq\u0259l\u0259rin oldu\u011funu deyib. \u201cB\u0259z\u0259n \u0259ks t\u0259r\u0259fl\u0259rd\u0259 oldu\u011fumuz m\u00f6vzularda bel\u0259 ortaq m\u0259xr\u0259c\u0259 g\u0259l\u0259 bilirik\u201d. O vur\u011fulay\u0131b ki, T\u00fcrkiy\u0259 h\u0259r iki \u00f6lk\u0259y\u0259 m\u00fcnasib\u0259td\u0259 t\u0259r\u0259f tutmur: \u201cM\u00f6vqeyimiz a\u00e7\u0131q, balansl\u0131 v\u0259 konstruktivdir\u201d.<\/p>\n","protected":false},"author":2,"featured_media":325952,"comment_status":"closed","ping_status":"closed","sticky":false,"template":"","format":"standard","meta":{"om_disable_all_campaigns":false,"_monsterinsights_skip_tracking":false,"_monsterinsights_sitenote_active":false,"_monsterinsights_sitenote_note":"","_monsterinsights_sitenote_category":0},"categories":[7],"tags":[],"aioseo_notices":[],"gutentor_comment":0,"rttpg_featured_image_url":{"full":["https:\/\/arantv.az\/wp-content\/uploads\/2021\/04\/42801.jpg",620,409,false],"landscape":["https:\/\/arantv.az\/wp-content\/uploads\/2021\/04\/42801.jpg",620,409,false],"portraits":["https:\/\/arantv.az\/wp-content\/uploads\/2021\/04\/42801.jpg",620,409,false],"thumbnail":["https:\/\/arantv.az\/wp-content\/uploads\/2021\/04\/42801-500x280.jpg",500,280,true],"medium":["https:\/\/arantv.az\/wp-content\/uploads\/2021\/04\/42801-553x365.jpg",553,365,true],"large":["https:\/\/arantv.az\/wp-content\/uploads\/2021\/04\/42801.jpg",620,409,false],"1536x1536":["https:\/\/arantv.az\/wp-content\/uploads\/2021\/04\/42801.jpg",620,409,false],"2048x2048":["https:\/\/arantv.az\/wp-content\/uploads\/2021\/04\/42801.jpg",620,409,false],"post-thumbnail":["https:\/\/arantv.az\/wp-content\/uploads\/2021\/04\/42801-240x172.jpg",240,172,true],"advps-thumb-one":["https:\/\/arantv.az\/wp-content\/uploads\/2021\/04\/42801.jpg",620,409,false]},"rttpg_author":{"display_name":"V\u00fcsal Rafiqo\u011flu","author_link":"https:\/\/arantv.az\/?author=2"},"rttpg_comment":0,"rttpg_category":"<a href=\"https:\/\/arantv.az\/?cat=7\" rel=\"category\">D\u00fcnya<\/a>","rttpg_excerpt":"T\u00fcrkiy\u0259 Xarici \u0130\u015fl\u0259r naziri M\u00f6vlud \u00c7avu\u015fo\u011flu Rusiya-Ukrayna \u0259laq\u0259l\u0259rin\u0259 m\u00fcnasib\u0259t bildirib. Bu bar\u0259d\u0259 NTV-y\u0259 m\u00fcsahib\u0259 ver\u0259n siyas\u0259t\u00e7i bildirib ki, h\u0259m Rusiya, h\u0259m d\u0259 Ukrayna il\u0259 m\u00fcnasib\u0259tl\u0259r yax\u015f\u0131d\u0131r: \u201cS\u00fclh probleminin h\u0259lli \u00fc\u00e7\u00fcn iki \u00f6lk\u0259y\u0259 d\u0259 t\u0259klifl\u0259rimiz eynidir. T\u00fcrkiy\u0259nin m\u00f6vqeyi b\u0259llidir. Biz m\u00fcnasib\u0259tl\u0259rin yum\u015fald\u0131lmas\u0131ndan yanay\u0131q. \u018fg\u0259r diplomatik add\u0131mlar at\u0131larsa, \u00e7ox m\u0259mnun olar\u0131q\u201d. \u00c7avu\u015fo\u011flu Rusiya il\u0259 T\u00fcrkiy\u0259 aras\u0131nda ticar\u0259t,&hellip;","_links":{"self":[{"href":"https:\/\/arantv.az\/index.php?rest_route=\/wp\/v2\/posts\/325951"}],"collection":[{"href":"https:\/\/arantv.az\/index.php?rest_route=\/wp\/v2\/posts"}],"about":[{"href":"https:\/\/arantv.az\/index.php?rest_route=\/wp\/v2\/types\/post"}],"author":[{"embeddable":true,"href":"https:\/\/arantv.az\/index.php?rest_route=\/wp\/v2\/users\/2"}],"replies":[{"embeddable":true,"href":"https:\/\/arantv.az\/index.php?rest_route=%2Fwp%2Fv2%2Fcomments&post=325951"}],"version-history":[{"count":0,"href":"https:\/\/arantv.az\/index.php?rest_route=\/wp\/v2\/posts\/325951\/revisions"}],"wp:featuredmedia":[{"embeddable":true,"href":"https:\/\/arantv.az\/index.php?rest_route=\/wp\/v2\/media\/325952"}],"wp:attachment":[{"href":"https:\/\/arantv.az\/index.php?rest_route=%2Fwp%2Fv2%2Fmedia&parent=325951"}],"wp:term":[{"taxonomy":"category","embeddable":true,"href":"https:\/\/arantv.az\/index.php?rest_route=%2Fwp%2Fv2%2Fcategories&post=325951"},{"taxonomy":"post_tag","embeddable":true,"href":"https:\/\/arantv.az\/index.php?rest_route=%2Fwp%2Fv2%2Ftags&post=325951"}],"curies":[{"name":"wp","href":"https:\/\/api.w.org\/{rel}","templated":true}]}}