{"id":325957,"date":"2021-04-15T13:06:40","date_gmt":"2021-04-15T10:06:40","guid":{"rendered":"https:\/\/arantv.az\/?p=325957"},"modified":"2021-04-15T13:06:40","modified_gmt":"2021-04-15T10:06:40","slug":"z%c9%99ng%c9%99zur-d%c9%99hlizi-reallasma-m%c9%99rh%c9%99l%c9%99sind%c9%99-az%c9%99rbaycana-boyuk-iqtisadi-potensial-v%c9%99d-edir-s%c9%99rh","status":"publish","type":"post","link":"https:\/\/arantv.az\/?p=325957","title":{"rendered":"Z\u0259ng\u0259zur d\u0259hlizi realla\u015fma m\u0259rh\u0259l\u0259sind\u0259: Az\u0259rbaycana b\u00f6y\u00fck iqtisadi potensial v\u0259d edir &#8211; \u015e\u018fRH"},"content":{"rendered":"<p>\u201cZ\u0259ng\u0259zur d\u0259hlizi 1,1 trilyon dollardan \u00e7ox nominal \u00fcmumi daxili m\u0259hsulu olan t\u00fcrkdilli \u00f6lk\u0259l\u0259ri iqtisadi bax\u0131mdan birl\u0259\u015fdirm\u0259kl\u0259 yana\u015f\u0131 \u00f6lk\u0259mizin strateji \u0259h\u0259miyy\u0259tini d\u0259 art\u0131racaq\u201d.<\/p>\n<p><strong>ARANTV.AZ<\/strong>-\u0131n m\u0259lumat\u0131na g\u00f6r\u0259, bunu Milli M\u0259clisin \u0130qtisadi siyas\u0259t, s\u0259naye v\u0259 sahibkarl\u0131q komit\u0259sinin \u00fczv\u00fc olan deputat V\u00fcqar Bayramov deyib.<\/p>\n<p>Mill\u0259t v\u0259kili vur\u011fulay\u0131b ki, art\u0131q Prezident \u0130lham \u018fliyev Z\u0259ng\u0259zur d\u0259hlizinin reall\u0131\u011fa \u00e7evrildiyini b\u0259yan edib. D\u0259hlizin kifay\u0259t q\u0259d\u0259r b\u00f6y\u00fck iqtisadi potensiala v\u0259 t\u0259bii resurslara malik oldu\u011funu dey\u0259n V.Bayramov onun regionu birl\u0259\u015fdir\u0259c\u0259yini \u0259lav\u0259 edib:<\/p>\n<p>\u201cZ\u0259ng\u0259zur d\u0259hlizinin istifad\u0259y\u0259 verilm\u0259si eyni zamanda Az\u0259rbaycan\u0131 regionun n\u0259qliyyat qov\u015faqlar\u0131n\u0131n hab\u0131na \u00e7evir\u0259c\u0259k. Az\u0259rbaycan \u015e\u0259rq-Q\u0259rb v\u0259 \u015eimal-C\u0259nub n\u0259qliyyat d\u0259hlizl\u0259rinin formala\u015fmas\u0131nda yax\u0131ndan i\u015ftirak edir, birba\u015fa h\u0259min n\u0259qliyyat d\u0259hlizl\u0259rinin regional hiss\u0259sinin inki\u015faf\u0131na, h\u0259m d\u0259 maliyy\u0259 d\u0259st\u0259yi n\u00fcmayi\u015f etdirir. Bu Nax\u00e7\u0131van\u0131n Az\u0259rbaycan\u0131n \u0259sas \u0259razisi vasit\u0259sil\u0259 h\u0259min n\u0259qliyyat d\u0259hlizl\u0259rin\u0259 \u00e7\u0131x\u0131\u015f\u0131n\u0131 t\u0259min ed\u0259c\u0259k. X\u00fcsus\u0259n d\u0259 \u015e\u0259rq-Q\u0259rb n\u0259qliyyat d\u0259hlizin\u0259 nax\u00e7\u0131vanl\u0131 i\u015f adamlar\u0131n\u0131n \u00e7\u0131x\u0131\u015f\u0131n\u0131n t\u0259mini bax\u0131m\u0131ndan \u0259h\u0259miyy\u0259tli olacaq\u201d.<\/p>\n<p>O qeyd edib ki, d\u0259hliz Az\u0259rbaycan\u0131n \u00f6z eksklav\u0131 olan Nax\u00e7\u0131van Muxtar Respublikas\u0131 v\u0259 T\u00fcrkiy\u0259 il\u0259 \u0259laq\u0259l\u0259ri d\u0259 g\u00fccl\u0259ndir\u0259c\u0259k, \u00f6lk\u0259mizin geoiqtisadi \u0259h\u0259miyy\u0259ti daha da art\u0131racaq v\u0259 \u0259n \u0259sas\u0131, t\u00fcrk d\u00fcnyas\u0131 uzun ill\u0259rd\u0259n sonra yenid\u0259n Z\u0259ng\u0259zur d\u0259hlizi vasit\u0259si il\u0259 birl\u0259\u015f\u0259c\u0259k.<\/p>\n","protected":false},"excerpt":{"rendered":"<p>\u201cZ\u0259ng\u0259zur d\u0259hlizi 1,1 trilyon dollardan \u00e7ox nominal \u00fcmumi daxili m\u0259hsulu olan t\u00fcrkdilli \u00f6lk\u0259l\u0259ri iqtisadi bax\u0131mdan birl\u0259\u015fdirm\u0259kl\u0259 yana\u015f\u0131 \u00f6lk\u0259mizin strateji \u0259h\u0259miyy\u0259tini d\u0259 art\u0131racaq\u201d. ARANTV.AZ-\u0131n m\u0259lumat\u0131na g\u00f6r\u0259, bunu Milli M\u0259clisin \u0130qtisadi siyas\u0259t, s\u0259naye v\u0259 sahibkarl\u0131q komit\u0259sinin \u00fczv\u00fc olan deputat V\u00fcqar Bayramov deyib. Mill\u0259t v\u0259kili vur\u011fulay\u0131b ki, art\u0131q Prezident \u0130lham \u018fliyev Z\u0259ng\u0259zur d\u0259hlizinin reall\u0131\u011fa \u00e7evrildiyini b\u0259yan edib. D\u0259hlizin kifay\u0259t q\u0259d\u0259r b\u00f6y\u00fck iqtisadi potensiala v\u0259 t\u0259bii resurslara malik oldu\u011funu dey\u0259n V.Bayramov onun regionu birl\u0259\u015fdir\u0259c\u0259yini \u0259lav\u0259 edib: \u201cZ\u0259ng\u0259zur d\u0259hlizinin istifad\u0259y\u0259 verilm\u0259si eyni zamanda Az\u0259rbaycan\u0131 regionun n\u0259qliyyat qov\u015faqlar\u0131n\u0131n hab\u0131na \u00e7evir\u0259c\u0259k. Az\u0259rbaycan \u015e\u0259rq-Q\u0259rb v\u0259 \u015eimal-C\u0259nub n\u0259qliyyat d\u0259hlizl\u0259rinin&hellip;<\/p>\n","protected":false},"author":2,"featured_media":325958,"comment_status":"closed","ping_status":"closed","sticky":false,"template":"","format":"standard","meta":{"om_disable_all_campaigns":false,"_monsterinsights_skip_tracking":false,"_monsterinsights_sitenote_active":false,"_monsterinsights_sitenote_note":"","_monsterinsights_sitenote_category":0},"categories":[4],"tags":[],"aioseo_notices":[],"gutentor_comment":0,"rttpg_featured_image_url":{"full":["https:\/\/arantv.az\/wp-content\/uploads\/2021\/04\/gmknglmclcv-1.jpg",620,412,false],"landscape":["https:\/\/arantv.az\/wp-content\/uploads\/2021\/04\/gmknglmclcv-1.jpg",620,412,false],"portraits":["https:\/\/arantv.az\/wp-content\/uploads\/2021\/04\/gmknglmclcv-1.jpg",620,412,false],"thumbnail":["https:\/\/arantv.az\/wp-content\/uploads\/2021\/04\/gmknglmclcv-1-500x280.jpg",500,280,true],"medium":["https:\/\/arantv.az\/wp-content\/uploads\/2021\/04\/gmknglmclcv-1-549x365.jpg",549,365,true],"large":["https:\/\/arantv.az\/wp-content\/uploads\/2021\/04\/gmknglmclcv-1.jpg",620,412,false],"1536x1536":["https:\/\/arantv.az\/wp-content\/uploads\/2021\/04\/gmknglmclcv-1.jpg",620,412,false],"2048x2048":["https:\/\/arantv.az\/wp-content\/uploads\/2021\/04\/gmknglmclcv-1.jpg",620,412,false],"post-thumbnail":["https:\/\/arantv.az\/wp-content\/uploads\/2021\/04\/gmknglmclcv-1-240x172.jpg",240,172,true],"advps-thumb-one":["https:\/\/arantv.az\/wp-content\/uploads\/2021\/04\/gmknglmclcv-1.jpg",620,412,false]},"rttpg_author":{"display_name":"V\u00fcsal Rafiqo\u011flu","author_link":"https:\/\/arantv.az\/?author=2"},"rttpg_comment":0,"rttpg_category":"<a href=\"https:\/\/arantv.az\/?cat=4\" rel=\"category\">Siyas\u0259t<\/a>","rttpg_excerpt":"\u201cZ\u0259ng\u0259zur d\u0259hlizi 1,1 trilyon dollardan \u00e7ox nominal \u00fcmumi daxili m\u0259hsulu olan t\u00fcrkdilli \u00f6lk\u0259l\u0259ri iqtisadi bax\u0131mdan birl\u0259\u015fdirm\u0259kl\u0259 yana\u015f\u0131 \u00f6lk\u0259mizin strateji \u0259h\u0259miyy\u0259tini d\u0259 art\u0131racaq\u201d. ARANTV.AZ-\u0131n m\u0259lumat\u0131na g\u00f6r\u0259, bunu Milli M\u0259clisin \u0130qtisadi siyas\u0259t, s\u0259naye v\u0259 sahibkarl\u0131q komit\u0259sinin \u00fczv\u00fc olan deputat V\u00fcqar Bayramov deyib. Mill\u0259t v\u0259kili vur\u011fulay\u0131b ki, art\u0131q Prezident \u0130lham \u018fliyev Z\u0259ng\u0259zur d\u0259hlizinin reall\u0131\u011fa \u00e7evrildiyini b\u0259yan edib. D\u0259hlizin&hellip;","_links":{"self":[{"href":"https:\/\/arantv.az\/index.php?rest_route=\/wp\/v2\/posts\/325957"}],"collection":[{"href":"https:\/\/arantv.az\/index.php?rest_route=\/wp\/v2\/posts"}],"about":[{"href":"https:\/\/arantv.az\/index.php?rest_route=\/wp\/v2\/types\/post"}],"author":[{"embeddable":true,"href":"https:\/\/arantv.az\/index.php?rest_route=\/wp\/v2\/users\/2"}],"replies":[{"embeddable":true,"href":"https:\/\/arantv.az\/index.php?rest_route=%2Fwp%2Fv2%2Fcomments&post=325957"}],"version-history":[{"count":0,"href":"https:\/\/arantv.az\/index.php?rest_route=\/wp\/v2\/posts\/325957\/revisions"}],"wp:featuredmedia":[{"embeddable":true,"href":"https:\/\/arantv.az\/index.php?rest_route=\/wp\/v2\/media\/325958"}],"wp:attachment":[{"href":"https:\/\/arantv.az\/index.php?rest_route=%2Fwp%2Fv2%2Fmedia&parent=325957"}],"wp:term":[{"taxonomy":"category","embeddable":true,"href":"https:\/\/arantv.az\/index.php?rest_route=%2Fwp%2Fv2%2Fcategories&post=325957"},{"taxonomy":"post_tag","embeddable":true,"href":"https:\/\/arantv.az\/index.php?rest_route=%2Fwp%2Fv2%2Ftags&post=325957"}],"curies":[{"name":"wp","href":"https:\/\/api.w.org\/{rel}","templated":true}]}}