{"id":325966,"date":"2021-04-15T13:12:54","date_gmt":"2021-04-15T10:12:54","guid":{"rendered":"https:\/\/arantv.az\/?p=325966"},"modified":"2021-04-15T13:12:54","modified_gmt":"2021-04-15T10:12:54","slug":"dilq%c9%99m-sahbazi-niy%c9%99-erm%c9%99ni-dostu-adlandirdi-oglu-danisdi","status":"publish","type":"post","link":"https:\/\/arantv.az\/?p=325966","title":{"rendered":"Dilq\u0259m \u015eahbaz\u0131 niy\u0259 \u201cerm\u0259ni dostu\u201d adland\u0131rd\u0131? &#8211; O\u011flu dan\u0131\u015fd\u0131"},"content":{"rendered":"<p>&#8220;Atam Dilq\u0259m \u018fsg\u0259rov K\u0259lb\u0259c\u0259r rayonunu ilk d\u0259f\u0259 i\u015f\u011faldan 5 il sonra, 1998-ci ild\u0259 ziyar\u0259t edib. Daha sonra m\u00fct\u0259madi olaraq f\u0259rqli ill\u0259rd\u0259 d\u0259 ziyar\u0259ti olub. Sonuncu d\u0259f\u0259 8 iyul 2014-c\u00fc ild\u0259 \u015eahbaz Quliyevl\u0259 ged\u0259nd\u0259 \u015eahbaz Quliyev s\u0259hl\u0259nkarl\u0131q edib, qa\u00e7araq erm\u0259ni evin\u0259 girib v\u0259 orada vurularaq erm\u0259ni \u0259sg\u0259rl\u0259ri t\u0259r\u0259find\u0259n girov g\u00f6t\u00fcr\u00fcl\u00fcb&#8221;.<\/p>\n<p><strong>ARANTV.AZ\u00a0<\/strong> x\u0259b\u0259r verir ki, bu s\u00f6zl\u0259ri axar.az-a a\u00e7\u0131qlamas\u0131nda Dilq\u0259m \u018fsg\u0259rovun o\u011flu K\u00fcrdo\u011flu \u018fsg\u0259rov deyib.<\/p>\n<p>O bildirib ki, bundan sonra Erm\u0259nistan ordusu Dilq\u0259m \u018fsg\u0259rov v\u0259 H\u0259s\u0259n H\u0259s\u0259novun axtar\u0131\u015f\u0131na \u00e7\u0131x\u0131b:<\/p>\n<p>&#8220;\u015eahbaz Quliyev tutulan kimi Dilq\u0259m \u018fsg\u0259rovun orada oldu\u011funu erm\u0259nil\u0259r\u0259 bildirib v\u0259 deyib ki, guya, ba\u015f\u00e7\u0131lar\u0131 atamd\u0131r. 11 iyulda at\u0131\u015fma zaman\u0131 H\u0259s\u0259n H\u0259s\u0259nov vurulduqdan sonra 14 iyulda atam tutulub. Tutulduqdan sonra \u015eahbaz Quliyev erm\u0259nil\u0259r\u0259 h\u0259r \u015feyi dan\u0131\u015fd\u0131\u011f\u0131na g\u00f6r\u0259 atam h\u0259bsxanada onunla eyni kamerada qalmaq ist\u0259m\u0259yib. Atam onlar\u0131n \u0259sir d\u00fc\u015fm\u0259yind\u0259 v\u0259 H\u0259s\u0259n H\u0259s\u0259novun \u00f6ld\u00fcr\u00fclm\u0259sind\u0259 g\u00fcnah\u0131 \u015eahbaz Quliyevd\u0259 g\u00f6r\u00fcr. \u015eahbaz Quliyevin ucbat\u0131ndan 7 il qanunsuz i\u015fg\u0259nc\u0259l\u0259r\u0259 m\u0259ruz qal\u0131b&#8221;.<\/p>\n<p>Qeyd ed\u0259k ki, son g\u00fcnl\u0259rd\u0259 Dilq\u0259m \u018fsg\u0259rov v\u0259 \u015eahbaz Quliyev aras\u0131ndak\u0131 m\u00fcbahis\u0259l\u0259r b\u00f6y\u00fcm\u0259kd\u0259 davam edir. Dilq\u0259m \u018fsg\u0259rov\u00a0Moderator.az-\u0131n \u0259m\u0259kda\u015f\u0131n\u0131n H.H\u0259s\u0259novun nec\u0259 \u00f6ld\u00fcr\u00fclm\u0259si il\u0259 ba\u011fl\u0131 sual\u0131na &#8220;Bunu \u015eahbaz Quliyevd\u0259n soru\u015fun&#8221; cavab\u0131n\u0131 verib v\u0259 deyib:&#8221;H\u0259s\u0259nin nec\u0259 \u00f6ld\u00fcr\u00fclm\u0259sini Nikol Pa\u015finyan\u0131n dostu \u015eahbaz Quliyev yax\u015f\u0131 bilir. Bunu ondan soru\u015fun&#8221;.<\/p>\n","protected":false},"excerpt":{"rendered":"<p>&#8220;Atam Dilq\u0259m \u018fsg\u0259rov K\u0259lb\u0259c\u0259r rayonunu ilk d\u0259f\u0259 i\u015f\u011faldan 5 il sonra, 1998-ci ild\u0259 ziyar\u0259t edib. Daha sonra m\u00fct\u0259madi olaraq f\u0259rqli ill\u0259rd\u0259 d\u0259 ziyar\u0259ti olub. Sonuncu d\u0259f\u0259 8 iyul 2014-c\u00fc ild\u0259 \u015eahbaz Quliyevl\u0259 ged\u0259nd\u0259 \u015eahbaz Quliyev s\u0259hl\u0259nkarl\u0131q edib, qa\u00e7araq erm\u0259ni evin\u0259 girib v\u0259 orada vurularaq erm\u0259ni \u0259sg\u0259rl\u0259ri t\u0259r\u0259find\u0259n girov g\u00f6t\u00fcr\u00fcl\u00fcb&#8221;. ARANTV.AZ\u00a0 x\u0259b\u0259r verir ki, bu s\u00f6zl\u0259ri axar.az-a a\u00e7\u0131qlamas\u0131nda Dilq\u0259m \u018fsg\u0259rovun o\u011flu K\u00fcrdo\u011flu \u018fsg\u0259rov deyib. O bildirib ki, bundan sonra Erm\u0259nistan ordusu Dilq\u0259m \u018fsg\u0259rov v\u0259 H\u0259s\u0259n H\u0259s\u0259novun axtar\u0131\u015f\u0131na \u00e7\u0131x\u0131b: &#8220;\u015eahbaz Quliyev tutulan kimi Dilq\u0259m \u018fsg\u0259rovun orada oldu\u011funu erm\u0259nil\u0259r\u0259 bildirib v\u0259 deyib ki,&hellip;<\/p>\n","protected":false},"author":2,"featured_media":325967,"comment_status":"closed","ping_status":"closed","sticky":false,"template":"","format":"standard","meta":{"om_disable_all_campaigns":false,"_monsterinsights_skip_tracking":false,"_monsterinsights_sitenote_active":false,"_monsterinsights_sitenote_note":"","_monsterinsights_sitenote_category":0},"categories":[26],"tags":[],"aioseo_notices":[],"gutentor_comment":0,"rttpg_featured_image_url":{"full":["https:\/\/arantv.az\/wp-content\/uploads\/2021\/04\/939951.jpg",800,600,false],"landscape":["https:\/\/arantv.az\/wp-content\/uploads\/2021\/04\/939951.jpg",800,600,false],"portraits":["https:\/\/arantv.az\/wp-content\/uploads\/2021\/04\/939951.jpg",800,600,false],"thumbnail":["https:\/\/arantv.az\/wp-content\/uploads\/2021\/04\/939951-500x280.jpg",500,280,true],"medium":["https:\/\/arantv.az\/wp-content\/uploads\/2021\/04\/939951-487x365.jpg",487,365,true],"large":["https:\/\/arantv.az\/wp-content\/uploads\/2021\/04\/939951.jpg",640,480,false],"1536x1536":["https:\/\/arantv.az\/wp-content\/uploads\/2021\/04\/939951.jpg",800,600,false],"2048x2048":["https:\/\/arantv.az\/wp-content\/uploads\/2021\/04\/939951.jpg",800,600,false],"post-thumbnail":["https:\/\/arantv.az\/wp-content\/uploads\/2021\/04\/939951-240x172.jpg",240,172,true],"advps-thumb-one":["https:\/\/arantv.az\/wp-content\/uploads\/2021\/04\/939951.jpg",800,600,false]},"rttpg_author":{"display_name":"V\u00fcsal Rafiqo\u011flu","author_link":"https:\/\/arantv.az\/?author=2"},"rttpg_comment":0,"rttpg_category":"<a href=\"https:\/\/arantv.az\/?cat=26\" rel=\"category\">Sosial<\/a>","rttpg_excerpt":"&#8220;Atam Dilq\u0259m \u018fsg\u0259rov K\u0259lb\u0259c\u0259r rayonunu ilk d\u0259f\u0259 i\u015f\u011faldan 5 il sonra, 1998-ci ild\u0259 ziyar\u0259t edib. Daha sonra m\u00fct\u0259madi olaraq f\u0259rqli ill\u0259rd\u0259 d\u0259 ziyar\u0259ti olub. Sonuncu d\u0259f\u0259 8 iyul 2014-c\u00fc ild\u0259 \u015eahbaz Quliyevl\u0259 ged\u0259nd\u0259 \u015eahbaz Quliyev s\u0259hl\u0259nkarl\u0131q edib, qa\u00e7araq erm\u0259ni evin\u0259 girib v\u0259 orada vurularaq erm\u0259ni \u0259sg\u0259rl\u0259ri t\u0259r\u0259find\u0259n girov g\u00f6t\u00fcr\u00fcl\u00fcb&#8221;. ARANTV.AZ\u00a0 x\u0259b\u0259r verir ki, bu s\u00f6zl\u0259ri&hellip;","_links":{"self":[{"href":"https:\/\/arantv.az\/index.php?rest_route=\/wp\/v2\/posts\/325966"}],"collection":[{"href":"https:\/\/arantv.az\/index.php?rest_route=\/wp\/v2\/posts"}],"about":[{"href":"https:\/\/arantv.az\/index.php?rest_route=\/wp\/v2\/types\/post"}],"author":[{"embeddable":true,"href":"https:\/\/arantv.az\/index.php?rest_route=\/wp\/v2\/users\/2"}],"replies":[{"embeddable":true,"href":"https:\/\/arantv.az\/index.php?rest_route=%2Fwp%2Fv2%2Fcomments&post=325966"}],"version-history":[{"count":0,"href":"https:\/\/arantv.az\/index.php?rest_route=\/wp\/v2\/posts\/325966\/revisions"}],"wp:featuredmedia":[{"embeddable":true,"href":"https:\/\/arantv.az\/index.php?rest_route=\/wp\/v2\/media\/325967"}],"wp:attachment":[{"href":"https:\/\/arantv.az\/index.php?rest_route=%2Fwp%2Fv2%2Fmedia&parent=325966"}],"wp:term":[{"taxonomy":"category","embeddable":true,"href":"https:\/\/arantv.az\/index.php?rest_route=%2Fwp%2Fv2%2Fcategories&post=325966"},{"taxonomy":"post_tag","embeddable":true,"href":"https:\/\/arantv.az\/index.php?rest_route=%2Fwp%2Fv2%2Ftags&post=325966"}],"curies":[{"name":"wp","href":"https:\/\/api.w.org\/{rel}","templated":true}]}}