{"id":325969,"date":"2021-04-15T13:15:06","date_gmt":"2021-04-15T10:15:06","guid":{"rendered":"https:\/\/arantv.az\/?p=325969"},"modified":"2021-04-15T13:15:06","modified_gmt":"2021-04-15T10:15:06","slug":"prezidentd%c9%99n-at%c9%99t-in-yuxusunu-qarisdiran-aciqlama","status":"publish","type":"post","link":"https:\/\/arantv.az\/?p=325969","title":{"rendered":"Prezidentd\u0259n AT\u018fT-in yuxusunu qar\u0131\u015fd\u0131ran A\u00c7IQLAMA"},"content":{"rendered":"<p>30 il \u0259rzind\u0259 Erm\u0259nistan-Az\u0259rbaycan Da\u011fl\u0131q Qaraba\u011f m\u00fcnaqi\u015f\u0259sinin h\u0259lli istiqam\u0259tind\u0259 cidd bir t\u0259\u015f\u0259bb\u00fcsl\u0259 \u00e7\u0131x\u0131\u015f etm\u0259y\u0259n AT\u018fT-in Minsk Qrupu\u00a0Az\u0259rbaycan \u00f6z m\u00fcq\u0259dd\u0259rat\u0131n\u0131 h\u0259ll etdikd\u0259n sonra ya\u011f\u0131\u015fdan sonra g\u00f6b\u0259l\u0259k kimi peyda oldu. M\u00fcharib\u0259d\u0259n \u0259vv\u0259l h\u0259rbi \u0259m\u0259liyyatlar\u0131n ba\u015flanma riskinin y\u00fcks\u0259k oldu\u011fu bir vaxtda a\u011f\u0131zlar\u0131na su alan v\u0259 m\u00fcnaqi\u015f\u0259 t\u0259r\u0259fl\u0259ri aras\u0131nda konstruktiv t\u0259klifl\u0259r verm\u0259k \u0259v\u0259zin\u0259 susma\u011f\u0131 v\u0259 hadis\u0259l\u0259r\u0259 seyr\u00e7i qalma\u011f\u0131 \u00fcst\u00fcn tutan Minsk Qrupu m\u00fcharib\u0259d\u0259n sonra Az\u0259rbaycan Prezidentinin h\u0259r a\u00e7\u0131qlamas\u0131na operativ reakisya verm\u0259kl\u0259ri il\u0259 diqq\u0259t \u00e7\u0259kirl\u0259r. Bu d\u0259f\u0259 ADA Universitetind\u0259 ke\u00e7iril\u0259n &#8220;C\u0259nubi Qafqaza yeni bax\u0131\u015f: m\u00fcnaqi\u015f\u0259d\u0259n sonra inki\u015faf v\u0259 \u0259m\u0259kda\u015fl\u0131q&#8221; adl\u0131 konfransdak\u0131 \u00e7\u0131x\u0131\u015f\u0131 zaman\u0131 &#8220;Biz g\u00f6zl\u0259yirik ki, AT\u018fT-in Minsk qrupu regionda dinc h\u0259yat\u0131n daha da nizamlanmas\u0131 \u00fczr\u0259 \u00f6z t\u0259klifl\u0259rini t\u0259qdim ed\u0259c\u0259k. Hesab edir\u0259m el\u0259 sah\u0259l\u0259r var ki, onlar orada m\u00fcnaqi\u015f\u0259d\u0259n sonrak\u0131 v\u0259ziyy\u0259t\u0259 t\u0259sir g\u00f6st\u0259rm\u0259kd\u0259 rol oynaya bil\u0259rl\u0259r. M\u00fcnaqi\u015f\u0259nin h\u0259llin\u0259 k\u00f6m\u0259k ed\u0259n qrup kimi yox, \u00e7\u00fcnki m\u00fcnaqi\u015f\u0259 art\u0131q h\u0259ll olunub.\u00a0\u00dcmidvaram ki, Minsk qrupunun n\u00fcmay\u0259nd\u0259l\u0259ri tezlikl\u0259 Az\u0259rbaycana bir s\u0131ra t\u0259klifl\u0259rl\u0259 g\u0259l\u0259c\u0259kl\u0259r v\u0259 biz bu t\u0259klifl\u0259ri diqq\u0259tl\u0259 \u00f6yr\u0259n\u0259c\u0259yik&#8221; s\u00f6zl\u0259rind\u0259n d\u0259rhal sonra \u00e7\u0131x\u0131b b\u0259yanat verm\u0259si\u00a0Az\u0259rbaycan\u0131n 44 g\u00fcnl\u00fck m\u00fcharib\u0259 il\u0259 da\u015flar\u0131 yerind\u0259n oynatd\u0131\u011f\u0131ndan x\u0259b\u0259r verir.\u00a0Aprelin 13-d\u0259 Prezident \u0130lham \u018fliyevin xarici politoloqlar qar\u015f\u0131s\u0131nda \u00e7\u0131x\u0131\u015f\u0131 zaman\u0131 AT\u018fT-in Minsk Qrupu haqq\u0131nda dediyi fikirl\u0259rd\u0259n bir ne\u00e7\u0259 saat sonra h\u0259ms\u0259drl\u0259rin q\u0131\u015f yuxusundan ay\u0131lmas\u0131n\u0131n v\u0259 Qaraba\u011fla ba\u011fl\u0131 b\u0259yanat verm\u0259sinin \u015fahidi olduq. Bu, b\u0259yanatdan \u00e7ox yalvar\u0131\u015fa da b\u0259nz\u0259yir.<\/p>\n<p>Son 5 ay \u0259rzind\u0259 c\u0259r\u0259yan ed\u0259n hadis\u0259l\u0259r g\u00f6st\u0259rir ki, Az\u0259rbaycan\u0131n\u00a0m\u00fcharib\u0259nin ba\u015fland\u0131\u011f\u0131 ilk g\u00fcnd\u0259n beyn\u0259lxalq h\u00fcquqa v\u0259 onlar\u0131n \u00f6zl\u0259rinin q\u0259bul etdikl\u0259ri BMT Q\u0259tnam\u0259l\u0259rin\u0259 istinad\u0131 v\u0259 Ordumuzun u\u011furlar\u0131 Minsk Qrupunun da &#8220;s\u0259yah\u0259t&#8221; planlar\u0131n\u0131 da alt-\u00fcst edib. El\u0259 bunun n\u0259tic\u0259sidir ki, Erm\u0259nistan\u0131n kapitulyasiyas\u0131 akt\u0131ndan sonra Az\u0259rbaycan d\u00f6vl\u0259t ba\u015f\u00e7\u0131s\u0131n\u0131n Minsk Qrupu il\u0259 ba\u011fl\u0131 h\u0259r a\u00e7\u0131qlamas\u0131 h\u0259ms\u0259drl\u0259ri s\u0259ks\u0259k\u0259y\u0259 sal\u0131r.\u00a0Lakin Az\u0259rbaycan yax\u015f\u0131 xat\u0131rlay\u0131r ki, m\u00fcharib\u0259nin getdiyi bir vaxtda el\u0259 h\u0259min 3 d\u00f6vl\u0259t (AB\u015e, Rusiya, Fransa) t\u0259r\u0259find\u0259n BMT T\u015e-da beyn\u0259lxalq h\u00fcququn prinsipl\u0259rin\u0259 uy\u011fun olmayan add\u0131mlar\u0131n at\u0131lmas\u0131na c\u0259hdl\u0259r edilmi\u015fdi.<\/p>\n<p>D\u00fcn\u0259n AT\u018fT-in Minsk Qrupu h\u0259ms\u0259drl\u0259rinin yayd\u0131\u011f\u0131 b\u0259yanat\u0131 da m\u00fcharib\u0259y\u0259 q\u0259d\u0259r oldu\u011fu kimi t\u0259r\u0259fl\u0259r aras\u0131nda obyektivliyi g\u00fcdm\u0259y\u0259n v\u0259 postm\u00fcharib\u0259 reall\u0131qlar\u0131n\u0131 n\u0259z\u0259r\u0259 almayan yersiz b\u0259yanat kimi qiym\u0259tl\u0259ndirm\u0259k olar.<\/p>\n<p>2 g\u00fcn \u00f6nc\u0259 Prezident \u0130lham \u018fliyevin konfransda s\u0259sl\u0259ndirdiyi fikirl\u0259rd\u0259n d\u0259rhal sonra s\u00f6z\u00fcged\u0259n Qrupun h\u0259ms\u0259drl\u0259ri yayd\u0131qlar\u0131 b\u0259yanat\u0131n \u0259sas qay\u0259si t\u0259bii ki, m\u00fcnaqi\u015f\u0259 il\u0259 ba\u011fl\u0131 yenid\u0259n dan\u0131\u015f\u0131qlar apar\u0131lmal\u0131 olmas\u0131 t\u0259klifind\u0259n ba\u015fqa bir \u015fey deyil. Ancaq hans\u0131 m\u00fcnaqi\u015f\u0259d\u0259n s\u00f6hb\u0259t gedir? Az\u0259rbaycan Prezidenti 10 noyabr b\u0259yanat\u0131n\u0131n imzaland\u0131\u011f\u0131 g\u00fcnd\u0259n b\u0259ri az qala h\u0259r \u00e7\u0131x\u0131\u015f\u0131nda Da\u011fl\u0131q Qaraba\u011f m\u00fcnaqi\u015f\u0259sinin sona \u00e7atd\u0131\u011f\u0131n\u0131 Erm\u0259nistana v\u0259 onun havadarlar\u0131na xat\u0131rlad\u0131r. 44 g\u00fcn\u0259 Az\u0259rbaycan Ordusunun son qoydu\u011fu Erm\u0259nistan\u0131n i\u015f\u011fal\u00e7\u0131l\u0131q siyas\u0259tin\u0259 son qoymas\u0131, &#8220;m\u00fcnaqi\u015f\u0259&#8221; termininin\u00a0art\u0131q tarix\u0259 qovu\u015fdu\u011funu niy\u0259 q\u0259bul etm\u0259k ist\u0259m\u0259dikl\u0259ri is\u0259 he\u00e7 kim\u0259 sirr deyil. Bundan bir g\u00fcn sonra &#8211; Aprelin 14-d\u0259\u00a0Prezident \u0130lham \u018fliyevin\u00a0Aleksandr Luka\u015fenko il\u0259 g\u00f6r\u00fc\u015fd\u0259n sonra m\u0259tbuata a\u00e7\u0131qlamas\u0131nda dediyi &#8220;Minsk qrupunun n\u0259 il\u0259 m\u0259\u015f\u011ful olaca\u011f\u0131 biz\u0259 h\u0259l\u0259 m\u0259lum deyil&#8221; fikirl\u0259ri is\u0259 i\u015f\u011fala \u00f6z\u00fc son qoyan r\u0259smi Bak\u0131n\u0131n ba\u015f\u0131n\u0131n daha vacib i\u015fl\u0259r\u0259 qar\u0131\u015fd\u0131\u011f\u0131 mesaj\u0131 ola bil\u0259r.<\/p>\n<p>H\u0259ms\u0259drl\u0259r b\u0259yanatlar\u0131nda meyitl\u0259rin qaytar\u0131lmas\u0131 il\u0259 ba\u011fl\u0131 \u0259ld\u0259 olunan m\u00fch\u00fcm nailiyy\u0259tl\u0259ri v\u0259 m\u00fcnaqi\u015f\u0259 n\u0259tic\u0259sind\u0259 k\u00f6\u00e7k\u00fcn d\u00fc\u015f\u0259nl\u0259rin yenid\u0259n m\u0259skunla\u015fmas\u0131, humanitar yard\u0131m\u0131n g\u00f6st\u0259rilm\u0259si v\u0259 adekvat ya\u015fay\u0131\u015f \u015f\u0259raiti, habel\u0259 b\u00f6lg\u0259d\u0259 n\u0259qliyyat v\u0259 rabit\u0259 x\u0259tl\u0259rinin blokdan \u00e7\u0131xar\u0131lmas\u0131na y\u00f6n\u0259lmi\u015f konstruktiv m\u00fczakir\u0259l\u0259rl\u0259 ba\u011fl\u0131 davam ed\u0259n ir\u0259lil\u0259yi\u015fl\u0259ri alq\u0131\u015flasalar da<br \/>\nminalanm\u0131\u015f \u0259razil\u0259rl\u0259 ba\u011fl\u0131 canf\u0259\u015fanl\u0131qlar\u0131 \u00e7ox da m\u00fc\u015fahid\u0259 edilmir.<\/p>\n<p>S\u00f6z\u00fcged\u0259n t\u0259\u015fkilat anlamal\u0131d\u0131r ki, 30 il \u0259rzind\u0259 d\u00fcnyan\u0131n ist\u0259nil\u0259n n\u00f6qt\u0259sind\u0259ki m\u00fcnaqi\u015f\u0259y\u0259, o c\u00fcml\u0259d\u0259n Erm\u0259nistana t\u0259sir al\u0259tl\u0259ri olan d\u00f6vl\u0259tl\u0259rin i\u015f\u011fal\u00e7\u0131 il\u0259 i\u015f\u011fala m\u0259ruz qalan aras\u0131nda balansl\u0131 siyas\u0259ti bundan sonra da davam ed\u0259c\u0259k. Lakin d\u0259yi\u015f\u0259n reall\u0131q var. Az\u0259rbaycan v\u0259 Erm\u0259nistan aras\u0131ndak\u0131 regiondak\u0131 yeni geosiyasi prosesl\u0259r Minsk qrupunun i\u015ftirak\u0131 olmadan h\u0259yata ke\u00e7irilir. Minsk Qrupu bu v\u0259ziyy\u0259td\u0259n narahatd\u0131rsa papa\u011f\u0131n\u0131 yenid\u0259n qaba\u011f\u0131na qoyub \u0259dal\u0259tli d\u00fc\u015f\u00fcnc\u0259y\u0259 yer ay\u0131rmal\u0131d\u0131r, \u0259g\u0259r bacarsa&#8230;<\/p>\n","protected":false},"excerpt":{"rendered":"<p>30 il \u0259rzind\u0259 Erm\u0259nistan-Az\u0259rbaycan Da\u011fl\u0131q Qaraba\u011f m\u00fcnaqi\u015f\u0259sinin h\u0259lli istiqam\u0259tind\u0259 cidd bir t\u0259\u015f\u0259bb\u00fcsl\u0259 \u00e7\u0131x\u0131\u015f etm\u0259y\u0259n AT\u018fT-in Minsk Qrupu\u00a0Az\u0259rbaycan \u00f6z m\u00fcq\u0259dd\u0259rat\u0131n\u0131 h\u0259ll etdikd\u0259n sonra ya\u011f\u0131\u015fdan sonra g\u00f6b\u0259l\u0259k kimi peyda oldu. M\u00fcharib\u0259d\u0259n \u0259vv\u0259l h\u0259rbi \u0259m\u0259liyyatlar\u0131n ba\u015flanma riskinin y\u00fcks\u0259k oldu\u011fu bir vaxtda a\u011f\u0131zlar\u0131na su alan v\u0259 m\u00fcnaqi\u015f\u0259 t\u0259r\u0259fl\u0259ri aras\u0131nda konstruktiv t\u0259klifl\u0259r verm\u0259k \u0259v\u0259zin\u0259 susma\u011f\u0131 v\u0259 hadis\u0259l\u0259r\u0259 seyr\u00e7i qalma\u011f\u0131 \u00fcst\u00fcn tutan Minsk Qrupu m\u00fcharib\u0259d\u0259n sonra Az\u0259rbaycan Prezidentinin h\u0259r a\u00e7\u0131qlamas\u0131na operativ reakisya verm\u0259kl\u0259ri il\u0259 diqq\u0259t \u00e7\u0259kirl\u0259r. Bu d\u0259f\u0259 ADA Universitetind\u0259 ke\u00e7iril\u0259n &#8220;C\u0259nubi Qafqaza yeni bax\u0131\u015f: m\u00fcnaqi\u015f\u0259d\u0259n sonra inki\u015faf v\u0259 \u0259m\u0259kda\u015fl\u0131q&#8221; adl\u0131 konfransdak\u0131 \u00e7\u0131x\u0131\u015f\u0131 zaman\u0131 &#8220;Biz g\u00f6zl\u0259yirik&hellip;<\/p>\n","protected":false},"author":2,"featured_media":325970,"comment_status":"closed","ping_status":"closed","sticky":false,"template":"","format":"standard","meta":{"om_disable_all_campaigns":false,"_monsterinsights_skip_tracking":false,"_monsterinsights_sitenote_active":false,"_monsterinsights_sitenote_note":"","_monsterinsights_sitenote_category":0},"categories":[4],"tags":[],"aioseo_notices":[],"gutentor_comment":0,"rttpg_featured_image_url":{"full":["https:\/\/arantv.az\/wp-content\/uploads\/2021\/04\/940003.jpg",800,600,false],"landscape":["https:\/\/arantv.az\/wp-content\/uploads\/2021\/04\/940003.jpg",800,600,false],"portraits":["https:\/\/arantv.az\/wp-content\/uploads\/2021\/04\/940003.jpg",800,600,false],"thumbnail":["https:\/\/arantv.az\/wp-content\/uploads\/2021\/04\/940003-500x280.jpg",500,280,true],"medium":["https:\/\/arantv.az\/wp-content\/uploads\/2021\/04\/940003-487x365.jpg",487,365,true],"large":["https:\/\/arantv.az\/wp-content\/uploads\/2021\/04\/940003.jpg",640,480,false],"1536x1536":["https:\/\/arantv.az\/wp-content\/uploads\/2021\/04\/940003.jpg",800,600,false],"2048x2048":["https:\/\/arantv.az\/wp-content\/uploads\/2021\/04\/940003.jpg",800,600,false],"post-thumbnail":["https:\/\/arantv.az\/wp-content\/uploads\/2021\/04\/940003-240x172.jpg",240,172,true],"advps-thumb-one":["https:\/\/arantv.az\/wp-content\/uploads\/2021\/04\/940003.jpg",800,600,false]},"rttpg_author":{"display_name":"V\u00fcsal Rafiqo\u011flu","author_link":"https:\/\/arantv.az\/?author=2"},"rttpg_comment":0,"rttpg_category":"<a href=\"https:\/\/arantv.az\/?cat=4\" rel=\"category\">Siyas\u0259t<\/a>","rttpg_excerpt":"30 il \u0259rzind\u0259 Erm\u0259nistan-Az\u0259rbaycan Da\u011fl\u0131q Qaraba\u011f m\u00fcnaqi\u015f\u0259sinin h\u0259lli istiqam\u0259tind\u0259 cidd bir t\u0259\u015f\u0259bb\u00fcsl\u0259 \u00e7\u0131x\u0131\u015f etm\u0259y\u0259n AT\u018fT-in Minsk Qrupu\u00a0Az\u0259rbaycan \u00f6z m\u00fcq\u0259dd\u0259rat\u0131n\u0131 h\u0259ll etdikd\u0259n sonra ya\u011f\u0131\u015fdan sonra g\u00f6b\u0259l\u0259k kimi peyda oldu. M\u00fcharib\u0259d\u0259n \u0259vv\u0259l h\u0259rbi \u0259m\u0259liyyatlar\u0131n ba\u015flanma riskinin y\u00fcks\u0259k oldu\u011fu bir vaxtda a\u011f\u0131zlar\u0131na su alan v\u0259 m\u00fcnaqi\u015f\u0259 t\u0259r\u0259fl\u0259ri aras\u0131nda konstruktiv t\u0259klifl\u0259r verm\u0259k \u0259v\u0259zin\u0259 susma\u011f\u0131 v\u0259 hadis\u0259l\u0259r\u0259 seyr\u00e7i qalma\u011f\u0131 \u00fcst\u00fcn&hellip;","_links":{"self":[{"href":"https:\/\/arantv.az\/index.php?rest_route=\/wp\/v2\/posts\/325969"}],"collection":[{"href":"https:\/\/arantv.az\/index.php?rest_route=\/wp\/v2\/posts"}],"about":[{"href":"https:\/\/arantv.az\/index.php?rest_route=\/wp\/v2\/types\/post"}],"author":[{"embeddable":true,"href":"https:\/\/arantv.az\/index.php?rest_route=\/wp\/v2\/users\/2"}],"replies":[{"embeddable":true,"href":"https:\/\/arantv.az\/index.php?rest_route=%2Fwp%2Fv2%2Fcomments&post=325969"}],"version-history":[{"count":0,"href":"https:\/\/arantv.az\/index.php?rest_route=\/wp\/v2\/posts\/325969\/revisions"}],"wp:featuredmedia":[{"embeddable":true,"href":"https:\/\/arantv.az\/index.php?rest_route=\/wp\/v2\/media\/325970"}],"wp:attachment":[{"href":"https:\/\/arantv.az\/index.php?rest_route=%2Fwp%2Fv2%2Fmedia&parent=325969"}],"wp:term":[{"taxonomy":"category","embeddable":true,"href":"https:\/\/arantv.az\/index.php?rest_route=%2Fwp%2Fv2%2Fcategories&post=325969"},{"taxonomy":"post_tag","embeddable":true,"href":"https:\/\/arantv.az\/index.php?rest_route=%2Fwp%2Fv2%2Ftags&post=325969"}],"curies":[{"name":"wp","href":"https:\/\/api.w.org\/{rel}","templated":true}]}}