{"id":325978,"date":"2021-04-15T13:32:49","date_gmt":"2021-04-15T10:32:49","guid":{"rendered":"https:\/\/arantv.az\/?p=325978"},"modified":"2021-04-15T13:32:49","modified_gmt":"2021-04-15T10:32:49","slug":"ramiz-mehdiyevi-m%c9%99hk%c9%99m%c9%99y%c9%99-ver%c9%99n-direktor-isin%c9%99-qayitdi-aciqlama","status":"publish","type":"post","link":"https:\/\/arantv.az\/?p=325978","title":{"rendered":"Ramiz Mehdiyevi m\u0259hk\u0259m\u0259y\u0259 ver\u0259n direktor i\u015fin\u0259 qay\u0131td\u0131 &#8211; A\u00c7IQLAMA"},"content":{"rendered":"<p>Az\u0259rbaycan Milli Elml\u0259r Akademiyas\u0131n\u0131n R\u0259yas\u0259t Hey\u0259tinin iclas\u0131nda bir m\u00fcdd\u0259t \u0259vv\u0259l tutdu\u011fu v\u0259zif\u0259d\u0259n azad edilmi\u015f Torpaq\u015f\u00fcnasl\u0131q v\u0259 Aqrokimya \u0130nstitutunun direktoru \u018fl\u00f6vs\u0259t Quliyev v\u0259zif\u0259sin\u0259 b\u0259rpa olunub. Bu bar\u0259d\u0259 \u018fl\u00f6vs\u0259t Quliyev \u00f6z sosial \u015f\u0259b\u0259k\u0259 hesab\u0131nda m\u0259lumat verib:<\/p>\n<p>\u201cBu g\u00fcn R\u0259yas\u0259t Hey\u0259tinin iclas\u0131nda m\u0259ni \u00f6z v\u0259zif\u0259m\u0259 qaytarma\u011fa s\u0259s verdil\u0259r. R\u0259yas\u0259t Hey\u0259tinin \u00fczvl\u0259rin\u0259 t\u0259\u015f\u0259kk\u00fcr edir\u0259m. Qoy h\u0259r yerd\u0259 \u0259dal\u0259t z\u0259f\u0259r \u00e7als\u0131n\u201d.<\/p>\n<div id=\"AdviadNativeVideo0\" class=\"AdviadNativeVideo\"><\/div>\n<p>Torpaq\u015f\u00fcnasl\u0131q v\u0259 Aqrokimya \u0130nstitutunun\u00a0\u00dcmumi i\u015fl\u0259r \u00fczr\u0259 direktor m\u00fcavini M\u00fcrs\u0259l M\u0259mm\u0259dov Unikal.org-a a\u00e7\u0131qlamas\u0131nda bildirib ki, \u0130nstitutun yeni direktoru Q\u0259rib M\u0259mm\u0259dov haz\u0131rda i\u015fd\u0259dir. \u0130nstituta \u018fl\u00f6vs\u0259t Quliyevin b\u0259rpa olunmas\u0131 il\u0259 ba\u011fl\u0131 r\u0259smi m\u0259lumat g\u00f6nd\u0259rilm\u0259yib.<\/p>\n<p>Qeyd ed\u0259k ki, mart\u0131n 16-da S\u0259bail Rayon M\u0259hk\u0259m\u0259sind\u0259 AMEA-n\u0131n m\u00fcxbir \u00fczv\u00fc, Torpaq\u015f\u00fcnasl\u0131q v\u0259 Aqrokimya \u0130nstitutunun sabiq direktoru \u018fl\u00f6vs\u0259t Quliyevin \u015fikay\u0259tin\u0259 bax\u0131lm\u0131\u015fd\u0131. Hakim M\u0259din\u0259 Ba\u011f\u0131rovan\u0131n s\u0259drliyi il\u0259 ke\u00e7iril\u0259n m\u0259hk\u0259m\u0259 \u018fl\u00f6vs\u0259t Quliyevin i\u015fd\u0259n azad edilm\u0259sinin qanuni \u0259sas\u0131n\u0131n olmad\u0131\u011f\u0131na v\u0259 onun yenid\u0259n Torpaq\u015f\u00fcnasl\u0131q v\u0259 Aqrokimya \u0130nstitutunun direktoru v\u0259zif\u0259sin\u0259 b\u0259rpas\u0131na q\u0259rar vermi\u015fdi.<\/p>\n","protected":false},"excerpt":{"rendered":"<p>Az\u0259rbaycan Milli Elml\u0259r Akademiyas\u0131n\u0131n R\u0259yas\u0259t Hey\u0259tinin iclas\u0131nda bir m\u00fcdd\u0259t \u0259vv\u0259l tutdu\u011fu v\u0259zif\u0259d\u0259n azad edilmi\u015f Torpaq\u015f\u00fcnasl\u0131q v\u0259 Aqrokimya \u0130nstitutunun direktoru \u018fl\u00f6vs\u0259t Quliyev v\u0259zif\u0259sin\u0259 b\u0259rpa olunub. Bu bar\u0259d\u0259 \u018fl\u00f6vs\u0259t Quliyev \u00f6z sosial \u015f\u0259b\u0259k\u0259 hesab\u0131nda m\u0259lumat verib: \u201cBu g\u00fcn R\u0259yas\u0259t Hey\u0259tinin iclas\u0131nda m\u0259ni \u00f6z v\u0259zif\u0259m\u0259 qaytarma\u011fa s\u0259s verdil\u0259r. R\u0259yas\u0259t Hey\u0259tinin \u00fczvl\u0259rin\u0259 t\u0259\u015f\u0259kk\u00fcr edir\u0259m. Qoy h\u0259r yerd\u0259 \u0259dal\u0259t z\u0259f\u0259r \u00e7als\u0131n\u201d. Torpaq\u015f\u00fcnasl\u0131q v\u0259 Aqrokimya \u0130nstitutunun\u00a0\u00dcmumi i\u015fl\u0259r \u00fczr\u0259 direktor m\u00fcavini M\u00fcrs\u0259l M\u0259mm\u0259dov Unikal.org-a a\u00e7\u0131qlamas\u0131nda bildirib ki, \u0130nstitutun yeni direktoru Q\u0259rib M\u0259mm\u0259dov haz\u0131rda i\u015fd\u0259dir. \u0130nstituta \u018fl\u00f6vs\u0259t Quliyevin b\u0259rpa olunmas\u0131 il\u0259 ba\u011fl\u0131 r\u0259smi m\u0259lumat g\u00f6nd\u0259rilm\u0259yib. Qeyd ed\u0259k ki,&hellip;<\/p>\n","protected":false},"author":2,"featured_media":325979,"comment_status":"closed","ping_status":"closed","sticky":false,"template":"","format":"standard","meta":{"om_disable_all_campaigns":false,"_monsterinsights_skip_tracking":false,"_monsterinsights_sitenote_active":false,"_monsterinsights_sitenote_note":"","_monsterinsights_sitenote_category":0},"categories":[26],"tags":[],"aioseo_notices":[],"gutentor_comment":0,"rttpg_featured_image_url":{"full":["https:\/\/arantv.az\/wp-content\/uploads\/2021\/04\/iz.jpg",620,440,false],"landscape":["https:\/\/arantv.az\/wp-content\/uploads\/2021\/04\/iz.jpg",620,440,false],"portraits":["https:\/\/arantv.az\/wp-content\/uploads\/2021\/04\/iz.jpg",620,440,false],"thumbnail":["https:\/\/arantv.az\/wp-content\/uploads\/2021\/04\/iz-500x280.jpg",500,280,true],"medium":["https:\/\/arantv.az\/wp-content\/uploads\/2021\/04\/iz-514x365.jpg",514,365,true],"large":["https:\/\/arantv.az\/wp-content\/uploads\/2021\/04\/iz.jpg",620,440,false],"1536x1536":["https:\/\/arantv.az\/wp-content\/uploads\/2021\/04\/iz.jpg",620,440,false],"2048x2048":["https:\/\/arantv.az\/wp-content\/uploads\/2021\/04\/iz.jpg",620,440,false],"post-thumbnail":["https:\/\/arantv.az\/wp-content\/uploads\/2021\/04\/iz-240x172.jpg",240,172,true],"advps-thumb-one":["https:\/\/arantv.az\/wp-content\/uploads\/2021\/04\/iz.jpg",620,440,false]},"rttpg_author":{"display_name":"V\u00fcsal Rafiqo\u011flu","author_link":"https:\/\/arantv.az\/?author=2"},"rttpg_comment":0,"rttpg_category":"<a href=\"https:\/\/arantv.az\/?cat=26\" rel=\"category\">Sosial<\/a>","rttpg_excerpt":"Az\u0259rbaycan Milli Elml\u0259r Akademiyas\u0131n\u0131n R\u0259yas\u0259t Hey\u0259tinin iclas\u0131nda bir m\u00fcdd\u0259t \u0259vv\u0259l tutdu\u011fu v\u0259zif\u0259d\u0259n azad edilmi\u015f Torpaq\u015f\u00fcnasl\u0131q v\u0259 Aqrokimya \u0130nstitutunun direktoru \u018fl\u00f6vs\u0259t Quliyev v\u0259zif\u0259sin\u0259 b\u0259rpa olunub. Bu bar\u0259d\u0259 \u018fl\u00f6vs\u0259t Quliyev \u00f6z sosial \u015f\u0259b\u0259k\u0259 hesab\u0131nda m\u0259lumat verib: \u201cBu g\u00fcn R\u0259yas\u0259t Hey\u0259tinin iclas\u0131nda m\u0259ni \u00f6z v\u0259zif\u0259m\u0259 qaytarma\u011fa s\u0259s verdil\u0259r. R\u0259yas\u0259t Hey\u0259tinin \u00fczvl\u0259rin\u0259 t\u0259\u015f\u0259kk\u00fcr edir\u0259m. Qoy h\u0259r yerd\u0259 \u0259dal\u0259t z\u0259f\u0259r&hellip;","_links":{"self":[{"href":"https:\/\/arantv.az\/index.php?rest_route=\/wp\/v2\/posts\/325978"}],"collection":[{"href":"https:\/\/arantv.az\/index.php?rest_route=\/wp\/v2\/posts"}],"about":[{"href":"https:\/\/arantv.az\/index.php?rest_route=\/wp\/v2\/types\/post"}],"author":[{"embeddable":true,"href":"https:\/\/arantv.az\/index.php?rest_route=\/wp\/v2\/users\/2"}],"replies":[{"embeddable":true,"href":"https:\/\/arantv.az\/index.php?rest_route=%2Fwp%2Fv2%2Fcomments&post=325978"}],"version-history":[{"count":0,"href":"https:\/\/arantv.az\/index.php?rest_route=\/wp\/v2\/posts\/325978\/revisions"}],"wp:featuredmedia":[{"embeddable":true,"href":"https:\/\/arantv.az\/index.php?rest_route=\/wp\/v2\/media\/325979"}],"wp:attachment":[{"href":"https:\/\/arantv.az\/index.php?rest_route=%2Fwp%2Fv2%2Fmedia&parent=325978"}],"wp:term":[{"taxonomy":"category","embeddable":true,"href":"https:\/\/arantv.az\/index.php?rest_route=%2Fwp%2Fv2%2Fcategories&post=325978"},{"taxonomy":"post_tag","embeddable":true,"href":"https:\/\/arantv.az\/index.php?rest_route=%2Fwp%2Fv2%2Ftags&post=325978"}],"curies":[{"name":"wp","href":"https:\/\/api.w.org\/{rel}","templated":true}]}}