{"id":325981,"date":"2021-04-15T13:33:17","date_gmt":"2021-04-15T10:33:17","guid":{"rendered":"https:\/\/arantv.az\/?p=325981"},"modified":"2021-04-15T13:33:17","modified_gmt":"2021-04-15T10:33:17","slug":"cavusoglu-qara-d%c9%99nizd%c9%99-sulhun-olmasini-ist%c9%99yirik","status":"publish","type":"post","link":"https:\/\/arantv.az\/?p=325981","title":{"rendered":"\u00c7avu\u015fo\u011flu: \u201cQara d\u0259nizd\u0259 s\u00fclh\u00fcn olmas\u0131n\u0131 ist\u0259yirik\u201d"},"content":{"rendered":"<p>T\u00fcrkiy\u0259 Xarici \u0130\u015fl\u0259r naziri M\u00f6vlud \u00c7avu\u015fo\u011flu Qara d\u0259nizd\u0259 ba\u015f ver\u0259n siyasi hadis\u0259l\u0259rl\u0259 ba\u011fl\u0131 dan\u0131\u015f\u0131b.<\/p>\n<p>Bu bar\u0259d\u0259 NTV-y\u0259 m\u00fcsahib\u0259 ver\u0259n t\u00fcrkiy\u0259li nazir qeyd edib ki, T\u00fcrkiy\u0259 s\u00fclh t\u0259r\u0259fdar\u0131d\u0131r, amma haz\u0131rk\u0131\u00a0Ukrayna-Rusiya g\u0259rginliyi buna mane olur:<\/p>\n<p>\u201c\u018flb\u0259tt\u0259 ki, Qara d\u0259nizin s\u00fclh d\u0259nizi olmas\u0131n\u0131 ist\u0259yirik. B\u00fct\u00fcn sahilyan\u0131 \u00f6lk\u0259l\u0259rinin bir araya g\u0259l\u0259r\u0259k d\u0259niz yurisdiksiyalar\u0131n\u0131 t\u0259yin etm\u0259l\u0259ri \u00fc\u00e7\u00fcn fikir birliyi var. \u0130st\u0259dikl\u0259ri t\u0259qdird\u0259 Qara d\u0259nizi s\u00fclh d\u0259nizin\u0259 \u00e7evirm\u0259k olar\u201d.<\/p>\n<div id=\"AdviadNativeVideo0\" class=\"AdviadNativeVideo\"><\/div>\n<p>Biz \u201cMonte\u201d raz\u0131la\u015fmas\u0131n\u0131 tam d\u0259qiqliyi il\u0259\u00a0h\u0259yata ke\u00e7iririk. N\u0259 Rusiya, n\u0259 d\u0259 ba\u015fqalar\u0131 bununla ba\u011fl\u0131 narahat olmamal\u0131d\u0131r\u201d.<\/p>\n<p>\u00c7avu\u015fo\u011flunun s\u00f6zl\u0259rin\u0259 g\u00f6r\u0259, AB\u015e g\u0259mil\u0259ri bu g\u00fcn bo\u011fazdan ke\u00e7m\u0259zs\u0259, 15 g\u00fcnl\u00fck bildiri\u015f d\u00f6vr\u00fc yenid\u0259n ba\u015flay\u0131r:<\/p>\n<p>\u201cSahili olmayan \u00f6lk\u0259l\u0259ri 15 g\u00fcn \u0259vv\u0259l x\u0259b\u0259rdar etm\u0259k laz\u0131md\u0131r. AB\u015e biz\u0259 d\u00fcn\u0259n \u015fifahi olaraq izah etdi ki, ke\u00e7idl\u0259ri l\u0259\u011fv edib. Lakin, h\u0259l\u0259 yaz\u0131l\u0131 qeyd almam\u0131\u015f\u0131q\u201d.<\/p>\n","protected":false},"excerpt":{"rendered":"<p>T\u00fcrkiy\u0259 Xarici \u0130\u015fl\u0259r naziri M\u00f6vlud \u00c7avu\u015fo\u011flu Qara d\u0259nizd\u0259 ba\u015f ver\u0259n siyasi hadis\u0259l\u0259rl\u0259 ba\u011fl\u0131 dan\u0131\u015f\u0131b. Bu bar\u0259d\u0259 NTV-y\u0259 m\u00fcsahib\u0259 ver\u0259n t\u00fcrkiy\u0259li nazir qeyd edib ki, T\u00fcrkiy\u0259 s\u00fclh t\u0259r\u0259fdar\u0131d\u0131r, amma haz\u0131rk\u0131\u00a0Ukrayna-Rusiya g\u0259rginliyi buna mane olur: \u201c\u018flb\u0259tt\u0259 ki, Qara d\u0259nizin s\u00fclh d\u0259nizi olmas\u0131n\u0131 ist\u0259yirik. B\u00fct\u00fcn sahilyan\u0131 \u00f6lk\u0259l\u0259rinin bir araya g\u0259l\u0259r\u0259k d\u0259niz yurisdiksiyalar\u0131n\u0131 t\u0259yin etm\u0259l\u0259ri \u00fc\u00e7\u00fcn fikir birliyi var. \u0130st\u0259dikl\u0259ri t\u0259qdird\u0259 Qara d\u0259nizi s\u00fclh d\u0259nizin\u0259 \u00e7evirm\u0259k olar\u201d. Biz \u201cMonte\u201d raz\u0131la\u015fmas\u0131n\u0131 tam d\u0259qiqliyi il\u0259\u00a0h\u0259yata ke\u00e7iririk. N\u0259 Rusiya, n\u0259 d\u0259 ba\u015fqalar\u0131 bununla ba\u011fl\u0131 narahat olmamal\u0131d\u0131r\u201d. \u00c7avu\u015fo\u011flunun s\u00f6zl\u0259rin\u0259 g\u00f6r\u0259, AB\u015e g\u0259mil\u0259ri bu g\u00fcn bo\u011fazdan ke\u00e7m\u0259zs\u0259, 15 g\u00fcnl\u00fck&hellip;<\/p>\n","protected":false},"author":2,"featured_media":325982,"comment_status":"closed","ping_status":"closed","sticky":false,"template":"","format":"standard","meta":{"om_disable_all_campaigns":false,"_monsterinsights_skip_tracking":false,"_monsterinsights_sitenote_active":false,"_monsterinsights_sitenote_note":"","_monsterinsights_sitenote_category":0},"categories":[7],"tags":[],"aioseo_notices":[],"gutentor_comment":0,"rttpg_featured_image_url":{"full":["https:\/\/arantv.az\/wp-content\/uploads\/2021\/04\/thumbs_b_c_efaa3b31b0c43a223b9a5396f54a3903.jpg",620,349,false],"landscape":["https:\/\/arantv.az\/wp-content\/uploads\/2021\/04\/thumbs_b_c_efaa3b31b0c43a223b9a5396f54a3903.jpg",620,349,false],"portraits":["https:\/\/arantv.az\/wp-content\/uploads\/2021\/04\/thumbs_b_c_efaa3b31b0c43a223b9a5396f54a3903.jpg",620,349,false],"thumbnail":["https:\/\/arantv.az\/wp-content\/uploads\/2021\/04\/thumbs_b_c_efaa3b31b0c43a223b9a5396f54a3903-500x280.jpg",500,280,true],"medium":["https:\/\/arantv.az\/wp-content\/uploads\/2021\/04\/thumbs_b_c_efaa3b31b0c43a223b9a5396f54a3903.jpg",620,349,false],"large":["https:\/\/arantv.az\/wp-content\/uploads\/2021\/04\/thumbs_b_c_efaa3b31b0c43a223b9a5396f54a3903.jpg",620,349,false],"1536x1536":["https:\/\/arantv.az\/wp-content\/uploads\/2021\/04\/thumbs_b_c_efaa3b31b0c43a223b9a5396f54a3903.jpg",620,349,false],"2048x2048":["https:\/\/arantv.az\/wp-content\/uploads\/2021\/04\/thumbs_b_c_efaa3b31b0c43a223b9a5396f54a3903.jpg",620,349,false],"post-thumbnail":["https:\/\/arantv.az\/wp-content\/uploads\/2021\/04\/thumbs_b_c_efaa3b31b0c43a223b9a5396f54a3903-240x172.jpg",240,172,true],"advps-thumb-one":["https:\/\/arantv.az\/wp-content\/uploads\/2021\/04\/thumbs_b_c_efaa3b31b0c43a223b9a5396f54a3903.jpg",620,349,false]},"rttpg_author":{"display_name":"V\u00fcsal Rafiqo\u011flu","author_link":"https:\/\/arantv.az\/?author=2"},"rttpg_comment":0,"rttpg_category":"<a href=\"https:\/\/arantv.az\/?cat=7\" rel=\"category\">D\u00fcnya<\/a>","rttpg_excerpt":"T\u00fcrkiy\u0259 Xarici \u0130\u015fl\u0259r naziri M\u00f6vlud \u00c7avu\u015fo\u011flu Qara d\u0259nizd\u0259 ba\u015f ver\u0259n siyasi hadis\u0259l\u0259rl\u0259 ba\u011fl\u0131 dan\u0131\u015f\u0131b. Bu bar\u0259d\u0259 NTV-y\u0259 m\u00fcsahib\u0259 ver\u0259n t\u00fcrkiy\u0259li nazir qeyd edib ki, T\u00fcrkiy\u0259 s\u00fclh t\u0259r\u0259fdar\u0131d\u0131r, amma haz\u0131rk\u0131\u00a0Ukrayna-Rusiya g\u0259rginliyi buna mane olur: \u201c\u018flb\u0259tt\u0259 ki, Qara d\u0259nizin s\u00fclh d\u0259nizi olmas\u0131n\u0131 ist\u0259yirik. B\u00fct\u00fcn sahilyan\u0131 \u00f6lk\u0259l\u0259rinin bir araya g\u0259l\u0259r\u0259k d\u0259niz yurisdiksiyalar\u0131n\u0131 t\u0259yin etm\u0259l\u0259ri \u00fc\u00e7\u00fcn fikir birliyi var.&hellip;","_links":{"self":[{"href":"https:\/\/arantv.az\/index.php?rest_route=\/wp\/v2\/posts\/325981"}],"collection":[{"href":"https:\/\/arantv.az\/index.php?rest_route=\/wp\/v2\/posts"}],"about":[{"href":"https:\/\/arantv.az\/index.php?rest_route=\/wp\/v2\/types\/post"}],"author":[{"embeddable":true,"href":"https:\/\/arantv.az\/index.php?rest_route=\/wp\/v2\/users\/2"}],"replies":[{"embeddable":true,"href":"https:\/\/arantv.az\/index.php?rest_route=%2Fwp%2Fv2%2Fcomments&post=325981"}],"version-history":[{"count":0,"href":"https:\/\/arantv.az\/index.php?rest_route=\/wp\/v2\/posts\/325981\/revisions"}],"wp:featuredmedia":[{"embeddable":true,"href":"https:\/\/arantv.az\/index.php?rest_route=\/wp\/v2\/media\/325982"}],"wp:attachment":[{"href":"https:\/\/arantv.az\/index.php?rest_route=%2Fwp%2Fv2%2Fmedia&parent=325981"}],"wp:term":[{"taxonomy":"category","embeddable":true,"href":"https:\/\/arantv.az\/index.php?rest_route=%2Fwp%2Fv2%2Fcategories&post=325981"},{"taxonomy":"post_tag","embeddable":true,"href":"https:\/\/arantv.az\/index.php?rest_route=%2Fwp%2Fv2%2Ftags&post=325981"}],"curies":[{"name":"wp","href":"https:\/\/api.w.org\/{rel}","templated":true}]}}