{"id":325990,"date":"2021-04-15T13:36:47","date_gmt":"2021-04-15T10:36:47","guid":{"rendered":"https:\/\/arantv.az\/?p=325990"},"modified":"2021-04-15T13:36:47","modified_gmt":"2021-04-15T10:36:47","slug":"s%c9%99hid-ail%c9%99l%c9%99ri-v%c9%99-muharib%c9%99-%c9%99lill%c9%99rinin-sosial-rifah-halinin-yaxsilasdirilmasi-ucun-lazimi-t%c9%99dbirl%c9%99r-h%c9%99yata-keciril%c9%99c%c9%99k","status":"publish","type":"post","link":"https:\/\/arantv.az\/?p=325990","title":{"rendered":"\u015e\u0259hid ail\u0259l\u0259ri v\u0259 m\u00fcharib\u0259 \u0259lill\u0259rinin sosial-rifah hal\u0131n\u0131n yax\u015f\u0131la\u015fd\u0131r\u0131lmas\u0131 \u00fc\u00e7\u00fcn lazimi t\u0259dbirl\u0259r h\u0259yata ke\u00e7iril\u0259c\u0259k"},"content":{"rendered":"<p>\u201cV\u0259t\u0259n m\u00fcharib\u0259si Az\u0259rbaycan\u0131n h\u0259r c\u0259h\u0259td\u0259n g\u00fccl\u00fc d\u00f6vl\u0259t oldu\u011funu b\u00fct\u00fcn d\u00fcnyaya s\u00fcbut etmi\u015f oldu. \u00d6lk\u0259mizin iqtisadi g\u00fcc\u00fcn\u00fcn olmas\u0131 is\u0259 parlaq Z\u0259f\u0259rimizi t\u0259min ed\u0259n \u0259sas amill\u0259rd\u0259n biri hesab edil\u0259 bil\u0259r. \u00c7\u00fcnki iqtisadiyyat\u0131 g\u00fccl\u00fc olan d\u00f6vl\u0259t h\u0259r \u015fey\u0259 qadirdir. Az\u0259rbaycan\u0131n iqtisadi c\u0259h\u0259td\u0259n g\u00fccl\u00fc olmas\u0131n\u0131 postm\u00fcharib\u0259 d\u00f6vr\u00fcnd\u0259\u00a0\u00a0 d\u0259 g\u00f6rm\u0259k m\u00fcmk\u00fcnd\u00fcr. Bel\u0259 ki, m\u00fcharib\u0259nin yaratm\u0131\u015f oldu\u011fu m\u0259nfi t\u0259sirl\u0259rin aradan qald\u0131r\u0131lmas\u0131 istiqam\u0259tind\u0259 g\u00f6r\u00fcl\u0259n i\u015fl\u0259r, \u015f\u0259hid ail\u0259l\u0259ri v\u0259 m\u00fcharib\u0259 \u0259lill\u0259rin\u0259 d\u00f6vl\u0259t t\u0259r\u0259find\u0259n davaml\u0131 diqq\u0259tin g\u00f6st\u0259rilm\u0259si \u00f6lk\u0259mizin iqtisadi g\u00fcc\u00fcn\u0259 ba\u011fl\u0131d\u0131r. Az\u0259rbaycan sosialy\u00f6n\u00fcml\u00fc d\u00f6vl\u0259tdir v\u0259 \u00f6lk\u0259 ba\u015f\u00e7\u0131s\u0131, c\u0259nab Prezident \u0130lham \u018fliyev h\u0259r zaman qeyd edir ki, m\u0259nim siyas\u0259timin m\u0259rk\u0259zind\u0259 Az\u0259rbaycan v\u0259t\u0259nda\u015f\u0131 dayan\u0131r. B\u00fct\u00fcn bu \u0259sasda d\u00f6vl\u0259timiz t\u0259r\u0259find\u0259n \u00f6lk\u0259 v\u0259t\u0259nda\u015flar\u0131n\u0131n sosial-rifah hal\u0131n\u0131n yax\u015f\u0131la\u015fd\u0131r\u0131lmas\u0131 \u00fc\u00e7\u00fcn davaml\u0131 olaraq t\u0259dbirl\u0259r h\u0259yata ke\u00e7irilir.\u201d<\/p>\n<p>Bu fikirl\u0259ri\u00a0<strong>\u201c\u0130ki sahil\u201d<\/strong>\u0259 a\u00e7\u0131qlamas\u0131nda\u00a0<strong>Yeni Az\u0259rbaycan Partiyas\u0131 (YAP) \u0130dar\u0259 Hey\u0259tinin \u00fczv\u00fc, Milli M\u0259clisin deputat\u0131 Cavid Osmanov<\/strong>\u00a0deyib.<\/p>\n<p><img src=\"https:\/\/ikisahil.az\/upload\/\/2020\/05\/14\/556d63ba73d4f1414cd5b7b66943e012_69270_56.jpg\" alt=\"\" \/><\/p>\n<p>C.Osmanovun s\u00f6zl\u0259rin\u0259 g\u00f6r\u0259, postm\u00fcharib\u0259 d\u00f6vr\u00fcnd\u0259 d\u00f6vl\u0259timizin sosial siyas\u0259tinin \u0259hat\u0259 dair\u0259si daha da geni\u015fl\u0259nib: \u201cBel\u0259 ki, \u015f\u0259hid ail\u0259rinin h\u0259rt\u0259r\u0259fli d\u00f6vl\u0259tin t\u0259minat\u0131na g\u00f6t\u00fcr\u00fclm\u0259si, m\u00fcharib\u0259d\u0259 yaralanan h\u0259rbi\u00e7il\u0259rimizin m\u00fcayin\u0259-m\u00fcalic\u0259, reablitasiya kurslar\u0131 ke\u00e7m\u0259l\u0259ri, eyni zamanda y\u00fcks\u0259k texnoloji protez v\u0259 avadanl\u0131qlarla t\u0259min olunmalar\u0131 bu istiqam\u0259td\u0259ki i\u015fl\u0259rin bir qismidir. Bundan \u0259lav\u0259 \u015f\u0259hid ail\u0259l\u0259ri v\u0259 m\u00fcharib\u0259 veteranlar\u0131na m\u0259nzil v\u0259 avtomobill\u0259rin verilm\u0259si d\u0259 d\u00f6vl\u0259timizin sosial siyas\u0259tinin \u0259sas\u0131n\u0131 t\u0259\u015fkil edir. Bu g\u00fcn\u0259 q\u0259d\u0259r 2862 \u015f\u0259hidin 7314 ail\u0259 \u00fczv\u00fcn\u0259 13333 sosial \u00f6d\u0259ni\u015f (pensiya, m\u00fcavin\u0259t, t\u0259qa\u00fcd) t\u0259yin edilmi\u015f, b\u00fct\u00fcn m\u00fclki \u015f\u0259hid ail\u0259l\u0259rin\u0259 t\u0259yinatlar yekunla\u015fd\u0131r\u0131lm\u0131\u015f, 252 m\u00fcharib\u0259 \u0259lilin\u0259 sosial \u00f6d\u0259ni\u015fl\u0259r t\u0259yin edilmi\u015fdir.\u201d<\/p>\n<p>YAP \u0130dar\u0259 Hey\u0259tinin \u00fczv\u00fc qeyd edib ki, 2021-ci ilin plan\u0131 \u00fczr\u0259 art\u0131q 260 m\u0259nzil \u015f\u0259hid ail\u0259l\u0259ri v\u0259 m\u00fcharib\u0259 \u0259lill\u0259rin\u0259 verilib: \u201cEyni zamanda, ke\u00e7mi\u015f m\u0259cburi k\u00f6\u00e7k\u00fcnl\u0259r \u00fc\u00e7\u00fcn in\u015fa olunmu\u015f 6365 m\u0259nzilin \u015f\u0259hid ail\u0259l\u0259rin\u0259 verilm\u0259si \u00fc\u00e7\u00fcn i\u015fl\u0259r apar\u0131l\u0131r ki, m\u0259hz ilk m\u0259rh\u0259l\u0259d\u0259 Bak\u0131, Sumqay\u0131t, Ab\u015feron \u00fczr\u0259 2600 m\u0259nzil \u015f\u0259hid ail\u0259l\u0259rin\u0259 veril\u0259c\u0259kdir. Postm\u00fcharib\u0259\u00a0 d\u00f6vr\u00fcnd\u0259 m\u0259\u015f\u011fulluq v\u0259 \u00f6z\u00fcn\u00fcm\u0259\u015f\u011fulluq m\u0259s\u0259l\u0259l\u0259ri d\u00f6vl\u0259timizin diqq\u0259t m\u0259rk\u0259zind\u0259dir. M\u0259\u015f\u011fulluq v\u0259 \u00f6z\u00fcn\u00fcm\u0259\u015f\u011fulluq proqramlar\u0131 \u00e7\u0259r\u00e7iv\u0259sind\u0259 7293\u00a0 n\u0259f\u0259rl\u0259 \u00fcmumi i\u015f apar\u0131lm\u0131\u015fd\u0131r ki, onlardan da 5 412\u00a0 n\u0259f\u0259rin m\u0259\u015f\u011fullu\u011fu t\u0259min olunub. \u0130st\u0259r m\u00fcharib\u0259 d\u00f6vr\u00fcnd\u0259, ist\u0259rs\u0259 d\u0259 postm\u00fcharib\u0259 d\u00f6vr\u00fcnd\u0259 \u0259m\u0259k haqq\u0131, t\u0259qa\u00fcd v\u0259 m\u00fcavin\u0259tl\u0259rin \u00f6d\u0259ni\u015fl\u0259rind\u0259 he\u00e7 bir gecikm\u0259l\u0259r olmam\u0131\u015f v\u0259 \u00f6lk\u0259 \u00fczr\u0259 t\u0259qa\u00fcdl\u0259rin \u00f6d\u0259ni\u015fl\u0259ri h\u0259r ay\u0131n 15-n\u0259 kimi h\u0259yata ke\u00e7irilmi\u015fdir. \u00d6lk\u0259d\u0259 sosial m\u00fcdafi\u0259 t\u0259dbirl\u0259rinin g\u00fccl\u0259ndirilm\u0259si, pensiya\u00e7\u0131lar\u0131n rifah\u0131n\u0131n yax\u015f\u0131la\u015fd\u0131r\u0131lmas\u0131 m\u0259qs\u0259dil\u0259 Prezident \u0130lham \u018fliyevin 5 fevral 2021-ci il tarixli S\u0259r\u0259ncam\u0131 il\u0259 \u018fm\u0259k pensiyalar\u0131n\u0131n indeksl\u0259\u015fdirilm\u0259si h\u0259yata ke\u00e7irilmi\u015f v\u0259 art\u0131mlar 2021-ci ilin 1 yanvar tarixind\u0259n t\u0259tbiq olunub.\u201d<\/p>\n<p>Deputat vur\u011fulay\u0131b ki, c\u0259nab \u0130lham \u018fliyev 25 yanvar 2021-ci il tarixd\u0259 \u201cAz\u0259rbaycan Respublikas\u0131n\u0131n \u0259razi b\u00fct\u00f6vl\u00fcy\u00fcn\u00fcn, m\u00fcst\u0259qilliyinin v\u0259 konstitusiya qurulu\u015funun m\u00fcdafi\u0259si il\u0259 \u0259laq\u0259dar \u0259lilliyi m\u00fc\u0259yy\u0259n edilmi\u015f \u015f\u0259xsl\u0259rin v\u0259 \u015f\u0259hid ail\u0259l\u0259rinin sosial-m\u0259i\u015f\u0259t \u015f\u0259raitinin yax\u015f\u0131la\u015fd\u0131r\u0131lmas\u0131 il\u0259 ba\u011fl\u0131 bir s\u0131ra t\u0259dbirl\u0259r haqq\u0131nda\u201d S\u0259r\u0259ncam imzalam\u0131\u015fd\u0131r ki, bununla da S\u0259r\u0259ncamda qeyd olunan kateqoriyadan olan \u015f\u0259xs v\u0259 ail\u0259l\u0259rin 2021-2025-ci ill\u0259r \u0259rzind\u0259 m\u0259nzil v\u0259 ya f\u0259rdi ya\u015fay\u0131\u015f evl\u0259ri il\u0259 t\u0259min edilm\u0259si h\u0259yata ke\u00e7iril\u0259c\u0259k: \u201c\u015e\u0259hidl\u0259r, m\u00fcharib\u0259 \u0259lill\u0259ri v\u0259 veteranlar\u0131n d\u0259qiq u\u00e7otun apar\u0131lmas\u0131 v\u0259 operativliyi t\u0259min etrm\u0259k \u00fc\u00e7\u00fcn\u00a0 elektron reyestrin yarad\u0131lmas\u0131 planla\u015fd\u0131r\u0131l\u0131r ki,\u00a0 bu \u00a0m\u0259qs\u0259dl\u0259 \u00a0d\u0259 Az\u0259rbaycan Respublikas\u0131 qanunlar\u0131na d\u0259yi\u015fiklikl\u0259rin edilm\u0259si \u00fc\u00e7\u00fcn Milli M\u0259clisd\u0259 m\u00fczakir\u0259l\u0259r apar\u0131l\u0131r. \u015e\u0259hid ail\u0259l\u0259ri v\u0259 m\u00fcharib\u0259 \u0259lill\u0259ri m\u0259hz bundan sonra da d\u00f6vl\u0259tin diqq\u0259t m\u0259rk\u0259zind\u0259 olacaq v\u0259 onlar\u0131n sosial-rifah hal\u0131n\u0131n davaml\u0131 olaraq yax\u015f\u0131la\u015fd\u0131r\u0131lmas\u0131 \u00fc\u00e7\u00fcn lazimi t\u0259dbirl\u0259r h\u0259yata ke\u00e7iril\u0259c\u0259k.\u201d<\/p>\n","protected":false},"excerpt":{"rendered":"<p>\u201cV\u0259t\u0259n m\u00fcharib\u0259si Az\u0259rbaycan\u0131n h\u0259r c\u0259h\u0259td\u0259n g\u00fccl\u00fc d\u00f6vl\u0259t oldu\u011funu b\u00fct\u00fcn d\u00fcnyaya s\u00fcbut etmi\u015f oldu. \u00d6lk\u0259mizin iqtisadi g\u00fcc\u00fcn\u00fcn olmas\u0131 is\u0259 parlaq Z\u0259f\u0259rimizi t\u0259min ed\u0259n \u0259sas amill\u0259rd\u0259n biri hesab edil\u0259 bil\u0259r. \u00c7\u00fcnki iqtisadiyyat\u0131 g\u00fccl\u00fc olan d\u00f6vl\u0259t h\u0259r \u015fey\u0259 qadirdir. Az\u0259rbaycan\u0131n iqtisadi c\u0259h\u0259td\u0259n g\u00fccl\u00fc olmas\u0131n\u0131 postm\u00fcharib\u0259 d\u00f6vr\u00fcnd\u0259\u00a0\u00a0 d\u0259 g\u00f6rm\u0259k m\u00fcmk\u00fcnd\u00fcr. Bel\u0259 ki, m\u00fcharib\u0259nin yaratm\u0131\u015f oldu\u011fu m\u0259nfi t\u0259sirl\u0259rin aradan qald\u0131r\u0131lmas\u0131 istiqam\u0259tind\u0259 g\u00f6r\u00fcl\u0259n i\u015fl\u0259r, \u015f\u0259hid ail\u0259l\u0259ri v\u0259 m\u00fcharib\u0259 \u0259lill\u0259rin\u0259 d\u00f6vl\u0259t t\u0259r\u0259find\u0259n davaml\u0131 diqq\u0259tin g\u00f6st\u0259rilm\u0259si \u00f6lk\u0259mizin iqtisadi g\u00fcc\u00fcn\u0259 ba\u011fl\u0131d\u0131r. Az\u0259rbaycan sosialy\u00f6n\u00fcml\u00fc d\u00f6vl\u0259tdir v\u0259 \u00f6lk\u0259 ba\u015f\u00e7\u0131s\u0131, c\u0259nab Prezident \u0130lham \u018fliyev h\u0259r zaman qeyd edir ki, m\u0259nim siyas\u0259timin m\u0259rk\u0259zind\u0259&hellip;<\/p>\n","protected":false},"author":2,"featured_media":325991,"comment_status":"closed","ping_status":"closed","sticky":false,"template":"","format":"standard","meta":{"om_disable_all_campaigns":false,"_monsterinsights_skip_tracking":false,"_monsterinsights_sitenote_active":false,"_monsterinsights_sitenote_note":"","_monsterinsights_sitenote_category":0},"categories":[26],"tags":[],"aioseo_notices":[],"gutentor_comment":0,"rttpg_featured_image_url":{"full":["https:\/\/arantv.az\/wp-content\/uploads\/2021\/04\/0d8f8313161848031447411176110451392.jpg",975,540,false],"landscape":["https:\/\/arantv.az\/wp-content\/uploads\/2021\/04\/0d8f8313161848031447411176110451392.jpg",975,540,false],"portraits":["https:\/\/arantv.az\/wp-content\/uploads\/2021\/04\/0d8f8313161848031447411176110451392.jpg",975,540,false],"thumbnail":["https:\/\/arantv.az\/wp-content\/uploads\/2021\/04\/0d8f8313161848031447411176110451392-500x280.jpg",500,280,true],"medium":["https:\/\/arantv.az\/wp-content\/uploads\/2021\/04\/0d8f8313161848031447411176110451392-660x365.jpg",660,365,true],"large":["https:\/\/arantv.az\/wp-content\/uploads\/2021\/04\/0d8f8313161848031447411176110451392-840x465.jpg",640,354,true],"1536x1536":["https:\/\/arantv.az\/wp-content\/uploads\/2021\/04\/0d8f8313161848031447411176110451392.jpg",975,540,false],"2048x2048":["https:\/\/arantv.az\/wp-content\/uploads\/2021\/04\/0d8f8313161848031447411176110451392.jpg",975,540,false],"post-thumbnail":["https:\/\/arantv.az\/wp-content\/uploads\/2021\/04\/0d8f8313161848031447411176110451392-240x172.jpg",240,172,true],"advps-thumb-one":["https:\/\/arantv.az\/wp-content\/uploads\/2021\/04\/0d8f8313161848031447411176110451392.jpg",975,540,false]},"rttpg_author":{"display_name":"V\u00fcsal Rafiqo\u011flu","author_link":"https:\/\/arantv.az\/?author=2"},"rttpg_comment":0,"rttpg_category":"<a href=\"https:\/\/arantv.az\/?cat=26\" rel=\"category\">Sosial<\/a>","rttpg_excerpt":"\u201cV\u0259t\u0259n m\u00fcharib\u0259si Az\u0259rbaycan\u0131n h\u0259r c\u0259h\u0259td\u0259n g\u00fccl\u00fc d\u00f6vl\u0259t oldu\u011funu b\u00fct\u00fcn d\u00fcnyaya s\u00fcbut etmi\u015f oldu. \u00d6lk\u0259mizin iqtisadi g\u00fcc\u00fcn\u00fcn olmas\u0131 is\u0259 parlaq Z\u0259f\u0259rimizi t\u0259min ed\u0259n \u0259sas amill\u0259rd\u0259n biri hesab edil\u0259 bil\u0259r. \u00c7\u00fcnki iqtisadiyyat\u0131 g\u00fccl\u00fc olan d\u00f6vl\u0259t h\u0259r \u015fey\u0259 qadirdir. Az\u0259rbaycan\u0131n iqtisadi c\u0259h\u0259td\u0259n g\u00fccl\u00fc olmas\u0131n\u0131 postm\u00fcharib\u0259 d\u00f6vr\u00fcnd\u0259\u00a0\u00a0 d\u0259 g\u00f6rm\u0259k m\u00fcmk\u00fcnd\u00fcr. Bel\u0259 ki, m\u00fcharib\u0259nin yaratm\u0131\u015f oldu\u011fu m\u0259nfi t\u0259sirl\u0259rin aradan qald\u0131r\u0131lmas\u0131&hellip;","_links":{"self":[{"href":"https:\/\/arantv.az\/index.php?rest_route=\/wp\/v2\/posts\/325990"}],"collection":[{"href":"https:\/\/arantv.az\/index.php?rest_route=\/wp\/v2\/posts"}],"about":[{"href":"https:\/\/arantv.az\/index.php?rest_route=\/wp\/v2\/types\/post"}],"author":[{"embeddable":true,"href":"https:\/\/arantv.az\/index.php?rest_route=\/wp\/v2\/users\/2"}],"replies":[{"embeddable":true,"href":"https:\/\/arantv.az\/index.php?rest_route=%2Fwp%2Fv2%2Fcomments&post=325990"}],"version-history":[{"count":0,"href":"https:\/\/arantv.az\/index.php?rest_route=\/wp\/v2\/posts\/325990\/revisions"}],"wp:featuredmedia":[{"embeddable":true,"href":"https:\/\/arantv.az\/index.php?rest_route=\/wp\/v2\/media\/325991"}],"wp:attachment":[{"href":"https:\/\/arantv.az\/index.php?rest_route=%2Fwp%2Fv2%2Fmedia&parent=325990"}],"wp:term":[{"taxonomy":"category","embeddable":true,"href":"https:\/\/arantv.az\/index.php?rest_route=%2Fwp%2Fv2%2Fcategories&post=325990"},{"taxonomy":"post_tag","embeddable":true,"href":"https:\/\/arantv.az\/index.php?rest_route=%2Fwp%2Fv2%2Ftags&post=325990"}],"curies":[{"name":"wp","href":"https:\/\/api.w.org\/{rel}","templated":true}]}}