{"id":326005,"date":"2021-04-15T13:54:15","date_gmt":"2021-04-15T10:54:15","guid":{"rendered":"https:\/\/arantv.az\/?p=326005"},"modified":"2021-04-15T13:54:15","modified_gmt":"2021-04-15T10:54:15","slug":"erm%c9%99nistanla-informasiya-savasinda-turkiy%c9%99nin-d%c9%99st%c9%99yi-%c9%99v%c9%99zsiz-oldu-sevil-mikayilova","status":"publish","type":"post","link":"https:\/\/arantv.az\/?p=326005","title":{"rendered":"Erm\u0259nistanla informasiya sava\u015f\u0131nda T\u00fcrkiy\u0259nin d\u0259st\u0259yi \u0259v\u0259zsiz oldu &#8211; Sevil Mikay\u0131lova"},"content":{"rendered":"<p><strong>44 g\u00fcnl\u00fck z\u0259f\u0259r m\u00fcharib\u0259si d\u00f6n\u0259mind\u0259 apard\u0131\u011f\u0131m\u0131z informasiya sava\u015f\u0131nda T\u00fcrkiy\u0259nin d\u0259st\u0259yi \u0259v\u0259zsiz oldu, bu istiqam\u0259td\u0259 d\u0259 Erm\u0259nistan\u0131 m\u0259\u011flub etdik.<\/strong><\/p>\n<p><strong>ARANTV.AZ<\/strong>\u00a0 bildirir ki, bunu <a href=\"https:\/\/az.trend.az\/\" target=\"_blank\" rel=\"noopener\">Trend<\/a>-\u0259\u00a0Milli M\u0259clisin deputat\u0131 Sevil Mikay\u0131lova deyib.<\/p>\n<p>S.Mikay\u0131lova bildirib ki, Erm\u0259nistan\u0131n Az\u0259rbaycan v\u0259 T\u00fcrkiy\u0259 \u0259leyhin\u0259 apard\u0131\u011f\u0131 qara t\u0259bli\u011fat kampaniyas\u0131n\u0131n qar\u015f\u0131s\u0131n\u0131n al\u0131nmas\u0131nda T\u00fcrkiy\u0259 Prezident Administrasiyas\u0131n\u0131n \u0130\u00e7timaiyy\u0259tl\u0259 \u018flaq\u0259l\u0259r \u0130dar\u0259sinin \u00e7ox b\u00f6y\u00fck rol oynad\u0131, yalan v\u0259 b\u00f6htan ixrac ed\u0259n Erm\u0259nistan media ma\u015f\u0131n\u0131n\u0131 durdura bildi. \u0130nformasiya m\u00fcbariz\u0259mizd\u0259 qarda\u015f T\u00fcrkiy\u0259nin m\u0259hz \u0259m\u0259li d\u0259st\u0259yi x\u00fcsusi \u00f6n\u0259m da\u015f\u0131y\u0131b, d\u00fcnya birliyind\u0259 obyektiv fikir formala\u015fmas\u0131n\u0131 t\u0259min edib.<\/p>\n<p>&#8220;V\u0259t\u0259n m\u00fcharib\u0259si zaman\u0131 apard\u0131\u011f\u0131m\u0131z informasiya sava\u015f\u0131nda T\u00fcrkiy\u0259 Prezident Administrasiyas\u0131n\u0131n \u0130\u00e7timaiyy\u0259tl\u0259 \u018flaq\u0259l\u0259r \u0130dar\u0259sinin ilk g\u00fcnd\u0259n f\u0259al v\u0259 t\u0259sirli i\u015finin \u015fahidi olduq. Bu i\u015fd\u0259 T\u00fcrkiy\u0259nin b\u00fct\u00fcn apar\u0131c\u0131 media kanallar\u0131 f\u0259all\u0131q g\u00f6st\u0259rdi. T\u00fcrkiy\u0259nin Az\u0259rbaycandak\u0131 s\u0259firliyinin m\u0259tbuat katibi H\u00fcseyn Alt\u0131nalan\u0131n da Az\u0259rbaycan\u0131n haqq s\u0259sinin d\u00fcnyaya \u00e7atd\u0131r\u0131lmas\u0131nda u\u011furlu \u0259m\u0259yini x\u00fcsusi qeyd etm\u0259k laz\u0131md\u0131r&#8221;.<\/p>\n<p>Mill\u0259t v\u0259kili \u0259lav\u0259 edib ki, Az\u0259rbaycan-T\u00fcrkiy\u0259 m\u00fcnasib\u0259tl\u0259ri \u00f6z\u00fcn\u00fcn \u0259n y\u00fcks\u0259k tarixi zirv\u0259sini f\u0259th edib v\u0259 bu b\u00fct\u00fcn m\u00fcst\u0259vil\u0259rd\u0259 parlaq \u0259ks olunur.<\/p>\n","protected":false},"excerpt":{"rendered":"<p>44 g\u00fcnl\u00fck z\u0259f\u0259r m\u00fcharib\u0259si d\u00f6n\u0259mind\u0259 apard\u0131\u011f\u0131m\u0131z informasiya sava\u015f\u0131nda T\u00fcrkiy\u0259nin d\u0259st\u0259yi \u0259v\u0259zsiz oldu, bu istiqam\u0259td\u0259 d\u0259 Erm\u0259nistan\u0131 m\u0259\u011flub etdik. ARANTV.AZ\u00a0 bildirir ki, bunu Trend-\u0259\u00a0Milli M\u0259clisin deputat\u0131 Sevil Mikay\u0131lova deyib. S.Mikay\u0131lova bildirib ki, Erm\u0259nistan\u0131n Az\u0259rbaycan v\u0259 T\u00fcrkiy\u0259 \u0259leyhin\u0259 apard\u0131\u011f\u0131 qara t\u0259bli\u011fat kampaniyas\u0131n\u0131n qar\u015f\u0131s\u0131n\u0131n al\u0131nmas\u0131nda T\u00fcrkiy\u0259 Prezident Administrasiyas\u0131n\u0131n \u0130\u00e7timaiyy\u0259tl\u0259 \u018flaq\u0259l\u0259r \u0130dar\u0259sinin \u00e7ox b\u00f6y\u00fck rol oynad\u0131, yalan v\u0259 b\u00f6htan ixrac ed\u0259n Erm\u0259nistan media ma\u015f\u0131n\u0131n\u0131 durdura bildi. \u0130nformasiya m\u00fcbariz\u0259mizd\u0259 qarda\u015f T\u00fcrkiy\u0259nin m\u0259hz \u0259m\u0259li d\u0259st\u0259yi x\u00fcsusi \u00f6n\u0259m da\u015f\u0131y\u0131b, d\u00fcnya birliyind\u0259 obyektiv fikir formala\u015fmas\u0131n\u0131 t\u0259min edib. &#8220;V\u0259t\u0259n m\u00fcharib\u0259si zaman\u0131 apard\u0131\u011f\u0131m\u0131z informasiya sava\u015f\u0131nda T\u00fcrkiy\u0259 Prezident Administrasiyas\u0131n\u0131n \u0130\u00e7timaiyy\u0259tl\u0259 \u018flaq\u0259l\u0259r&hellip;<\/p>\n","protected":false},"author":2,"featured_media":326006,"comment_status":"closed","ping_status":"closed","sticky":false,"template":"","format":"standard","meta":{"om_disable_all_campaigns":false,"_monsterinsights_skip_tracking":false,"_monsterinsights_sitenote_active":false,"_monsterinsights_sitenote_note":"","_monsterinsights_sitenote_category":0},"categories":[4],"tags":[],"aioseo_notices":[],"gutentor_comment":0,"rttpg_featured_image_url":{"full":["https:\/\/arantv.az\/wp-content\/uploads\/2021\/04\/939772.jpg",800,600,false],"landscape":["https:\/\/arantv.az\/wp-content\/uploads\/2021\/04\/939772.jpg",800,600,false],"portraits":["https:\/\/arantv.az\/wp-content\/uploads\/2021\/04\/939772.jpg",800,600,false],"thumbnail":["https:\/\/arantv.az\/wp-content\/uploads\/2021\/04\/939772-500x280.jpg",500,280,true],"medium":["https:\/\/arantv.az\/wp-content\/uploads\/2021\/04\/939772-487x365.jpg",487,365,true],"large":["https:\/\/arantv.az\/wp-content\/uploads\/2021\/04\/939772.jpg",640,480,false],"1536x1536":["https:\/\/arantv.az\/wp-content\/uploads\/2021\/04\/939772.jpg",800,600,false],"2048x2048":["https:\/\/arantv.az\/wp-content\/uploads\/2021\/04\/939772.jpg",800,600,false],"post-thumbnail":["https:\/\/arantv.az\/wp-content\/uploads\/2021\/04\/939772-240x172.jpg",240,172,true],"advps-thumb-one":["https:\/\/arantv.az\/wp-content\/uploads\/2021\/04\/939772.jpg",800,600,false]},"rttpg_author":{"display_name":"V\u00fcsal Rafiqo\u011flu","author_link":"https:\/\/arantv.az\/?author=2"},"rttpg_comment":0,"rttpg_category":"<a href=\"https:\/\/arantv.az\/?cat=4\" rel=\"category\">Siyas\u0259t<\/a>","rttpg_excerpt":"44 g\u00fcnl\u00fck z\u0259f\u0259r m\u00fcharib\u0259si d\u00f6n\u0259mind\u0259 apard\u0131\u011f\u0131m\u0131z informasiya sava\u015f\u0131nda T\u00fcrkiy\u0259nin d\u0259st\u0259yi \u0259v\u0259zsiz oldu, bu istiqam\u0259td\u0259 d\u0259 Erm\u0259nistan\u0131 m\u0259\u011flub etdik. ARANTV.AZ\u00a0 bildirir ki, bunu Trend-\u0259\u00a0Milli M\u0259clisin deputat\u0131 Sevil Mikay\u0131lova deyib. S.Mikay\u0131lova bildirib ki, Erm\u0259nistan\u0131n Az\u0259rbaycan v\u0259 T\u00fcrkiy\u0259 \u0259leyhin\u0259 apard\u0131\u011f\u0131 qara t\u0259bli\u011fat kampaniyas\u0131n\u0131n qar\u015f\u0131s\u0131n\u0131n al\u0131nmas\u0131nda T\u00fcrkiy\u0259 Prezident Administrasiyas\u0131n\u0131n \u0130\u00e7timaiyy\u0259tl\u0259 \u018flaq\u0259l\u0259r \u0130dar\u0259sinin \u00e7ox b\u00f6y\u00fck rol oynad\u0131, yalan v\u0259 b\u00f6htan&hellip;","_links":{"self":[{"href":"https:\/\/arantv.az\/index.php?rest_route=\/wp\/v2\/posts\/326005"}],"collection":[{"href":"https:\/\/arantv.az\/index.php?rest_route=\/wp\/v2\/posts"}],"about":[{"href":"https:\/\/arantv.az\/index.php?rest_route=\/wp\/v2\/types\/post"}],"author":[{"embeddable":true,"href":"https:\/\/arantv.az\/index.php?rest_route=\/wp\/v2\/users\/2"}],"replies":[{"embeddable":true,"href":"https:\/\/arantv.az\/index.php?rest_route=%2Fwp%2Fv2%2Fcomments&post=326005"}],"version-history":[{"count":0,"href":"https:\/\/arantv.az\/index.php?rest_route=\/wp\/v2\/posts\/326005\/revisions"}],"wp:featuredmedia":[{"embeddable":true,"href":"https:\/\/arantv.az\/index.php?rest_route=\/wp\/v2\/media\/326006"}],"wp:attachment":[{"href":"https:\/\/arantv.az\/index.php?rest_route=%2Fwp%2Fv2%2Fmedia&parent=326005"}],"wp:term":[{"taxonomy":"category","embeddable":true,"href":"https:\/\/arantv.az\/index.php?rest_route=%2Fwp%2Fv2%2Fcategories&post=326005"},{"taxonomy":"post_tag","embeddable":true,"href":"https:\/\/arantv.az\/index.php?rest_route=%2Fwp%2Fv2%2Ftags&post=326005"}],"curies":[{"name":"wp","href":"https:\/\/api.w.org\/{rel}","templated":true}]}}