{"id":326014,"date":"2021-04-15T13:56:18","date_gmt":"2021-04-15T10:56:18","guid":{"rendered":"https:\/\/arantv.az\/?p=326014"},"modified":"2021-04-15T13:56:18","modified_gmt":"2021-04-15T10:56:18","slug":"kamal%c9%99ddin-qafarov-dunya-c%c9%99nubi-qafqaza-yeni-baxisini-ortaya-qoyur","status":"publish","type":"post","link":"https:\/\/arantv.az\/?p=326014","title":{"rendered":"Kamal\u0259ddin Qafarov: \u201cD\u00fcnya C\u0259nubi Qafqaza yeni bax\u0131\u015f\u0131n\u0131 ortaya qoyur\u201d"},"content":{"rendered":"<p>&#8220;Aprelin 13-d\u0259 ADA Universitetind\u0259 ke\u00e7irilmi\u015f &#8220;C\u0259nubi Qafqaza yeni bax\u0131\u015f: m\u00fcnaqi\u015f\u0259d\u0259n sonra inki\u015faf v\u0259 \u0259m\u0259kda\u015fl\u0131q&#8221; adl\u0131 beyn\u0259lxalq konfrans Az\u0259rbaycan\u0131n m\u00fc\u0259llifi oldu\u011fu yeni regional reall\u0131qlar\u0131n h\u0259qiq\u0259t\u0259n d\u0259 art\u0131q b\u00fct\u00fcn d\u00fcnya t\u0259r\u0259find\u0259n\u00a0 q\u0259bul edildiyini bir daha t\u0259sdiq etmi\u015f oldu. \u00d6lk\u0259 Prezidenti c\u0259nab \u0130lham \u018fliyev konfransda etdiyi \u00e7\u0131x\u0131\u015f\u0131nda birm\u0259nal\u0131 olaraq qeyd etdi ki, Az\u0259rbaycan \u00fcmumi g\u0259l\u0259c\u0259k namin\u0259 konstruktiv add\u0131mlar atma\u011fa haz\u0131rd\u0131r, lakin Erm\u0259nistan ordusu t\u0259r\u0259find\u0259n t\u00f6r\u0259dilmi\u015f v\u0259h\u015filikl\u0259r d\u0259 xalq\u0131m\u0131z t\u0259r\u0259find\u0259n he\u00e7 zaman unudulmayacaqd\u0131r. Bununla da d\u00f6vl\u0259timizin ba\u015f\u00e7\u0131s\u0131 Erm\u0259nistandak\u0131 b\u0259zi revan\u015fist \u0259hval-ruhiy\u0259li q\u00fcvv\u0259l\u0259r\u0259 n\u00f6vb\u0259ti d\u0259f\u0259 x\u0259b\u0259rdarl\u0131q mesajlar\u0131n\u0131 a\u015fkar\u00a0 v\u0259 net \u015f\u0259kild\u0259 \u00e7atd\u0131rd\u0131&#8221;.<\/p>\n<p>Bu s\u00f6zl\u0259ri m\u0259tbuata verdiyi a\u00e7\u0131qlamas\u0131nda Az\u0259rbaycan Respublikas\u0131 Milli M\u0259clisinin deputat\u0131 Kamal\u0259ddin Qafarov deyib.<\/p>\n<p>Mill\u0259t v\u0259kili bildirib ki, beyn\u0259lxalq konfrans\u0131n i\u015ftirak\u00e7\u0131lar\u0131na Az\u0259rbaycan\u0131n \u00f6z \u0259razil\u0259rini i\u015f\u011faldan h\u0259rbi yolla azad etm\u0259y\u0259 m\u0259hz m\u0259cbur edildiyin\u0259 dair a\u015fkar s\u00fcbutlar t\u0259qdim edilib. Konfrans i\u015ftirak\u00e7\u0131lar\u0131 i\u015f\u011faldan azad edilmi\u015f \u0259razil\u0259r\u0259 ezam olunaraq, erm\u0259nil\u0259rin orada t\u00f6r\u0259tdikl\u0259ri b\u00fct\u00fcn v\u0259h\u015filikl\u0259ri, eyni zamanda da \u0259razil\u0259rin h\u0259mi\u015f\u0259lik i\u015f\u011falda saxlanmas\u0131na hesablanm\u0131\u015f h\u0259rbi-m\u00fch\u0259ndis qur\u011fular\u0131n\u0131 \u00f6z g\u00f6zl\u0259ri il\u0259 g\u00f6rm\u00fc\u015fl\u0259r: &#8220;D\u00fcnyan\u0131n apar\u0131c\u0131 beyin m\u0259rk\u0259zl\u0259rinin n\u00fcmay\u0259nd\u0259l\u0259rinin i\u015ftirak etdiyi bu konfrans\u0131n \u0259h\u0259miyy\u0259ti \u00e7ox b\u00f6y\u00fckd\u00fcr. \u0130lk n\u00f6vb\u0259d\u0259, konfrans i\u015ftirak\u00e7\u0131lar\u0131 Erm\u0259nistan ordusu t\u0259r\u0259find\u0259n xalq\u0131m\u0131za, dinc \u0259haliy\u0259 qar\u015f\u0131 t\u00f6r\u0259dilmi\u015f v\u0259h\u015filikl\u0259rin, erm\u0259ni fa\u015fizminin v\u0259 vandalizminin ac\u0131 n\u0259tic\u0259l\u0259rini \u00f6z g\u00f6zl\u0259ri il\u0259 g\u00f6rm\u00fc\u015fl\u0259r v\u0259 art\u0131q he\u00e7 kim bu h\u0259qiq\u0259ti dana bilm\u0259z.\u00a0 Bu insanlar i\u015f\u011faldan azad edilmi\u015f \u0259razil\u0259r\u0259 etdikl\u0259ri s\u0259f\u0259rl\u0259ri zaman\u0131 Erm\u0259nistan\u0131n orada yaratd\u0131\u011f\u0131 n\u0259h\u0259ng istehkamlar\u0131, m\u00fcdafi\u0259 x\u0259tl\u0259rini d\u0259 g\u00f6rm\u00fc\u015fl\u0259r.<\/p>\n<p>Art\u0131q h\u0259r k\u0259s etiraf etm\u0259k m\u0259cburiyy\u0259tind\u0259dir ki, r\u0259smi \u0130r\u0259van\u0131n niyy\u0259ti m\u00fcnaqi\u015f\u0259nin dondurulmas\u0131 olub. Erm\u0259nistan m\u00fcnaqi\u015f\u0259nin h\u0259llini arzulamay\u0131b. Onlar m\u00fcdafi\u0259 qur\u011fular\u0131n\u0131n tikintisin\u0259 milyonlarla dollarl\u0131q v\u0259sait c\u0259lb etm\u0259kl\u0259 bu \u0259razil\u0259ri h\u0259mi\u015f\u0259lik i\u015f\u011falda saxlamaq ist\u0259yibl\u0259r.<\/p>\n<p>Konfrans i\u015ftirak\u00e7\u0131lar\u0131 Erm\u0259nistan h\u00f6kum\u0259tinin a\u011f\u0131r h\u0259rbi cinay\u0259tl\u0259r t\u00f6r\u0259tm\u0259sin\u0259 dair dan\u0131lmaz d\u0259lill\u0259r \u0259ld\u0259 edibl\u0259r. Az\u0259rbaycan Prezidenti c\u0259nab \u0130lham \u018fliyev konfransda etdiyi \u00e7\u0131x\u0131\u015f\u0131nda son d\u0259r\u0259c\u0259 d\u0259qiq vur\u011fulad\u0131 ki, Erm\u0259nistan Birinci Qaraba\u011f m\u00fcharib\u0259sind\u0259 d\u0259 m\u00fcharib\u0259 cinay\u0259tl\u0259ri t\u00f6r\u0259dib. Lakin o vaxt informasiya m\u00fchiti f\u0259rqli idi. V\u0259h\u015filikl\u0259rl\u0259 v\u0259 barbarl\u0131qla ba\u011fl\u0131 \u00e7oxlu faktlar s\u0259n\u0259dl\u0259\u015fdirilm\u0259yib v\u0259 s\u0259n\u0259dl\u0259\u015fdirils\u0259 bel\u0259, bu, beyn\u0259lxalq ictimaiyy\u0259t\u0259 \u00e7atmay\u0131b. Bel\u0259likl\u0259, onlar o zaman bir \u00e7ox m\u00fcharib\u0259 cinay\u0259tl\u0259rini gizl\u0259d\u0259 bildil\u0259r. Lakin bu d\u0259f\u0259 art\u0131q Az\u0259rbaycan\u0131 informasiya blokadas\u0131na almaq m\u00fcmk\u00fcn deyildi.<\/p>\n<p>V\u0259t\u0259n m\u00fcharib\u0259sinin gedi\u015fi zaman\u0131 beyn\u0259lxalq ictimaiyy\u0259t d\u0259f\u0259l\u0259rl\u0259 erm\u0259ni barbarl\u0131\u011f\u0131n\u0131n \u015fahidi oldu. T\u0259kc\u0259 G\u0259nc\u0259 \u015f\u0259h\u0259rin\u0259 ballistik raketl\u0259rin at\u0131lmas\u0131 barbarl\u0131\u011f\u0131n, h\u0259rbi cinay\u0259tkarl\u0131\u011f\u0131n \u0259n b\u00f6y\u00fck g\u00f6st\u0259ricisidir. \u00c7\u00fcnki bu, gec\u0259 vaxt\u0131 insanlar\u0131n yatd\u0131\u011f\u0131 zaman h\u0259d\u0259fl\u0259nmi\u015f h\u00fccum idi.<\/p>\n<p>Bizim bir \u00e7ox \u015f\u0259h\u0259r, q\u0259s\u0259b\u0259 v\u0259 k\u0259ndl\u0259rimiz erm\u0259ni v\u0259h\u015filiyinin qurban\u0131 olub. \u0130kinci Qaraba\u011f m\u00fcharib\u0259si zaman\u0131 onlar beyn\u0259lxalq ictimaiyy\u0259tin g\u00f6z\u00fc qar\u015f\u0131s\u0131nda bizim \u015f\u0259h\u0259r v\u0259 k\u0259ndl\u0259rimizi ballistik raketl\u0259rl\u0259 bombalay\u0131blar, h\u0259r g\u00fcn artilleriya at\u0259\u015fin\u0259 tutublar. T\u0259bii ki, bu h\u00fccumlar n\u0259tic\u0259siz qalmay\u0131b v\u0259 bu g\u00fcn beyn\u0259lxalq konfrans\u0131n i\u015ftirak\u00e7\u0131lar\u0131 erm\u0259ni v\u0259h\u015filiyinin buraxd\u0131\u011f\u0131 bu izl\u0259ri a\u00e7\u0131q-a\u015fkar izl\u0259m\u0259k, ara\u015fd\u0131rmaq v\u0259 m\u00fcvafiq fikir formala\u015fd\u0131rmaq imkanlar\u0131 \u0259ld\u0259 etdil\u0259r&#8221;.<\/p>\n<p>Kamal\u0259ddin Qafarov h\u0259m\u00e7inin vur\u011fulay\u0131b ki, Prezident \u0130lham \u018fliyevin tarixi\u00a0 h\u0259qiq\u0259tl\u0259rin t\u0259hrif olunmas\u0131n\u0131n yolverilm\u0259zliyin\u0259 dair konfransda s\u0259sl\u0259ndirdiyi fikirl\u0259r g\u0259nc n\u0259slin d\u00fczg\u00fcn t\u0259lim-t\u0259rbiy\u0259si, v\u0259t\u0259np\u0259rv\u0259r ruhda formala\u015fmas\u0131 v\u0259 g\u0259l\u0259c\u0259kd\u0259 h\u0259r hans\u0131 i\u015f\u011fala yol a\u00e7a bil\u0259c\u0259k s\u0259hvl\u0259r\u0259 yol verilm\u0259m\u0259si bax\u0131m\u0131ndan m\u00fcst\u0259sna \u0259h\u0259miyy\u0259t k\u0259sb edir: &#8220;M\u00f6ht\u0259r\u0259m d\u00f6vl\u0259t ba\u015f\u00e7\u0131m\u0131z\u0131n \u00f6z \u00e7\u0131x\u0131\u015f\u0131nda toxundu\u011fu tarixin t\u0259hrif olunmas\u0131 m\u0259s\u0259l\u0259si son d\u0259r\u0259c\u0259 vacib m\u0259qamlardan biridir. Bu g\u00fcn biz\u0259 m\u00fcnaqi\u015f\u0259d\u0259n sonrak\u0131 m\u0259rh\u0259l\u0259 bar\u0259d\u0259 dan\u0131\u015f\u0131qlara ba\u015flamaq t\u0259klif olunur. Lakin bu dan\u0131\u015f\u0131qda i\u015ftirak ed\u0259c\u0259k b\u00fct\u00fcn t\u0259r\u0259fl\u0259r ba\u015fa d\u00fc\u015fm\u0259lidirl\u0259r ki, bu \u0259razil\u0259r, bizim \u0259razil\u0259rimiz 30 il i\u015f\u011fal alt\u0131nda qal\u0131b. C\u0259nab Prezidentimizin dediyi kimi, m\u00fcnaqi\u015f\u0259nin tarixi t\u0259hrif olunmadan xalq\u0131n yadda\u015f\u0131nda qalmal\u0131d\u0131r. Biz xatir\u0259l\u0259ri, ail\u0259 \u00fczvl\u0259rini itir\u0259n insanlar\u0131n v\u0259 h\u0259min \u0259razil\u0259rd\u0259 fundamental ya\u015famaq h\u00fcququ olan insanlar\u0131n bu h\u00fcquqdan m\u0259hrum edilm\u0259sini yadda\u015flardan sil\u0259 bilm\u0259rik. X\u00fcsusil\u0259 g\u0259nc n\u0259sil tarixi h\u0259qiq\u0259tl\u0259ri bilm\u0259lidir. G\u0259nc n\u0259sil Z\u0259ng\u0259zurun tarixi Az\u0259rbaycan \u0259razisi olmas\u0131n\u0131 bilm\u0259lidir, az\u0259rbaycanl\u0131lar\u0131 q\u0259tl\u0259 yetir\u0259n, soyq\u0131r\u0131m\u0131 t\u00f6r\u0259d\u0259n \u015eaumyan\u0131n v\u0259 dig\u0259rl\u0259rinin qatil, cinay\u0259tkar oldu\u011funu bilm\u0259lidir. Bu faktlar q\u0259bul edilm\u0259li, beyn\u0259lxalq s\u0259viyy\u0259d\u0259 d\u00fczg\u00fcn qiym\u0259tl\u0259ndirilm\u0259lidir ki, g\u0259l\u0259c\u0259kd\u0259 insanl\u0131q bir d\u0259 bel\u0259 v\u0259h\u015filikl\u0259rl\u0259 \u00fcz-\u00fcz\u0259 qalmas\u0131n&#8221;.<\/p>\n<p>Kamal\u0259ddin Qafarov Az\u0259rbaycan\u0131n q\u0259l\u0259b\u0259sinin h\u0259m \u00f6lk\u0259mizin, h\u0259m d\u0259 b\u00fct\u00f6v regionun s\u00fcr\u0259tli inki\u015faf\u0131 \u00fc\u00e7\u00fcn \u0259sasl\u0131 z\u0259min yaratd\u0131\u011fn\u0131 x\u00fcsusi vur\u011fulay\u0131b. Mill\u0259t v\u0259kili bildirib ki, Az\u0259rbaycan h\u0259r zaman qar\u015f\u0131l\u0131ql\u0131 faydal\u0131 \u0259m\u0259kda\u015fl\u0131\u011f\u0131n t\u0259r\u0259fdar\u0131 olub: &#8220;Az\u0259rbaycan xalq\u0131n\u0131n Q\u0259l\u0259b\u0259si d\u00f6vl\u0259timizin iqtisadi, siyasi g\u00fcc\u00fcn\u00fcn, el\u0259c\u0259d\u0259 beyn\u0259lxalq m\u00f6vqel\u0259rinin artmas\u0131n\u0131n m\u0259ntiqi n\u0259tic\u0259sidir. Erm\u0259nistan r\u0259hb\u0259rliyi el\u0259 z\u0259nn edirdi ki, biziml\u0259 1992-ci ild\u0259ki d\u00f6y\u00fc\u015f\u00fc aparacaqlar. Lakin bu g\u00fcn Az\u0259rbaycan tam f\u0259rqli, m\u00fcqayis\u0259 olunmaz d\u0259r\u0259c\u0259d\u0259 g\u00fccl\u00fc bir d\u00f6vl\u0259tdir. Bununla bel\u0259 Az\u0259rbaycan h\u0259r zaman beyn\u0259lxalq \u0259m\u0259kda\u015fl\u0131\u011f\u0131n t\u0259r\u0259fdar\u0131 olub. Bu \u015f\u0259rtl\u0259 ki, beyn\u0259lxalq \u0259m\u0259kda\u015fl\u0131q qar\u015f\u0131l\u0131ql\u0131 maraqlar \u0259sas\u0131nda qurulmal\u0131d\u0131r. Konfransda ona veril\u0259n suallar\u0131 cavabland\u0131rark\u0259n \u00d6lk\u0259 Prezidenti c\u0259nab \u0130lham \u018fliyev: &#8220;\u0130taliya bizim \u00f6lk\u0259miz \u00fc\u00e7\u00fcn \u00e7ox yax\u0131n t\u0259r\u0259fda\u015fd\u0131r&#8221; &#8211; dem\u0259kl\u0259, dig\u0259r Avropa \u00f6lk\u0259l\u0259rini erm\u0259nip\u0259r\u0259st q\u00fcvv\u0259l\u0259rin t\u0259sirind\u0259n \u00e7\u0131xma\u011fa d\u0259v\u0259t etdi. H\u0259m\u00e7inin \u00f6z \u00e7\u0131x\u0131\u015f\u0131nda d\u00f6vl\u0259timizin ba\u015f\u00e7\u0131s\u0131 bu m\u0259qam\u0131 da x\u00fcsusi olaraq vur\u011fulad\u0131 ki, qon\u015fular\u0131m\u0131z regional inki\u015fafla ba\u011fl\u0131 bizim bax\u0131\u015flar\u0131m\u0131z\u0131 payla\u015f\u0131rlar. Az\u0259rbaycan h\u00f6kum\u0259ti regionun g\u0259l\u0259c\u0259yini, n\u0259qliyyat, logistika, enerji \u0259m\u0259kda\u015fl\u0131\u011f\u0131, ticar\u0259t v\u0259 s. il\u0259 ba\u011fl\u0131 layih\u0259l\u0259rin nec\u0259 ola bil\u0259c\u0259yini qon\u015fu \u00f6lkl\u0259rl\u0259 m\u00fczakir\u0259 edir. Az\u0259rbaycan beyn\u0259lxalq iqtisadi \u0259m\u0259kda\u015fl\u0131q \u00e7\u0259r\u00e7iv\u0259sind\u0259 n\u0259qliyyat layih\u0259l\u0259rin inki\u015faf\u0131na x\u00fcsusi diqq\u0259t ayr\u0131lmas\u0131n\u0131 t\u0259klif edir. Az\u0259rbaycan\u0131n q\u0259l\u0259b\u0259si \u00f6lk\u0259nin yeni iqtisadi inki\u015faf m\u0259rh\u0259l\u0259sinin \u0259sas\u0131n\u0131 qoydu. \u00d6lk\u0259 Prezidenti c\u0259nab \u0130lham \u018fliyevin dediyi kimi, Qaraba\u011f iqtisadiyyat\u0131m\u0131zda, qeyri-enerji sektorunda, el\u0259c\u0259 d\u0259 n\u0259qliyyat sah\u0259sind\u0259 m\u00fch\u00fcm yerl\u0259rd\u0259n birini tutacaq&#8221;.<\/p>\n","protected":false},"excerpt":{"rendered":"<p>&#8220;Aprelin 13-d\u0259 ADA Universitetind\u0259 ke\u00e7irilmi\u015f &#8220;C\u0259nubi Qafqaza yeni bax\u0131\u015f: m\u00fcnaqi\u015f\u0259d\u0259n sonra inki\u015faf v\u0259 \u0259m\u0259kda\u015fl\u0131q&#8221; adl\u0131 beyn\u0259lxalq konfrans Az\u0259rbaycan\u0131n m\u00fc\u0259llifi oldu\u011fu yeni regional reall\u0131qlar\u0131n h\u0259qiq\u0259t\u0259n d\u0259 art\u0131q b\u00fct\u00fcn d\u00fcnya t\u0259r\u0259find\u0259n\u00a0 q\u0259bul edildiyini bir daha t\u0259sdiq etmi\u015f oldu. \u00d6lk\u0259 Prezidenti c\u0259nab \u0130lham \u018fliyev konfransda etdiyi \u00e7\u0131x\u0131\u015f\u0131nda birm\u0259nal\u0131 olaraq qeyd etdi ki, Az\u0259rbaycan \u00fcmumi g\u0259l\u0259c\u0259k namin\u0259 konstruktiv add\u0131mlar atma\u011fa haz\u0131rd\u0131r, lakin Erm\u0259nistan ordusu t\u0259r\u0259find\u0259n t\u00f6r\u0259dilmi\u015f v\u0259h\u015filikl\u0259r d\u0259 xalq\u0131m\u0131z t\u0259r\u0259find\u0259n he\u00e7 zaman unudulmayacaqd\u0131r. Bununla da d\u00f6vl\u0259timizin ba\u015f\u00e7\u0131s\u0131 Erm\u0259nistandak\u0131 b\u0259zi revan\u015fist \u0259hval-ruhiy\u0259li q\u00fcvv\u0259l\u0259r\u0259 n\u00f6vb\u0259ti d\u0259f\u0259 x\u0259b\u0259rdarl\u0131q mesajlar\u0131n\u0131 a\u015fkar\u00a0 v\u0259 net \u015f\u0259kild\u0259 \u00e7atd\u0131rd\u0131&#8221;. Bu s\u00f6zl\u0259ri m\u0259tbuata&hellip;<\/p>\n","protected":false},"author":2,"featured_media":326015,"comment_status":"closed","ping_status":"closed","sticky":false,"template":"","format":"standard","meta":{"om_disable_all_campaigns":false,"_monsterinsights_skip_tracking":false,"_monsterinsights_sitenote_active":false,"_monsterinsights_sitenote_note":"","_monsterinsights_sitenote_category":0},"categories":[4],"tags":[],"aioseo_notices":[],"gutentor_comment":0,"rttpg_featured_image_url":{"full":["https:\/\/arantv.az\/wp-content\/uploads\/2021\/04\/926764.jpg",800,600,false],"landscape":["https:\/\/arantv.az\/wp-content\/uploads\/2021\/04\/926764.jpg",800,600,false],"portraits":["https:\/\/arantv.az\/wp-content\/uploads\/2021\/04\/926764.jpg",800,600,false],"thumbnail":["https:\/\/arantv.az\/wp-content\/uploads\/2021\/04\/926764-500x280.jpg",500,280,true],"medium":["https:\/\/arantv.az\/wp-content\/uploads\/2021\/04\/926764-487x365.jpg",487,365,true],"large":["https:\/\/arantv.az\/wp-content\/uploads\/2021\/04\/926764.jpg",640,480,false],"1536x1536":["https:\/\/arantv.az\/wp-content\/uploads\/2021\/04\/926764.jpg",800,600,false],"2048x2048":["https:\/\/arantv.az\/wp-content\/uploads\/2021\/04\/926764.jpg",800,600,false],"post-thumbnail":["https:\/\/arantv.az\/wp-content\/uploads\/2021\/04\/926764-240x172.jpg",240,172,true],"advps-thumb-one":["https:\/\/arantv.az\/wp-content\/uploads\/2021\/04\/926764.jpg",800,600,false]},"rttpg_author":{"display_name":"V\u00fcsal Rafiqo\u011flu","author_link":"https:\/\/arantv.az\/?author=2"},"rttpg_comment":0,"rttpg_category":"<a href=\"https:\/\/arantv.az\/?cat=4\" rel=\"category\">Siyas\u0259t<\/a>","rttpg_excerpt":"&#8220;Aprelin 13-d\u0259 ADA Universitetind\u0259 ke\u00e7irilmi\u015f &#8220;C\u0259nubi Qafqaza yeni bax\u0131\u015f: m\u00fcnaqi\u015f\u0259d\u0259n sonra inki\u015faf v\u0259 \u0259m\u0259kda\u015fl\u0131q&#8221; adl\u0131 beyn\u0259lxalq konfrans Az\u0259rbaycan\u0131n m\u00fc\u0259llifi oldu\u011fu yeni regional reall\u0131qlar\u0131n h\u0259qiq\u0259t\u0259n d\u0259 art\u0131q b\u00fct\u00fcn d\u00fcnya t\u0259r\u0259find\u0259n\u00a0 q\u0259bul edildiyini bir daha t\u0259sdiq etmi\u015f oldu. \u00d6lk\u0259 Prezidenti c\u0259nab \u0130lham \u018fliyev konfransda etdiyi \u00e7\u0131x\u0131\u015f\u0131nda birm\u0259nal\u0131 olaraq qeyd etdi ki, Az\u0259rbaycan \u00fcmumi g\u0259l\u0259c\u0259k namin\u0259 konstruktiv add\u0131mlar&hellip;","_links":{"self":[{"href":"https:\/\/arantv.az\/index.php?rest_route=\/wp\/v2\/posts\/326014"}],"collection":[{"href":"https:\/\/arantv.az\/index.php?rest_route=\/wp\/v2\/posts"}],"about":[{"href":"https:\/\/arantv.az\/index.php?rest_route=\/wp\/v2\/types\/post"}],"author":[{"embeddable":true,"href":"https:\/\/arantv.az\/index.php?rest_route=\/wp\/v2\/users\/2"}],"replies":[{"embeddable":true,"href":"https:\/\/arantv.az\/index.php?rest_route=%2Fwp%2Fv2%2Fcomments&post=326014"}],"version-history":[{"count":0,"href":"https:\/\/arantv.az\/index.php?rest_route=\/wp\/v2\/posts\/326014\/revisions"}],"wp:featuredmedia":[{"embeddable":true,"href":"https:\/\/arantv.az\/index.php?rest_route=\/wp\/v2\/media\/326015"}],"wp:attachment":[{"href":"https:\/\/arantv.az\/index.php?rest_route=%2Fwp%2Fv2%2Fmedia&parent=326014"}],"wp:term":[{"taxonomy":"category","embeddable":true,"href":"https:\/\/arantv.az\/index.php?rest_route=%2Fwp%2Fv2%2Fcategories&post=326014"},{"taxonomy":"post_tag","embeddable":true,"href":"https:\/\/arantv.az\/index.php?rest_route=%2Fwp%2Fv2%2Ftags&post=326014"}],"curies":[{"name":"wp","href":"https:\/\/api.w.org\/{rel}","templated":true}]}}