{"id":326027,"date":"2021-04-15T14:02:32","date_gmt":"2021-04-15T11:02:32","guid":{"rendered":"https:\/\/arantv.az\/?p=326027"},"modified":"2021-04-15T14:02:32","modified_gmt":"2021-04-15T11:02:32","slug":"cavusoglu-abs-in-terror-t%c9%99skilatlarina-d%c9%99st%c9%99yi-munasib%c9%99tl%c9%99rimiz%c9%99-m%c9%99nfi-t%c9%99sir-ed%c9%99c%c9%99k","status":"publish","type":"post","link":"https:\/\/arantv.az\/?p=326027","title":{"rendered":"\u00c7avu\u015fo\u011flu: \u201cAB\u015e-\u0131n terror t\u0259\u015fkilatlar\u0131na d\u0259st\u0259yi m\u00fcnasib\u0259tl\u0259rimiz\u0259 m\u0259nfi t\u0259sir ed\u0259c\u0259k\u201d"},"content":{"rendered":"<p>T\u00fcrkiy\u0259 Xarici \u0130\u015fl\u0259r naziri M\u00f6vlud \u00c7avu\u015fo\u011flu AB\u015e d\u00f6vl\u0259t katibi Entoni Blinkenl\u0259 telefonla v\u0259 \u00fcz-\u00fcz\u0259 g\u00f6r\u00fc\u015fl\u0259ri bar\u0259d\u0259 a\u00e7\u0131qlamalar verib.<\/p>\n<p>NTV-y\u0259 m\u00fcsahib\u0259sind\u0259 \u00c7avu\u015fo\u011flu bildirib ki, S-400, FET\u00d6, AB\u015e-\u0131n terror t\u0259\u015fkilatlar\u0131na verdiyi d\u0259st\u0259kd\u0259n b\u0259hs edilib.<\/p>\n<p>\u201cYol x\u0259rit\u0259si il\u0259 ir\u0259lil\u0259m\u0259y\u0259 raz\u0131y\u0131q. T\u00fcrkiy\u0259nin fikirl\u0259rini ifad\u0259 ed\u0259n\u00a0s\u0259n\u0259di AB\u015e-a t\u0259qdim etdik. Birl\u0259\u015fmi\u015f \u015etatlar haz\u0131rda bu s\u0259n\u0259d \u00fcz\u0259rind\u0259 i\u015fl\u0259yir\u201d.<\/p>\n<div id=\"AdviadNativeVideo0\" class=\"AdviadNativeVideo\"><\/div>\n<p>T\u00fcrkiy\u0259li nazir qeyd edib ki, ikit\u0259r\u0259fli m\u00fcnasib\u0259tl\u0259rd\u0259\u00a0dialoqlar\u0131 davam etdirm\u0259k \u00fc\u00e7\u00fcn \u018ffqan\u0131stan, Suriya v\u0259 regional m\u00f6vzularda n\u0259\u00a0ed\u0259 bil\u0259c\u0259kl\u0259ri bar\u0259d\u0259 m\u00fczakir\u0259l\u0259r apar\u0131blar:<\/p>\n<p>\u201c\u0130ki \u00f6lk\u0259nin birlikd\u0259 i\u015f plan\u0131n\u0131n olmas\u0131\u00a0\u00fcmidverici m\u0259qamd\u0131r. Dig\u0259r probleml\u0259ri h\u0259ll etm\u0259k \u00fc\u00e7\u00fcn yol x\u0259rit\u0259sind\u0259 birlikd\u0259 n\u0259l\u0259r ed\u0259 bil\u0259c\u0259yimiz bar\u0259d\u0259 dan\u0131\u015f\u0131qlar aparmal\u0131 v\u0259 sonra onlar\u0131 h\u0259yata ke\u00e7irm\u0259liyik\u201d.<\/p>\n<p>\u00c7avu\u015fo\u011flu vur\u011fulay\u0131b ki, AB\u015e terror t\u0259\u015fkilatlar\u0131na d\u0259st\u0259k verm\u0259y\u0259 davam ed\u0259rs\u0259, bu m\u00fcnasib\u0259tl\u0259rimiz\u0259 m\u0259nfi t\u0259sir g\u00f6st\u0259r\u0259c\u0259k.<\/p>\n<p>AB\u015e q\u00fcvv\u0259l\u0259rinin \u018ffqan\u0131standan \u00e7\u0259kilm\u0259 prosesi il\u0259 \u0259laq\u0259dar olaraq, bildirib ki, T\u00fcrkiy\u0259 \u018ffqan\u0131standa davaml\u0131 s\u00fclh\u00fc v\u0259 sabitliyi d\u0259st\u0259kl\u0259yir.<\/p>\n","protected":false},"excerpt":{"rendered":"<p>T\u00fcrkiy\u0259 Xarici \u0130\u015fl\u0259r naziri M\u00f6vlud \u00c7avu\u015fo\u011flu AB\u015e d\u00f6vl\u0259t katibi Entoni Blinkenl\u0259 telefonla v\u0259 \u00fcz-\u00fcz\u0259 g\u00f6r\u00fc\u015fl\u0259ri bar\u0259d\u0259 a\u00e7\u0131qlamalar verib. NTV-y\u0259 m\u00fcsahib\u0259sind\u0259 \u00c7avu\u015fo\u011flu bildirib ki, S-400, FET\u00d6, AB\u015e-\u0131n terror t\u0259\u015fkilatlar\u0131na verdiyi d\u0259st\u0259kd\u0259n b\u0259hs edilib. \u201cYol x\u0259rit\u0259si il\u0259 ir\u0259lil\u0259m\u0259y\u0259 raz\u0131y\u0131q. T\u00fcrkiy\u0259nin fikirl\u0259rini ifad\u0259 ed\u0259n\u00a0s\u0259n\u0259di AB\u015e-a t\u0259qdim etdik. Birl\u0259\u015fmi\u015f \u015etatlar haz\u0131rda bu s\u0259n\u0259d \u00fcz\u0259rind\u0259 i\u015fl\u0259yir\u201d. T\u00fcrkiy\u0259li nazir qeyd edib ki, ikit\u0259r\u0259fli m\u00fcnasib\u0259tl\u0259rd\u0259\u00a0dialoqlar\u0131 davam etdirm\u0259k \u00fc\u00e7\u00fcn \u018ffqan\u0131stan, Suriya v\u0259 regional m\u00f6vzularda n\u0259\u00a0ed\u0259 bil\u0259c\u0259kl\u0259ri bar\u0259d\u0259 m\u00fczakir\u0259l\u0259r apar\u0131blar: \u201c\u0130ki \u00f6lk\u0259nin birlikd\u0259 i\u015f plan\u0131n\u0131n olmas\u0131\u00a0\u00fcmidverici m\u0259qamd\u0131r. Dig\u0259r probleml\u0259ri h\u0259ll etm\u0259k \u00fc\u00e7\u00fcn yol x\u0259rit\u0259sind\u0259 birlikd\u0259 n\u0259l\u0259r ed\u0259 bil\u0259c\u0259yimiz bar\u0259d\u0259&hellip;<\/p>\n","protected":false},"author":2,"featured_media":326028,"comment_status":"closed","ping_status":"closed","sticky":false,"template":"","format":"standard","meta":{"om_disable_all_campaigns":false,"_monsterinsights_skip_tracking":false,"_monsterinsights_sitenote_active":false,"_monsterinsights_sitenote_note":"","_monsterinsights_sitenote_category":0},"categories":[7],"tags":[],"aioseo_notices":[],"gutentor_comment":0,"rttpg_featured_image_url":{"full":["https:\/\/arantv.az\/wp-content\/uploads\/2021\/04\/resized_db57c-b44af4fdmevlutcavusogluvag5_cover.jpg",620,348,false],"landscape":["https:\/\/arantv.az\/wp-content\/uploads\/2021\/04\/resized_db57c-b44af4fdmevlutcavusogluvag5_cover.jpg",620,348,false],"portraits":["https:\/\/arantv.az\/wp-content\/uploads\/2021\/04\/resized_db57c-b44af4fdmevlutcavusogluvag5_cover.jpg",620,348,false],"thumbnail":["https:\/\/arantv.az\/wp-content\/uploads\/2021\/04\/resized_db57c-b44af4fdmevlutcavusogluvag5_cover-500x280.jpg",500,280,true],"medium":["https:\/\/arantv.az\/wp-content\/uploads\/2021\/04\/resized_db57c-b44af4fdmevlutcavusogluvag5_cover.jpg",620,348,false],"large":["https:\/\/arantv.az\/wp-content\/uploads\/2021\/04\/resized_db57c-b44af4fdmevlutcavusogluvag5_cover.jpg",620,348,false],"1536x1536":["https:\/\/arantv.az\/wp-content\/uploads\/2021\/04\/resized_db57c-b44af4fdmevlutcavusogluvag5_cover.jpg",620,348,false],"2048x2048":["https:\/\/arantv.az\/wp-content\/uploads\/2021\/04\/resized_db57c-b44af4fdmevlutcavusogluvag5_cover.jpg",620,348,false],"post-thumbnail":["https:\/\/arantv.az\/wp-content\/uploads\/2021\/04\/resized_db57c-b44af4fdmevlutcavusogluvag5_cover-240x172.jpg",240,172,true],"advps-thumb-one":["https:\/\/arantv.az\/wp-content\/uploads\/2021\/04\/resized_db57c-b44af4fdmevlutcavusogluvag5_cover.jpg",620,348,false]},"rttpg_author":{"display_name":"V\u00fcsal Rafiqo\u011flu","author_link":"https:\/\/arantv.az\/?author=2"},"rttpg_comment":0,"rttpg_category":"<a href=\"https:\/\/arantv.az\/?cat=7\" rel=\"category\">D\u00fcnya<\/a>","rttpg_excerpt":"T\u00fcrkiy\u0259 Xarici \u0130\u015fl\u0259r naziri M\u00f6vlud \u00c7avu\u015fo\u011flu AB\u015e d\u00f6vl\u0259t katibi Entoni Blinkenl\u0259 telefonla v\u0259 \u00fcz-\u00fcz\u0259 g\u00f6r\u00fc\u015fl\u0259ri bar\u0259d\u0259 a\u00e7\u0131qlamalar verib. NTV-y\u0259 m\u00fcsahib\u0259sind\u0259 \u00c7avu\u015fo\u011flu bildirib ki, S-400, FET\u00d6, AB\u015e-\u0131n terror t\u0259\u015fkilatlar\u0131na verdiyi d\u0259st\u0259kd\u0259n b\u0259hs edilib. \u201cYol x\u0259rit\u0259si il\u0259 ir\u0259lil\u0259m\u0259y\u0259 raz\u0131y\u0131q. T\u00fcrkiy\u0259nin fikirl\u0259rini ifad\u0259 ed\u0259n\u00a0s\u0259n\u0259di AB\u015e-a t\u0259qdim etdik. Birl\u0259\u015fmi\u015f \u015etatlar haz\u0131rda bu s\u0259n\u0259d \u00fcz\u0259rind\u0259 i\u015fl\u0259yir\u201d. T\u00fcrkiy\u0259li nazir qeyd edib&hellip;","_links":{"self":[{"href":"https:\/\/arantv.az\/index.php?rest_route=\/wp\/v2\/posts\/326027"}],"collection":[{"href":"https:\/\/arantv.az\/index.php?rest_route=\/wp\/v2\/posts"}],"about":[{"href":"https:\/\/arantv.az\/index.php?rest_route=\/wp\/v2\/types\/post"}],"author":[{"embeddable":true,"href":"https:\/\/arantv.az\/index.php?rest_route=\/wp\/v2\/users\/2"}],"replies":[{"embeddable":true,"href":"https:\/\/arantv.az\/index.php?rest_route=%2Fwp%2Fv2%2Fcomments&post=326027"}],"version-history":[{"count":0,"href":"https:\/\/arantv.az\/index.php?rest_route=\/wp\/v2\/posts\/326027\/revisions"}],"wp:featuredmedia":[{"embeddable":true,"href":"https:\/\/arantv.az\/index.php?rest_route=\/wp\/v2\/media\/326028"}],"wp:attachment":[{"href":"https:\/\/arantv.az\/index.php?rest_route=%2Fwp%2Fv2%2Fmedia&parent=326027"}],"wp:term":[{"taxonomy":"category","embeddable":true,"href":"https:\/\/arantv.az\/index.php?rest_route=%2Fwp%2Fv2%2Fcategories&post=326027"},{"taxonomy":"post_tag","embeddable":true,"href":"https:\/\/arantv.az\/index.php?rest_route=%2Fwp%2Fv2%2Ftags&post=326027"}],"curies":[{"name":"wp","href":"https:\/\/api.w.org\/{rel}","templated":true}]}}