{"id":326036,"date":"2021-04-15T14:29:04","date_gmt":"2021-04-15T11:29:04","guid":{"rendered":"https:\/\/arantv.az\/?p=326036"},"modified":"2021-04-15T14:29:04","modified_gmt":"2021-04-15T11:29:04","slug":"az%c9%99rbaycanda-iki-qadin-kisinin-%c9%99l-ayagini-baglayib-t%c9%99cavuz-etdi-video","status":"publish","type":"post","link":"https:\/\/arantv.az\/?p=326036","title":{"rendered":"Az\u0259rbaycanda iki qad\u0131n ki\u015finin \u0259l-aya\u011f\u0131n\u0131 ba\u011flay\u0131b, t\u0259cav\u00fcz etdi &#8211; V\u0130DEO"},"content":{"rendered":"<article class=\"news\">\n<div class=\"news-inner\">\n<p>ARB TV-d\u0259 yay\u0131mlanan \u201cElgizl\u0259 izl\u0259\u201d\u00a0verili\u015fin\u0259 qonaq g\u0259l\u0259n \u015f\u0259xs \u015fok iddia il\u0259 \u00e7\u0131x\u0131\u015f edib.<\/p>\n<p>Bel\u0259 ki, verili\u015fd\u0259 i\u015ftirak ed\u0259n B\u0259hruz adl\u0131 \u015f\u0259xs iki qad\u0131n\u0131n t\u0259cav\u00fcz\u00fcn\u0259 m\u0259ruz qald\u0131\u011f\u0131n\u0131 s\u00f6yl\u0259yib.<\/p>\n<div id=\"AdviadNativeVideo0\" class=\"AdviadNativeVideo\"><\/div>\n<p>\u0130ddiaya g\u00f6r\u0259, h\u0259min\u00a0anlar kameraya \u00e7\u0259kilib. B\u0259hruz bu g\u00f6r\u00fcnt\u00fcl\u0259rl\u0259 \u015fantaj olundu\u011funu da fikirl\u0259rin\u0259 \u0259lav\u0259 edib.<\/p>\n<p>Z\u0259r\u0259r\u00e7\u0259k\u0259n \u015f\u0259xs qad\u0131nlardan birin\u0259 \u0259rinin k\u00f6m\u0259k etdiyini d\u0259 s\u00f6yl\u0259yib.<\/p>\n<div><iframe loading=\"lazy\" title=\"YouTube video player\" src=\"https:\/\/www.youtube.com\/embed\/_-Vazm7sXCU\" width=\"560\" height=\"315\" frameborder=\"0\" allowfullscreen=\"allowfullscreen\" data-mce-fragment=\"1\"><\/iframe><\/div>\n<\/div>\n<\/article>\n<h2 class=\"news-share-title\"><\/h2>\n","protected":false},"excerpt":{"rendered":"<p>ARB TV-d\u0259 yay\u0131mlanan \u201cElgizl\u0259 izl\u0259\u201d\u00a0verili\u015fin\u0259 qonaq g\u0259l\u0259n \u015f\u0259xs \u015fok iddia il\u0259 \u00e7\u0131x\u0131\u015f edib. Bel\u0259 ki, verili\u015fd\u0259 i\u015ftirak ed\u0259n B\u0259hruz adl\u0131 \u015f\u0259xs iki qad\u0131n\u0131n t\u0259cav\u00fcz\u00fcn\u0259 m\u0259ruz qald\u0131\u011f\u0131n\u0131 s\u00f6yl\u0259yib. \u0130ddiaya g\u00f6r\u0259, h\u0259min\u00a0anlar kameraya \u00e7\u0259kilib. B\u0259hruz bu g\u00f6r\u00fcnt\u00fcl\u0259rl\u0259 \u015fantaj olundu\u011funu da fikirl\u0259rin\u0259 \u0259lav\u0259 edib. Z\u0259r\u0259r\u00e7\u0259k\u0259n \u015f\u0259xs qad\u0131nlardan birin\u0259 \u0259rinin k\u00f6m\u0259k etdiyini d\u0259 s\u00f6yl\u0259yib.<\/p>\n","protected":false},"author":2,"featured_media":326037,"comment_status":"closed","ping_status":"closed","sticky":false,"template":"","format":"standard","meta":{"om_disable_all_campaigns":false,"_monsterinsights_skip_tracking":false,"_monsterinsights_sitenote_active":false,"_monsterinsights_sitenote_note":"","_monsterinsights_sitenote_category":0},"categories":[26],"tags":[],"aioseo_notices":[],"gutentor_comment":0,"rttpg_featured_image_url":{"full":["https:\/\/arantv.az\/wp-content\/uploads\/2021\/04\/23-1-1024x683-1.jpg",620,414,false],"landscape":["https:\/\/arantv.az\/wp-content\/uploads\/2021\/04\/23-1-1024x683-1.jpg",620,414,false],"portraits":["https:\/\/arantv.az\/wp-content\/uploads\/2021\/04\/23-1-1024x683-1.jpg",620,414,false],"thumbnail":["https:\/\/arantv.az\/wp-content\/uploads\/2021\/04\/23-1-1024x683-1-500x280.jpg",500,280,true],"medium":["https:\/\/arantv.az\/wp-content\/uploads\/2021\/04\/23-1-1024x683-1-547x365.jpg",547,365,true],"large":["https:\/\/arantv.az\/wp-content\/uploads\/2021\/04\/23-1-1024x683-1.jpg",620,414,false],"1536x1536":["https:\/\/arantv.az\/wp-content\/uploads\/2021\/04\/23-1-1024x683-1.jpg",620,414,false],"2048x2048":["https:\/\/arantv.az\/wp-content\/uploads\/2021\/04\/23-1-1024x683-1.jpg",620,414,false],"post-thumbnail":["https:\/\/arantv.az\/wp-content\/uploads\/2021\/04\/23-1-1024x683-1-240x172.jpg",240,172,true],"advps-thumb-one":["https:\/\/arantv.az\/wp-content\/uploads\/2021\/04\/23-1-1024x683-1.jpg",620,414,false]},"rttpg_author":{"display_name":"V\u00fcsal Rafiqo\u011flu","author_link":"https:\/\/arantv.az\/?author=2"},"rttpg_comment":0,"rttpg_category":"<a href=\"https:\/\/arantv.az\/?cat=26\" rel=\"category\">Sosial<\/a>","rttpg_excerpt":"ARB TV-d\u0259 yay\u0131mlanan \u201cElgizl\u0259 izl\u0259\u201d\u00a0verili\u015fin\u0259 qonaq g\u0259l\u0259n \u015f\u0259xs \u015fok iddia il\u0259 \u00e7\u0131x\u0131\u015f edib. Bel\u0259 ki, verili\u015fd\u0259 i\u015ftirak ed\u0259n B\u0259hruz adl\u0131 \u015f\u0259xs iki qad\u0131n\u0131n t\u0259cav\u00fcz\u00fcn\u0259 m\u0259ruz qald\u0131\u011f\u0131n\u0131 s\u00f6yl\u0259yib. \u0130ddiaya g\u00f6r\u0259, h\u0259min\u00a0anlar kameraya \u00e7\u0259kilib. B\u0259hruz bu g\u00f6r\u00fcnt\u00fcl\u0259rl\u0259 \u015fantaj olundu\u011funu da fikirl\u0259rin\u0259 \u0259lav\u0259 edib. Z\u0259r\u0259r\u00e7\u0259k\u0259n \u015f\u0259xs qad\u0131nlardan birin\u0259 \u0259rinin k\u00f6m\u0259k etdiyini d\u0259 s\u00f6yl\u0259yib.","_links":{"self":[{"href":"https:\/\/arantv.az\/index.php?rest_route=\/wp\/v2\/posts\/326036"}],"collection":[{"href":"https:\/\/arantv.az\/index.php?rest_route=\/wp\/v2\/posts"}],"about":[{"href":"https:\/\/arantv.az\/index.php?rest_route=\/wp\/v2\/types\/post"}],"author":[{"embeddable":true,"href":"https:\/\/arantv.az\/index.php?rest_route=\/wp\/v2\/users\/2"}],"replies":[{"embeddable":true,"href":"https:\/\/arantv.az\/index.php?rest_route=%2Fwp%2Fv2%2Fcomments&post=326036"}],"version-history":[{"count":0,"href":"https:\/\/arantv.az\/index.php?rest_route=\/wp\/v2\/posts\/326036\/revisions"}],"wp:featuredmedia":[{"embeddable":true,"href":"https:\/\/arantv.az\/index.php?rest_route=\/wp\/v2\/media\/326037"}],"wp:attachment":[{"href":"https:\/\/arantv.az\/index.php?rest_route=%2Fwp%2Fv2%2Fmedia&parent=326036"}],"wp:term":[{"taxonomy":"category","embeddable":true,"href":"https:\/\/arantv.az\/index.php?rest_route=%2Fwp%2Fv2%2Fcategories&post=326036"},{"taxonomy":"post_tag","embeddable":true,"href":"https:\/\/arantv.az\/index.php?rest_route=%2Fwp%2Fv2%2Ftags&post=326036"}],"curies":[{"name":"wp","href":"https:\/\/api.w.org\/{rel}","templated":true}]}}