{"id":326045,"date":"2021-04-15T14:33:08","date_gmt":"2021-04-15T11:33:08","guid":{"rendered":"https:\/\/arantv.az\/?p=326045"},"modified":"2021-04-15T14:33:08","modified_gmt":"2021-04-15T11:33:08","slug":"the-guardian-yap-haqqinda-bohtan-yazisina-gor%c9%99-t%c9%99kzib-verm%c9%99lidir","status":"publish","type":"post","link":"https:\/\/arantv.az\/?p=326045","title":{"rendered":"&#8220;The Guardian&#8221; YAP haqq\u0131nda b\u00f6htan yaz\u0131s\u0131na g\u00f6r\u0259 t\u0259kzib verm\u0259lidir"},"content":{"rendered":"<p>&#8220;The Guardian&#8221; q\u0259zetinin elektron sayt\u0131nda Erre G\u00e1lvezin m\u00fc\u0259llifi oldu\u011fu &#8220;Facebook bizim kimi \u00f6lk\u0259l\u0259rl\u0259 maraqlanm\u0131r&#8221;: Az\u0259rbaycan trol \u015f\u0259b\u0259k\u0259si qada\u011fadan bir ne\u00e7\u0259 ay sonra geri qay\u0131d\u0131r&#8221; s\u0259rl\u00f6hv\u0259li m\u0259qal\u0259 d\u0259rc edilmi\u015fdir.<\/p>\n<p><strong>ARANTV.AZ<\/strong> yap.org.az-a istinad\u0259n bildirir ki, m\u0259qal\u0259d\u0259 b\u00fct\u00fcn m\u0259lumatlar birt\u0259r\u0259fli, ara\u015fd\u0131rma v\u0259 yoxlama apar\u0131lmadan, ittiham olunan t\u0259r\u0259fin m\u00f6vqeyi dinl\u0259nilm\u0259d\u0259n, balans qorunmadan d\u0259rc olunmu\u015fdur. \u00c7\u00fcnki m\u00fc\u0259llif ancaq Az\u0259rbaycanda radikal m\u00fcxalif\u0259tin n\u00fcmay\u0259nd\u0259l\u0259rin\u0259 v\u0259 m\u00fcxalif &#8220;Azad s\u00f6z&#8221; facebook s\u0259hif\u0259sind\u0259 apar\u0131lm\u0131\u015f &#8220;ara\u015fd\u0131rmaya&#8221; istinad edib. Bununla da, m\u0259qal\u0259 m\u00fc\u0259llifi jurnalistikan\u0131n m\u0259suliyy\u0259t, d\u0259qiqlik, q\u0259r\u0259zsizlik v\u0259 vicdanl\u0131l\u0131q prinsipl\u0259rini pozub.<\/p>\n<p>M\u0259qal\u0259d\u0259 \u0259dal\u0259tin pozulmas\u0131, \u015f\u0259xsi m\u0259nf\u0259\u0259t, t\u0259r\u0259fke\u015flik, q\u0259r\u0259z, siyasi diskriminasiya, kompilyativ elementl\u0259r a\u00e7\u0131q \u015f\u0259kild\u0259 g\u00f6r\u00fcnm\u0259kd\u0259dir. M\u00fc\u0259llifin deyil\u0259n ittihamlara m\u00fcnasib\u0259t bildirm\u0259si \u00fc\u00e7\u00fcn Yeni Az\u0259rbaycan Partiyas\u0131na \u015f\u0259rait yaratmamas\u0131, qeyri-pe\u015f\u0259kar davranmas\u0131, Az\u0259rbaycan\u0131n iqtidar partiyas\u0131n\u0131n imicini bil\u0259r\u0259kd\u0259n l\u0259k\u0259l\u0259m\u0259k m\u0259qs\u0259dil\u0259 b\u00f6htan xarakterli informasiyalar\u0131 d\u0259rc etm\u0259si beyn\u0259lxalq jurnalistikan\u0131n etik normalar\u0131n\u0131n, beyn\u0259lxalq qanunlar\u0131n kobud \u015f\u0259kild\u0259 pozulmas\u0131 dem\u0259kdir.<\/p>\n<p>&#8220;The Guardian&#8221; q\u0259zetinin redaksiyas\u0131n\u0131n diqq\u0259tin\u0259 \u00e7atd\u0131r\u0131r\u0131q ki, Yeni Az\u0259rbaycan Partiyas\u0131n\u0131n 760 mind\u0259n \u00e7ox \u00fczv\u00fc var. Bu \u00fczvl\u0259rin 300 min\u0259 q\u0259d\u0259ri g\u0259ncl\u0259rdir. YAP-\u0131n bu q\u0259d\u0259r \u00fczv\u00fcn\u00fcn olmas\u0131 partiyan\u0131n trol qruplar\u0131 saxlad\u0131\u011f\u0131n\u0131 dem\u0259y\u0259 \u0259sas vermir. YAP-\u0131n v\u0259 partiya s\u0259dri Prezident \u0130lham \u018fliyevin bu q\u0259d\u0259r partiya \u00fczvl\u0259ri t\u0259r\u0259find\u0259n d\u0259st\u0259kl\u0259nm\u0259sin\u0259 trol ad\u0131n\u0131n verilm\u0259si d\u0259 siyasi v\u0259 h\u00fcquqi m\u0259suliyy\u0259t k\u0259sb edir. R\u0259sm\u0259n b\u0259yan edirik ki, &#8220;Azad s\u00f6z&#8221; facebook s\u0259hif\u0259sind\u0259 06.03.2021-ci il tarixind\u0259 d\u0259rc olunmu\u015f postda r\u0259yl\u0259ri \u0259ks olunan feyk s\u0259hif\u0259l\u0259rin d\u0259 YAP-a aidiyyat\u0131 yoxdur. Biz ehtimal edirik ki, bu saxta profil v\u0259 s\u0259hif\u0259l\u0259rl\u0259 yaz\u0131lan r\u0259yl\u0259r YAP-\u0131n n\u00fcfuzuna z\u0259rb\u0259 vurmaq \u00fc\u00e7\u00fcn m\u00fcxalif\u0259t t\u0259r\u0259find\u0259n haz\u0131rlan\u0131b. Dig\u0259r t\u0259r\u0259fd\u0259n, &#8220;Azad s\u00f6z&#8221; facebook s\u0259hif\u0259sind\u0259 yaz\u0131lan r\u0259yl\u0259rin YAP-a aid olmas\u0131n\u0131 s\u00fcbut ed\u0259n h\u0259r hans\u0131 fakt da yoxdur.<\/p>\n<p>Bildiririk ki, Az\u0259rbaycanda sosial \u015f\u0259b\u0259k\u0259l\u0259rd\u0259, x\u00fcsusil\u0259 d\u0259 facebook \u00fcz\u0259rind\u0259n trol \u015f\u0259b\u0259k\u0259sini Az\u0259rbaycan Xalq C\u0259bh\u0259si Partiyas\u0131 yarad\u0131b. Bu g\u00fcn \u0259n b\u00f6y\u00fck trol \u015f\u0259b\u0259k\u0259sin\u0259 m\u0259hz onlar sahibdirl\u0259r. Bu fakt\u0131 AXCP s\u0259dri \u018fli K\u0259rimlinin m\u00fcavini olmu\u015f, haz\u0131rda m\u00fcxalif Milli C\u0259bh\u0259 Partiyas\u0131n\u0131n s\u0259dri Razi Nurullayev d\u0259 t\u0259sdiql\u0259yib. O, 2014-c\u00fc ild\u0259 m\u0259tbuat konfrans\u0131nda deyib ki, t\u0259kc\u0259 \u018fli K\u0259rimli v\u0259 onun m\u00fcavinl\u0259rinin y\u00fczl\u0259rl\u0259 &#8220;saxta facebook profill\u0259r&#8221;i var. AXCP-d\u0259 partiya funksionerl\u0259rin\u0259 &#8220;facebook&#8221;da y\u00fczl\u0259rl\u0259 saxta profil yaratmaq tap\u015f\u0131r\u0131l\u0131b: &#8220;B\u0259zil\u0259rinin 100-110 saxta profili var idi. &#8220;Facebook&#8221;da \u015f\u0259rtl\u0259r s\u0259rtl\u0259\u015fdirildikd\u0259n sonra onlar\u0131n yar\u0131s\u0131 ba\u011fland\u0131. Amma indi d\u0259 partiyan\u0131n r\u0259yas\u0259t hey\u0259tind\u0259 t\u0259msil olunan \u015f\u0259xsl\u0259rin 30-40 saxta profili var&#8221;.\u00a0<a href=\"https:\/\/www.youtube.com\/watch?v=0fqWdbldBUg\">https:\/\/www.youtube.com\/watch?v=0fqWdbldBUg<\/a><\/p>\n<p>AB\u015e-da ya\u015fayan m\u00fcxalif jurnalist \u0130smay\u0131l C\u0259lilovun, Sevinc Osmanq\u0131z\u0131n\u0131n da etiraflar\u0131 var ki, AXCP trollar\u0131 onlar\u0131 t\u0259hqir edir, h\u0259tta \u00f6ld\u00fcr\u0259c\u0259kl\u0259rini, \u00e7\u00f6kd\u00fcr\u0259c\u0259kl\u0259rini, bildirir, t\u0259hdid edil\u0259r.<\/p>\n<p><a href=\"https:\/\/www.facebook.com\/NAPYouthUnion\/videos\/294010318130821\">https:\/\/www.facebook.com\/NAPYouthUnion\/videos\/294010318130821<\/a><\/p>\n<p><a href=\"https:\/\/www.facebook.com\/NAPYouthUnion\/posts\/2470090289804049\">https:\/\/www.facebook.com\/NAPYouthUnion\/posts\/2470090289804049<\/a><\/p>\n<p>AXCP-nin \u00fczv\u00fc olmu\u015f Qorxmaz \u018fliyev, Milli \u015euran\u0131n Koordinasiya M\u0259rk\u0259zinin \u00fczv\u00fc \u018fnna\u011f\u0131 Hac\u0131b\u0259yli, m\u00fcxalif REAL Partiyas\u0131n\u0131n s\u0259dri \u0130lqar M\u0259mm\u0259dov, Ayd\u0131n K\u0259rimov v\u0259 ba\u015fqalar\u0131 da AXCP trollar\u0131n\u0131n t\u0259hqirl\u0259rin\u0259 m\u0259ruz qal\u0131blar.<\/p>\n<p><a href=\"https:\/\/www.facebook.com\/NAPYouthUnion\/posts\/2211323169014097\">https:\/\/www.facebook.com\/NAPYouthUnion\/posts\/2211323169014097<\/a><\/p>\n<p><a href=\"https:\/\/www.facebook.com\/NAPYouthUnion\/posts\/1894998330646584\">https:\/\/www.facebook.com\/NAPYouthUnion\/posts\/1894998330646584<\/a><\/p>\n<p>AXCP v\u0259 \u018fli K\u0259rimli trol qruplar\u0131ndan siyasi r\u0259qibl\u0259rin\u0259 qar\u015f\u0131 &#8220;m\u0259n\u0259vi terror&#8221; silah\u0131 kimi istifad\u0259 edir.<\/p>\n<p><a href=\"https:\/\/www.facebook.com\/NAPYouthUnion\/posts\/1976274495852300\">https:\/\/www.facebook.com\/NAPYouthUnion\/posts\/1976274495852300<\/a><\/p>\n<p>AXCP-nin v\u0259 \u018fli K\u0259rimlinin \u015f\u0259xsi maraqlar\u0131na uy\u011fun olmayan insanlar t\u0259hqir olunur, onlar\u0131n \u015f\u0259kill\u0259ri, videolar\u0131 &#8220;Azadl\u0131q&#8221; q\u0259zetinin, AXCP, AXCP GK facebook s\u0259hif\u0259l\u0259rind\u0259 payla\u015f\u0131l\u0131r v\u0259 trollar vasit\u0259sil\u0259 t\u0259hqir olunur. AXCP Ali M\u0259clisinin \u00fczv\u00fc R\u0259\u015fid Turabovun trollar\u0131n idar\u0259 olundu\u011fu qapal\u0131 &#8220;WhatsApp&#8221; qrupuna g\u00f6nd\u0259rdiyi s\u0259syaz\u0131s\u0131 da \u018fli K\u0259rimlinin trol \u015f\u0259b\u0259k\u0259sini if\u015fa edir.<\/p>\n<p><a href=\"https:\/\/www.facebook.com\/NAPYouthUnion\/posts\/1891600880986329\">https:\/\/www.facebook.com\/NAPYouthUnion\/posts\/1891600880986329<\/a><\/p>\n<p>Bu linkl\u0259rin h\u0259r biri AXCP-nin v\u0259 \u018fli K\u0259rimlinin b\u00f6y\u00fck trol &#8211; &#8220;t\u0259hqir ma\u015f\u0131n\u0131&#8221;na sahib oldu\u011funu isbatlay\u0131r. Bu bax\u0131mdan, hesab edirik ki, &#8220;The Guardian&#8221; q\u0259zetinin YAP haqq\u0131nda yazd\u0131\u011f\u0131 b\u00f6htan, \u015f\u0259r AXCP-nin v\u0259 \u018fli K\u0259rimlinin trol \u015f\u0259b\u0259k\u0259sini if\u015fa etdiyi \u00fc\u00e7\u00fcn YAP-a qar\u015f\u0131 apar\u0131lan qara piar kampaniyas\u0131n\u0131n t\u0259rkib hiss\u0259sidir.<\/p>\n<p>Bir s\u00f6zl\u0259, AXCP-nin trol f\u0259aliyy\u0259tini if\u015fa ed\u0259n faktlar \u00e7oxdur. &#8220;The Guardian&#8221; q\u0259zeti obyektiv ara\u015fd\u0131rmalar aparmaqla d\u0259qiq v\u0259 d\u00fczg\u00fcn q\u0259na\u0259t\u0259 g\u0259l\u0259 bil\u0259r. Bu kontektsd\u0259 &#8220;The Guardian&#8221; q\u0259zetinin Yeni Az\u0259rbaycan Partiyas\u0131 haqq\u0131nda t\u0259hrif olunmu\u015f m\u0259lumatlar\u0131 yoxlamadan, d\u0259qiql\u0259\u015fdirm\u0259d\u0259n d\u0259rc etm\u0259si beyn\u0259lxalq m\u0259hk\u0259m\u0259 predmetin\u0259 \u00e7evrilm\u0259kd\u0259dir. Bu s\u0259b\u0259bd\u0259n d\u0259, &#8220;The Guardian&#8221; q\u0259zetinin r\u0259hb\u0259rliyind\u0259n t\u0259l\u0259bimiz ondan ibar\u0259tdir ki, Yeni Az\u0259rbaycan Partiyas\u0131 haqq\u0131nda yaz\u0131lan birt\u0259r\u0259fli, b\u00f6htan xarakterli m\u0259lumatlara g\u00f6r\u0259 beyn\u0259lxalq jurnalistikan\u0131n etik qaydalar\u0131na v\u0259 beyn\u0259lxalq qanunlar\u0131n t\u0259l\u0259bl\u0259rin\u0259 uy\u011fun olaraq r\u0259smi \u00fczrxahl\u0131q edilsin, t\u0259kzib \u00e7ap olunsun.<\/p>\n","protected":false},"excerpt":{"rendered":"<p>&#8220;The Guardian&#8221; q\u0259zetinin elektron sayt\u0131nda Erre G\u00e1lvezin m\u00fc\u0259llifi oldu\u011fu &#8220;Facebook bizim kimi \u00f6lk\u0259l\u0259rl\u0259 maraqlanm\u0131r&#8221;: Az\u0259rbaycan trol \u015f\u0259b\u0259k\u0259si qada\u011fadan bir ne\u00e7\u0259 ay sonra geri qay\u0131d\u0131r&#8221; s\u0259rl\u00f6hv\u0259li m\u0259qal\u0259 d\u0259rc edilmi\u015fdir. ARANTV.AZ yap.org.az-a istinad\u0259n bildirir ki, m\u0259qal\u0259d\u0259 b\u00fct\u00fcn m\u0259lumatlar birt\u0259r\u0259fli, ara\u015fd\u0131rma v\u0259 yoxlama apar\u0131lmadan, ittiham olunan t\u0259r\u0259fin m\u00f6vqeyi dinl\u0259nilm\u0259d\u0259n, balans qorunmadan d\u0259rc olunmu\u015fdur. \u00c7\u00fcnki m\u00fc\u0259llif ancaq Az\u0259rbaycanda radikal m\u00fcxalif\u0259tin n\u00fcmay\u0259nd\u0259l\u0259rin\u0259 v\u0259 m\u00fcxalif &#8220;Azad s\u00f6z&#8221; facebook s\u0259hif\u0259sind\u0259 apar\u0131lm\u0131\u015f &#8220;ara\u015fd\u0131rmaya&#8221; istinad edib. Bununla da, m\u0259qal\u0259 m\u00fc\u0259llifi jurnalistikan\u0131n m\u0259suliyy\u0259t, d\u0259qiqlik, q\u0259r\u0259zsizlik v\u0259 vicdanl\u0131l\u0131q prinsipl\u0259rini pozub. M\u0259qal\u0259d\u0259 \u0259dal\u0259tin pozulmas\u0131, \u015f\u0259xsi m\u0259nf\u0259\u0259t, t\u0259r\u0259fke\u015flik, q\u0259r\u0259z, siyasi diskriminasiya, kompilyativ elementl\u0259r&hellip;<\/p>\n","protected":false},"author":2,"featured_media":326046,"comment_status":"closed","ping_status":"closed","sticky":false,"template":"","format":"standard","meta":{"om_disable_all_campaigns":false,"_monsterinsights_skip_tracking":false,"_monsterinsights_sitenote_active":false,"_monsterinsights_sitenote_note":"","_monsterinsights_sitenote_category":0},"categories":[4],"tags":[],"aioseo_notices":[],"gutentor_comment":0,"rttpg_featured_image_url":{"full":["https:\/\/arantv.az\/wp-content\/uploads\/2021\/04\/yap_111.jpg",800,600,false],"landscape":["https:\/\/arantv.az\/wp-content\/uploads\/2021\/04\/yap_111.jpg",800,600,false],"portraits":["https:\/\/arantv.az\/wp-content\/uploads\/2021\/04\/yap_111.jpg",800,600,false],"thumbnail":["https:\/\/arantv.az\/wp-content\/uploads\/2021\/04\/yap_111-500x280.jpg",500,280,true],"medium":["https:\/\/arantv.az\/wp-content\/uploads\/2021\/04\/yap_111-487x365.jpg",487,365,true],"large":["https:\/\/arantv.az\/wp-content\/uploads\/2021\/04\/yap_111.jpg",640,480,false],"1536x1536":["https:\/\/arantv.az\/wp-content\/uploads\/2021\/04\/yap_111.jpg",800,600,false],"2048x2048":["https:\/\/arantv.az\/wp-content\/uploads\/2021\/04\/yap_111.jpg",800,600,false],"post-thumbnail":["https:\/\/arantv.az\/wp-content\/uploads\/2021\/04\/yap_111-240x172.jpg",240,172,true],"advps-thumb-one":["https:\/\/arantv.az\/wp-content\/uploads\/2021\/04\/yap_111.jpg",800,600,false]},"rttpg_author":{"display_name":"V\u00fcsal Rafiqo\u011flu","author_link":"https:\/\/arantv.az\/?author=2"},"rttpg_comment":0,"rttpg_category":"<a href=\"https:\/\/arantv.az\/?cat=4\" rel=\"category\">Siyas\u0259t<\/a>","rttpg_excerpt":"&#8220;The Guardian&#8221; q\u0259zetinin elektron sayt\u0131nda Erre G\u00e1lvezin m\u00fc\u0259llifi oldu\u011fu &#8220;Facebook bizim kimi \u00f6lk\u0259l\u0259rl\u0259 maraqlanm\u0131r&#8221;: Az\u0259rbaycan trol \u015f\u0259b\u0259k\u0259si qada\u011fadan bir ne\u00e7\u0259 ay sonra geri qay\u0131d\u0131r&#8221; s\u0259rl\u00f6hv\u0259li m\u0259qal\u0259 d\u0259rc edilmi\u015fdir. ARANTV.AZ yap.org.az-a istinad\u0259n bildirir ki, m\u0259qal\u0259d\u0259 b\u00fct\u00fcn m\u0259lumatlar birt\u0259r\u0259fli, ara\u015fd\u0131rma v\u0259 yoxlama apar\u0131lmadan, ittiham olunan t\u0259r\u0259fin m\u00f6vqeyi dinl\u0259nilm\u0259d\u0259n, balans qorunmadan d\u0259rc olunmu\u015fdur. \u00c7\u00fcnki m\u00fc\u0259llif ancaq Az\u0259rbaycanda radikal&hellip;","_links":{"self":[{"href":"https:\/\/arantv.az\/index.php?rest_route=\/wp\/v2\/posts\/326045"}],"collection":[{"href":"https:\/\/arantv.az\/index.php?rest_route=\/wp\/v2\/posts"}],"about":[{"href":"https:\/\/arantv.az\/index.php?rest_route=\/wp\/v2\/types\/post"}],"author":[{"embeddable":true,"href":"https:\/\/arantv.az\/index.php?rest_route=\/wp\/v2\/users\/2"}],"replies":[{"embeddable":true,"href":"https:\/\/arantv.az\/index.php?rest_route=%2Fwp%2Fv2%2Fcomments&post=326045"}],"version-history":[{"count":0,"href":"https:\/\/arantv.az\/index.php?rest_route=\/wp\/v2\/posts\/326045\/revisions"}],"wp:featuredmedia":[{"embeddable":true,"href":"https:\/\/arantv.az\/index.php?rest_route=\/wp\/v2\/media\/326046"}],"wp:attachment":[{"href":"https:\/\/arantv.az\/index.php?rest_route=%2Fwp%2Fv2%2Fmedia&parent=326045"}],"wp:term":[{"taxonomy":"category","embeddable":true,"href":"https:\/\/arantv.az\/index.php?rest_route=%2Fwp%2Fv2%2Fcategories&post=326045"},{"taxonomy":"post_tag","embeddable":true,"href":"https:\/\/arantv.az\/index.php?rest_route=%2Fwp%2Fv2%2Ftags&post=326045"}],"curies":[{"name":"wp","href":"https:\/\/api.w.org\/{rel}","templated":true}]}}