{"id":326048,"date":"2021-04-15T14:39:28","date_gmt":"2021-04-15T11:39:28","guid":{"rendered":"https:\/\/arantv.az\/?p=326048"},"modified":"2021-04-15T14:39:28","modified_gmt":"2021-04-15T11:39:28","slug":"sahil-babayev-erkan-ozoralla-gorusdu","status":"publish","type":"post","link":"https:\/\/arantv.az\/?p=326048","title":{"rendered":"Sahil Babayev Erkan \u00d6zoralla g\u00f6r\u00fc\u015fd\u00fc"},"content":{"rendered":"<p>\u201cQarda\u015f T\u00fcrkiy\u0259 il\u0259 \u00f6t\u0259n d\u00f6vrd\u0259 sosial sah\u0259d\u0259 formala\u015fm\u0131\u015f qar\u015f\u0131l\u0131ql\u0131 \u00e7oxistiqam\u0259tli \u0259m\u0259kda\u015fl\u0131q \u0259laq\u0259l\u0259ri qar\u015f\u0131dak\u0131 d\u00f6vrd\u0259 daha da geni\u015fl\u0259n\u0259c\u0259k\u201d.<\/p>\n<p>Bunu \u018fm\u0259k v\u0259 \u018fhalinin Sosial M\u00fcdafi\u0259si naziri Sahil Babayev T\u00fcrkiy\u0259nin Az\u0259rbaycandak\u0131 s\u0259firi Erkan \u00d6zoralla \u00f6lk\u0259mizd\u0259 diplomatik f\u0259aliyy\u0259tinin ba\u015fa \u00e7atmas\u0131 il\u0259 \u0259laq\u0259dar ke\u00e7irdiyi g\u00f6r\u00fc\u015fd\u0259 bildirib.<\/p>\n<p>Nazir Prezident, Silahl\u0131 Q\u00fcvv\u0259l\u0259rin Ali Ba\u015f Komandan\u0131 \u0130lham \u018fliyevin r\u0259hb\u0259rliyi il\u0259 Az\u0259rbaycan Ordusunun m\u00f6ht\u0259\u015f\u0259m tarixi Z\u0259f\u0259rind\u0259n b\u0259hs ed\u0259r\u0259k, 44 g\u00fcnl\u00fck V\u0259t\u0259n m\u00fcharib\u0259si d\u00f6vr\u00fcnd\u0259 T\u00fcrkiy\u0259nin Az\u0259rbaycana siyasi v\u0259 m\u0259n\u0259vi d\u0259st\u0259yinin Az\u0259rbaycan xalq\u0131 t\u0259r\u0259find\u0259n y\u00fcks\u0259k qiym\u0259tl\u0259ndirildiyini vur\u011fulay\u0131b.<\/p>\n<div id=\"AdviadNativeVideo0\" class=\"AdviadNativeVideo\"><\/div>\n<p>S.Babayev Az\u0259rbaycan v\u0259 T\u00fcrkiy\u0259 aras\u0131nda strateji t\u0259r\u0259fda\u015fl\u0131\u011f\u0131n \u0259sas\u0131nda dostluq, qarda\u015fl\u0131q amilinin dayand\u0131\u011f\u0131n\u0131 qeyd edib. \u00d6lk\u0259l\u0259rimiz aras\u0131nda ikit\u0259r\u0259fli \u0259laq\u0259l\u0259rin inki\u015faf\u0131nda Az\u0259rbaycan v\u0259 T\u00fcrkiy\u0259 d\u00f6vl\u0259t ba\u015f\u00e7\u0131lar\u0131n\u0131n birg\u0259 s\u0259yl\u0259rinin m\u00fch\u00fcm rolunu diqq\u0259t\u0259 \u00e7atd\u0131r\u0131b. B\u00fct\u00fcn sah\u0259l\u0259rd\u0259 oldu\u011fu kimi, sosial sah\u0259d\u0259 d\u0259 \u0259laq\u0259l\u0259rin daim geni\u015fl\u0259nm\u0259kd\u0259 oldu\u011funu, bir s\u0131ra \u0259m\u0259kda\u015fl\u0131q s\u0259n\u0259dl\u0259rinin imzaland\u0131\u011f\u0131n\u0131 qeyd edib.<\/p>\n<p>O, Az\u0259rbaycan v\u0259 T\u00fcrkiy\u0259 aras\u0131nda \u0259m\u0259k v\u0259 sosial m\u00fcdafi\u0259 sah\u0259sind\u0259 \u0259m\u0259kda\u015fl\u0131q \u00fczr\u0259 Birg\u0259 Daimi Komissiyan\u0131n f\u0259aliyy\u0259tinin \u0259h\u0259miyy\u0259tini, T\u00fcrkiy\u0259nin t\u0259\u015fkilatlar\u0131 v\u0259 QHT-l\u0259ri il\u0259 \u0259laq\u0259l\u0259ri vur\u011fulay\u0131b.<\/p>\n<p>Nazir bildirib ki, E.\u00d6zoral\u0131n \u00f6lk\u0259mizd\u0259ki diplomatik f\u0259aliyy\u0259ti d\u00f6vr\u00fcnd\u0259 Az\u0259rbaycan il\u0259 T\u00fcrkiy\u0259 aras\u0131nda ikit\u0259r\u0259fli m\u00fcnasib\u0259tl\u0259r u\u011furla inki\u015faf edib. Prezident \u0130lham \u018fliyevin 10 aprel 2021-ci il tarixli S\u0259r\u0259ncam\u0131 il\u0259 E.\u00d6zoral\u0131n \u201cDostluq\u201d ordeni il\u0259 t\u0259ltif olunmas\u0131 da onun iki \u00f6lk\u0259 aras\u0131nda dostluq v\u0259 \u0259m\u0259kda\u015fl\u0131q \u0259laq\u0259l\u0259rinin inki\u015faf\u0131ndak\u0131 x\u00fcsusi xidm\u0259tl\u0259rin\u0259 y\u00fcks\u0259k qiym\u0259t verildiyinin n\u00fcmun\u0259sidir.<\/p>\n<p>\u00d6lk\u0259l\u0259rimiz aras\u0131nda \u0259laq\u0259l\u0259rin inki\u015faf\u0131na verdiyi t\u00f6hf\u0259y\u0259 g\u00f6r\u0259 diplomata t\u0259\u015f\u0259kk\u00fcr ed\u0259n S.Babayev ona g\u0259l\u0259c\u0259k f\u0259aliyy\u0259tind\u0259 u\u011furlar arzulay\u0131b.<\/p>\n<p>E.\u00d6zoral T\u00fcrkiy\u0259 il\u0259 Az\u0259rbaycan\u0131n m\u00fcnasib\u0259tl\u0259rinin \u0259n y\u00fcks\u0259k s\u0259viyy\u0259d\u0259 olmas\u0131ndan m\u0259mnunlu\u011funu, d\u00fcnyada bir-birin\u0259 bu q\u0259d\u0259r yax\u0131n, dost olan dig\u0259r \u00f6lk\u0259l\u0259r olmad\u0131\u011f\u0131n\u0131 qeyd edib. O, Az\u0259rbaycan\u0131 he\u00e7 zaman \u00f6z \u00f6lk\u0259sind\u0259n ay\u0131rmad\u0131\u011f\u0131n\u0131, Az\u0259rbaycana daim do\u011fma m\u00fcnasib\u0259t b\u0259sl\u0259diyini deyib.<\/p>\n<p>\u00d6lk\u0259mizin tarixind\u0259 \u015fanl\u0131 q\u0259hr\u0259manl\u0131q salnam\u0259sinin yaz\u0131ld\u0131\u011f\u0131, m\u00f6ht\u0259\u015f\u0259m Z\u0259f\u0259rin \u0259ld\u0259 olundu\u011fu bir d\u00f6vrd\u0259 burada s\u0259fir kimi \u00e7al\u0131\u015fmaqdan daim q\u00fcrur hissi ke\u00e7irdiyini vur\u011fulay\u0131b. E.\u00d6zoral iki \u00f6lk\u0259nin sosial sah\u0259d\u0259 \u0259m\u0259kda\u015fl\u0131\u011f\u0131n\u0131n da xeyli inki\u015faf etdiyini bildirib.<\/p>\n<p>G\u00f6r\u00fc\u015fd\u0259 iki \u00f6lk\u0259nin sosial sah\u0259d\u0259 g\u0259l\u0259c\u0259k \u0259m\u0259kda\u015fl\u0131\u011f\u0131na dair fikir m\u00fcbadil\u0259si apar\u0131l\u0131b.<\/p>\n","protected":false},"excerpt":{"rendered":"<p>\u201cQarda\u015f T\u00fcrkiy\u0259 il\u0259 \u00f6t\u0259n d\u00f6vrd\u0259 sosial sah\u0259d\u0259 formala\u015fm\u0131\u015f qar\u015f\u0131l\u0131ql\u0131 \u00e7oxistiqam\u0259tli \u0259m\u0259kda\u015fl\u0131q \u0259laq\u0259l\u0259ri qar\u015f\u0131dak\u0131 d\u00f6vrd\u0259 daha da geni\u015fl\u0259n\u0259c\u0259k\u201d. Bunu \u018fm\u0259k v\u0259 \u018fhalinin Sosial M\u00fcdafi\u0259si naziri Sahil Babayev T\u00fcrkiy\u0259nin Az\u0259rbaycandak\u0131 s\u0259firi Erkan \u00d6zoralla \u00f6lk\u0259mizd\u0259 diplomatik f\u0259aliyy\u0259tinin ba\u015fa \u00e7atmas\u0131 il\u0259 \u0259laq\u0259dar ke\u00e7irdiyi g\u00f6r\u00fc\u015fd\u0259 bildirib. Nazir Prezident, Silahl\u0131 Q\u00fcvv\u0259l\u0259rin Ali Ba\u015f Komandan\u0131 \u0130lham \u018fliyevin r\u0259hb\u0259rliyi il\u0259 Az\u0259rbaycan Ordusunun m\u00f6ht\u0259\u015f\u0259m tarixi Z\u0259f\u0259rind\u0259n b\u0259hs ed\u0259r\u0259k, 44 g\u00fcnl\u00fck V\u0259t\u0259n m\u00fcharib\u0259si d\u00f6vr\u00fcnd\u0259 T\u00fcrkiy\u0259nin Az\u0259rbaycana siyasi v\u0259 m\u0259n\u0259vi d\u0259st\u0259yinin Az\u0259rbaycan xalq\u0131 t\u0259r\u0259find\u0259n y\u00fcks\u0259k qiym\u0259tl\u0259ndirildiyini vur\u011fulay\u0131b. S.Babayev Az\u0259rbaycan v\u0259 T\u00fcrkiy\u0259 aras\u0131nda strateji t\u0259r\u0259fda\u015fl\u0131\u011f\u0131n \u0259sas\u0131nda dostluq, qarda\u015fl\u0131q amilinin dayand\u0131\u011f\u0131n\u0131 qeyd edib.&hellip;<\/p>\n","protected":false},"author":2,"featured_media":326049,"comment_status":"closed","ping_status":"closed","sticky":false,"template":"","format":"standard","meta":{"om_disable_all_campaigns":false,"_monsterinsights_skip_tracking":false,"_monsterinsights_sitenote_active":false,"_monsterinsights_sitenote_note":"","_monsterinsights_sitenote_category":0},"categories":[26],"tags":[],"aioseo_notices":[],"gutentor_comment":0,"rttpg_featured_image_url":{"full":["https:\/\/arantv.az\/wp-content\/uploads\/2021\/04\/image_750x_6077fb8e14315.jpg",620,413,false],"landscape":["https:\/\/arantv.az\/wp-content\/uploads\/2021\/04\/image_750x_6077fb8e14315.jpg",620,413,false],"portraits":["https:\/\/arantv.az\/wp-content\/uploads\/2021\/04\/image_750x_6077fb8e14315.jpg",620,413,false],"thumbnail":["https:\/\/arantv.az\/wp-content\/uploads\/2021\/04\/image_750x_6077fb8e14315-500x280.jpg",500,280,true],"medium":["https:\/\/arantv.az\/wp-content\/uploads\/2021\/04\/image_750x_6077fb8e14315-548x365.jpg",548,365,true],"large":["https:\/\/arantv.az\/wp-content\/uploads\/2021\/04\/image_750x_6077fb8e14315.jpg",620,413,false],"1536x1536":["https:\/\/arantv.az\/wp-content\/uploads\/2021\/04\/image_750x_6077fb8e14315.jpg",620,413,false],"2048x2048":["https:\/\/arantv.az\/wp-content\/uploads\/2021\/04\/image_750x_6077fb8e14315.jpg",620,413,false],"post-thumbnail":["https:\/\/arantv.az\/wp-content\/uploads\/2021\/04\/image_750x_6077fb8e14315-240x172.jpg",240,172,true],"advps-thumb-one":["https:\/\/arantv.az\/wp-content\/uploads\/2021\/04\/image_750x_6077fb8e14315.jpg",620,413,false]},"rttpg_author":{"display_name":"V\u00fcsal Rafiqo\u011flu","author_link":"https:\/\/arantv.az\/?author=2"},"rttpg_comment":0,"rttpg_category":"<a href=\"https:\/\/arantv.az\/?cat=26\" rel=\"category\">Sosial<\/a>","rttpg_excerpt":"\u201cQarda\u015f T\u00fcrkiy\u0259 il\u0259 \u00f6t\u0259n d\u00f6vrd\u0259 sosial sah\u0259d\u0259 formala\u015fm\u0131\u015f qar\u015f\u0131l\u0131ql\u0131 \u00e7oxistiqam\u0259tli \u0259m\u0259kda\u015fl\u0131q \u0259laq\u0259l\u0259ri qar\u015f\u0131dak\u0131 d\u00f6vrd\u0259 daha da geni\u015fl\u0259n\u0259c\u0259k\u201d. Bunu \u018fm\u0259k v\u0259 \u018fhalinin Sosial M\u00fcdafi\u0259si naziri Sahil Babayev T\u00fcrkiy\u0259nin Az\u0259rbaycandak\u0131 s\u0259firi Erkan \u00d6zoralla \u00f6lk\u0259mizd\u0259 diplomatik f\u0259aliyy\u0259tinin ba\u015fa \u00e7atmas\u0131 il\u0259 \u0259laq\u0259dar ke\u00e7irdiyi g\u00f6r\u00fc\u015fd\u0259 bildirib. Nazir Prezident, Silahl\u0131 Q\u00fcvv\u0259l\u0259rin Ali Ba\u015f Komandan\u0131 \u0130lham \u018fliyevin r\u0259hb\u0259rliyi il\u0259 Az\u0259rbaycan Ordusunun m\u00f6ht\u0259\u015f\u0259m&hellip;","_links":{"self":[{"href":"https:\/\/arantv.az\/index.php?rest_route=\/wp\/v2\/posts\/326048"}],"collection":[{"href":"https:\/\/arantv.az\/index.php?rest_route=\/wp\/v2\/posts"}],"about":[{"href":"https:\/\/arantv.az\/index.php?rest_route=\/wp\/v2\/types\/post"}],"author":[{"embeddable":true,"href":"https:\/\/arantv.az\/index.php?rest_route=\/wp\/v2\/users\/2"}],"replies":[{"embeddable":true,"href":"https:\/\/arantv.az\/index.php?rest_route=%2Fwp%2Fv2%2Fcomments&post=326048"}],"version-history":[{"count":0,"href":"https:\/\/arantv.az\/index.php?rest_route=\/wp\/v2\/posts\/326048\/revisions"}],"wp:featuredmedia":[{"embeddable":true,"href":"https:\/\/arantv.az\/index.php?rest_route=\/wp\/v2\/media\/326049"}],"wp:attachment":[{"href":"https:\/\/arantv.az\/index.php?rest_route=%2Fwp%2Fv2%2Fmedia&parent=326048"}],"wp:term":[{"taxonomy":"category","embeddable":true,"href":"https:\/\/arantv.az\/index.php?rest_route=%2Fwp%2Fv2%2Fcategories&post=326048"},{"taxonomy":"post_tag","embeddable":true,"href":"https:\/\/arantv.az\/index.php?rest_route=%2Fwp%2Fv2%2Ftags&post=326048"}],"curies":[{"name":"wp","href":"https:\/\/api.w.org\/{rel}","templated":true}]}}