{"id":326051,"date":"2021-04-15T14:43:49","date_gmt":"2021-04-15T11:43:49","guid":{"rendered":"https:\/\/arantv.az\/?p=326051"},"modified":"2021-04-15T14:43:49","modified_gmt":"2021-04-15T11:43:49","slug":"az%c9%99rbaycanin-anti-terror-%c9%99m%c9%99liyyatlari-kecirm%c9%99si-ucun-%c9%99li-gucl%c9%99nir-t%c9%99hlil","status":"publish","type":"post","link":"https:\/\/arantv.az\/?p=326051","title":{"rendered":"Az\u0259rbaycan\u0131n anti-terror \u0259m\u0259liyyatlar\u0131 ke\u00e7irm\u0259si \u00fc\u00e7\u00fcn \u0259li g\u00fccl\u0259nir \u2013 T\u018fHL\u0130L"},"content":{"rendered":"<p>Az\u0259rbaycan\u0131n anti-terror \u0259m\u0259liyyatlar\u0131 ke\u00e7ir\u0259c\u0259yin\u0259 dair m\u00fcxt\u0259lif fikirl\u0259r s\u0259sl\u0259nir.<\/p>\n<p>2020-ci il 10 noyabr \u00fc\u00e7t\u0259r\u0259fli b\u0259yanata \u0259sas\u0259n, s\u00fclhm\u0259raml\u0131 \u0259m\u0259liyyatlarla paralel olaraq, Erm\u0259nistan qo\u015funlar\u0131n\u0131 Az\u0259rbaycan\u0131n \u0259razisind\u0259n tam \u00e7\u0131xarmal\u0131d\u0131r.<\/p>\n<p>Prosesl\u0259rin gedi\u015fat\u0131ndak\u0131 t\u0259zadlar, Erm\u0259nistan t\u0259r\u0259find\u0259n veril\u0259n qeyri-m\u00fc\u0259yy\u0259n v\u0259 b\u0259z\u0259n aqressiv b\u0259yanatlar, Rusiya s\u00fclhm\u0259raml\u0131lar\u0131n\u0131n f\u0259aliyy\u0259tind\u0259ki qeyri-m\u00fc\u0259yy\u0259n m\u0259qamlar\u0131n erm\u0259ni qo\u015funlar\u0131n\u0131n \u00e7\u0131xmamas\u0131na hesabland\u0131\u011f\u0131n\u0131 d\u0259lal\u0259t edir.<\/p>\n<div id=\"AdviadNativeVideo0\" class=\"AdviadNativeVideo\"><\/div>\n<p>Buna g\u00f6r\u0259 d\u0259, Qaraba\u011f regionunda anti-terror \u0259m\u0259liyyatlar\u0131 \u00fc\u00e7\u00fcn k\u00f6vr\u0259k z\u0259minin yarand\u0131\u011f\u0131n\u0131 s\u00f6yl\u0259m\u0259k olar.<\/p>\n<p>\u0130\u015f\u011fala son qoyulub, indi b\u0259yanat\u0131n 4-c\u00fc b\u0259ndin\u0259 \u0259sas\u0259n, erm\u0259ni qo\u015funlar\u0131n\u0131n s\u00fclhm\u0259raml\u0131lar\u0131n n\u0259zar\u0259tind\u0259 olan b\u00f6lg\u0259l\u0259rd\u0259n \u00e7\u0131xar\u0131lmas\u0131 prosesin\u0259 ba\u015flan\u0131lmal\u0131d\u0131r. Az\u0259rbaycan bu m\u0259s\u0259l\u0259d\u0259 prinsipiall\u0131q v\u0259 q\u0259tiyy\u0259t n\u00fcmayi\u015f etdirir, Erm\u0259nistan\u0131n r\u0259smi dair\u0259l\u0259rinin ictimaiyy\u0259t \u00fc\u00e7\u00fcn a\u00e7\u0131qlanan b\u0259yanatlar\u0131nda is\u0259 q\u0259rib\u0259 bir sakitlik m\u00fc\u015fahid\u0259 edilir.<\/p>\n<p>Az\u0259rbaycan Qaraba\u011f m\u00fcnaqi\u015f\u0259sin\u0259 n\u00f6qt\u0259 qoysa da, h\u0259rb variant\u0131n\u0131, anti-terror \u0259m\u0259liyyatlar\u0131n\u0131 g\u00fcnd\u0259likd\u0259n \u00e7\u0131xarmay\u0131b, \u0259ksin\u0259 m\u00fcxt\u0259lif qo\u015fun n\u00f6vl\u0259ri intensiv t\u0259liml\u0259r\u0259 c\u0259lb edilir. Burada T\u00fcrkiy\u0259 il\u0259 birg\u0259 t\u0259liml\u0259rin ke\u00e7irilm\u0259si d\u0259 diqq\u0259t \u00e7\u0259kir.<\/p>\n<p>Erm\u0259nistan\u0131n Ba\u015f naziri Nikol Pa\u015finyan is\u0259 \u00f6t\u0259n g\u00fcn parlamentd\u0259 \u00e7\u0131x\u0131\u015f ed\u0259rk\u0259n yen\u0259 Da\u011fl\u0131q Qaraba\u011f \u00fc\u00e7\u00fcn status m\u0259s\u0259l\u0259sini g\u00fcnd\u0259m\u0259 g\u0259tirib. \u0130ndi d\u0259qiq bilmirik ki, bu, s\u0131rf daxili auditoriya \u00fc\u00e7\u00fcn sakitl\u0259\u015fdirici b\u0259yanatd\u0131r v\u0259 ya h\u0259qiq\u0259t\u0259n Pa\u015finyan\u0131n \u00f6z ist\u0259yidir. Lakin bu tip b\u0259yanatlar perspektiv \u00fc\u00e7\u00fcn t\u0259xribat\u0131n miqyas\u0131n\u0131n geni\u015fl\u0259nm\u0259sin\u0259 v\u0259 Qaraba\u011fdak\u0131 qanunsuz silahl\u0131 birl\u0259\u015fm\u0259l\u0259rin \u0259l-qol a\u00e7mas\u0131na r\u0259vac verir.<\/p>\n<p>M\u00fcnaqi\u015f\u0259 bitdikd\u0259n sonra Az\u0259rbaycan \u0259razil\u0259rind\u0259 olan qo\u015funlar\u0131 qanunsuz silahl\u0131 birl\u0259\u015fm\u0259l\u0259r kateqoriyas\u0131na aid edilm\u0259lidir. Bu, el\u0259 i\u015f\u011fal m\u00fcdd\u0259tind\u0259 d\u0259 bel\u0259 idi, \u00e7\u00fcnki qondarma, tan\u0131nmayan qurum h\u0259rbi kontingent yarad\u0131rsa, bu, qanunsuz silahl\u0131 birl\u0259\u015fm\u0259l\u0259rdir.<\/p>\n<p>Az\u0259rbaycan qanunvericiliyin\u0259 g\u00f6r\u0259, qanunsuz silahl\u0131 birl\u0259\u015fm\u0259l\u0259ri v\u0259 ya qruplar\u0131 yaratma b\u00f6y\u00fck m\u0259suliyy\u0259t yarad\u0131r v\u0259 bunun c\u0259zas\u0131 a\u011f\u0131rd\u0131r.<\/p>\n<p>Terror \u0259leyhin\u0259 apar\u0131lan \u0259m\u0259liyyatlar &#8211;\u00a0terror aktlar\u0131n\u0131n\u00a0qar\u015f\u0131s\u0131n\u0131n al\u0131nmas\u0131, fiziki \u015f\u0259xsl\u0259rin t\u0259hl\u00fck\u0259sizliyinin t\u0259min edilm\u0259si, terror\u00e7ular\u0131n t\u0259rk-silah edilm\u0259si, z\u0259r\u0259rsizl\u0259\u015fdirilm\u0259si, habel\u0259\u00a0terror akt\u0131\u00a0n\u0259tic\u0259sind\u0259 d\u0259y\u0259 bil\u0259c\u0259k z\u0259r\u0259rin minimuma endirilm\u0259si m\u0259qs\u0259dil\u0259 h\u0259yata ke\u00e7iril\u0259n x\u00fcsusi t\u0259dbirl\u0259rdir.<\/p>\n<p>Bu m\u0259tn Az\u0259rbaycan\u0131n \u201cTerror\u00e7ulu\u011fa qar\u015f\u0131 m\u00fcbariz\u0259 haqq\u0131nda\u201d qanunda yaz\u0131l\u0131b.<\/p>\n<p>\u0130ndi Az\u0259rbaycan\u0131n anti-terror \u0259m\u0259liyyatlar\u0131 \u00fc\u00e7\u00fcn \u0259li g\u00fccl\u0259nir v\u0259 bunun ba\u015f verm\u0259 ehtimallar\u0131 \u00e7oxal\u0131r.<\/p>\n<p>\u00c7\u00fcnki s\u00fclhm\u0259raml\u0131lar\u0131n n\u0259zar\u0259t etdiyi \u0259razil\u0259rd\u0259ki erm\u0259ni qo\u015funlar\u0131n\u0131n \u201cstatusuna\u201d terror\u00e7uluqdan ba\u015fqa bir ad verm\u0259k olmaz. Az\u0259rbaycan\u0131n is\u0259 tamh\u00fcquqlu yurisdiksiyas\u0131n\u0131 h\u0259yata ke\u00e7irm\u0259k \u00fc\u00e7\u00fcn h\u0259min \u0259razil\u0259rd\u0259 terror \u0259leyhin\u0259 \u0259m\u0259liyyatlar ke\u00e7irm\u0259k h\u00fcququ var.<\/p>\n<p>Az\u0259rbaycan\u0131n \u201cbeyin m\u0259rk\u0259zi\u201d olan Beyn\u0259lxalq M\u00fcnasib\u0259tl\u0259r T\u0259hlili M\u0259rk\u0259zinin s\u0259dri F\u0259rid \u015e\u0259fiyevin m\u00f6vqeyi d\u0259 anti-terror \u0259m\u0259liyyatlar\u0131na haz\u0131rl\u0131\u011f\u0131n elan olunmas\u0131d\u0131r.<\/p>\n<p>Nikol Pa\u015finyan\u0131n aprelin 14-d\u0259 parlamentd\u0259 \u00e7\u0131x\u0131\u015f ed\u0259rk\u0259n\u00a0\u201cB\u00fct\u00fcn Da\u011fl\u0131q Qaraba\u011f\u0131n qaytar\u0131lmas\u0131\u201dndan dan\u0131\u015fmas\u0131 t\u0259cav\u00fczkar ritorikan\u0131n davam etdirilm\u0259si anlam\u0131na g\u0259lir.<\/p>\n<p>C\u0259nab \u015e\u0259fiyev is\u0259 qeyd edir ki, Az\u0259rbaycan\u0131n yegan\u0259 yolu h\u0259rbi imkanlar\u0131n\u0131 daha da g\u00fccl\u0259ndirm\u0259k v\u0259 t\u0259xribatlara haz\u0131r olmaqd\u0131r.<\/p>\n<p>Y\u0259qin ki, F\u0259rid \u015e\u0259fiyev bu versiyan\u0131 t\u0259kc\u0259 n\u0259z\u0259ri yox, h\u0259m d\u0259 g\u0259l\u0259c\u0259k praktik add\u0131mlar kimi g\u00fcnd\u0259m\u0259\u00a0g\u0259tirir.<\/p>\n<p>Az\u0259rbaycan anti-terror \u0259m\u0259liyyatlar\u0131n\u0131 T\u00fcrkiy\u0259 il\u0259 birg\u0259 d\u0259 apara bil\u0259r. \u0130ntensivl\u0259\u015f\u0259n T\u00fcrky\u0259-Az\u0259rbaycan birg\u0259 h\u0259rbi \u0259m\u0259liyyatlar\u0131 da bel\u0259 dem\u0259y\u0259 \u0259sas verir. \u018fn \u0259sas\u0131 is\u0259 bunun ikit\u0259r\u0259fli h\u00fcquqi bazas\u0131 da m\u00f6vcuddur.<\/p>\n<p>T\u00fcrkiy\u0259 il\u0259 Az\u0259rbaycan\u0131n birg\u0259 add\u0131mlar\u0131 strateji t\u0259r\u0259fda\u015fl\u0131q v\u0259 qar\u015f\u0131l\u0131ql\u0131 yard\u0131ma \u0259saslan\u0131r, y\u0259ni iki d\u00f6vl\u0259t aras\u0131nda m\u00fcqavil\u0259 var.<\/p>\n<p>Az\u0259rbaycanla T\u00fcrkiy\u0259 aras\u0131nda strateji t\u0259r\u0259fda\u015fl\u0131q v\u0259 qar\u015f\u0131l\u0131ql\u0131 yard\u0131m haqq\u0131nda M\u00fcqavil\u0259y\u0259 (2010-cu ilin avqustun 16-da imzalan\u0131b) n\u0259z\u0259r yetir\u0259k.<\/p>\n<p>M\u00fcqavil\u0259nin 2-ci madd\u0259sin\u0259 \u0259sas\u0259n, t\u0259r\u0259fl\u0259rd\u0259n biri \u00fc\u00e7\u00fcnc\u00fc d\u00f6vl\u0259t v\u0259 ya bir qrup d\u00f6vl\u0259t t\u0259r\u0259find\u0259n silahl\u0131 basq\u0131n v\u0259 ya h\u0259rbi t\u0259cav\u00fcz\u0259 m\u0259ruz qald\u0131qda, BMT Nizamnam\u0259sinin 51-ci madd\u0259si il\u0259 tan\u0131nan f\u0259rdi v\u0259 ya kollektiv \u00f6z\u00fcn\u00fcm\u00fcdafi\u0259 h\u00fcququnun h\u0259yata ke\u00e7irilm\u0259si \u00fc\u00e7\u00fcn h\u0259rbi imkan v\u0259 q\u00fcdr\u0259tl\u0259rind\u0259n istifad\u0259 ed\u0259 bil\u0259r.<\/p>\n<p>Sual oluna bil\u0259r ki, burada \u00fc\u00e7\u00fcnc\u00fc d\u00f6vl\u0259t kimdir? T\u0259bii ki, Erm\u0259nistan, \u0259n az\u0131ndan \u0130r\u0259vandan tirajlanan ritorika Erm\u0259nistan\u0131n Qaraba\u011fdak\u0131 terror\u00e7u d\u0259st\u0259l\u0259r\u0259 d\u0259st\u0259yini ifad\u0259 edir.<\/p>\n<p>Erm\u0259nistan is\u0259 vaz ke\u00e7m\u0259diyi \u0259razi iddialar\u0131n\u0131 m\u0259hz quldur t\u00f6r-t\u00f6k\u00fcnt\u00fcl\u0259rin \u0259li il\u0259 daha da g\u00fccl\u0259ndirir \u2013 bil\u0259r\u0259kd\u0259n ya da bilm\u0259y\u0259r\u0259kd\u0259n.<\/p>\n<p>\u00c7\u0131xaraca\u011f\u0131m\u0131z n\u0259tic\u0259 budur ki, Az\u0259rbaycan 10 noyabr b\u0259yanat\u0131n\u0131n icras\u0131na m\u0259h\u0259l qoymayan Erm\u0259nistan\u0131 c\u0259zaland\u0131rmaq \u00fc\u00e7\u00fcn anti-terror \u0259m\u0259liyyatlar\u0131n\u0131 ke\u00e7ir\u0259 bil\u0259r.<\/p>\n","protected":false},"excerpt":{"rendered":"<p>Az\u0259rbaycan\u0131n anti-terror \u0259m\u0259liyyatlar\u0131 ke\u00e7ir\u0259c\u0259yin\u0259 dair m\u00fcxt\u0259lif fikirl\u0259r s\u0259sl\u0259nir. 2020-ci il 10 noyabr \u00fc\u00e7t\u0259r\u0259fli b\u0259yanata \u0259sas\u0259n, s\u00fclhm\u0259raml\u0131 \u0259m\u0259liyyatlarla paralel olaraq, Erm\u0259nistan qo\u015funlar\u0131n\u0131 Az\u0259rbaycan\u0131n \u0259razisind\u0259n tam \u00e7\u0131xarmal\u0131d\u0131r. Prosesl\u0259rin gedi\u015fat\u0131ndak\u0131 t\u0259zadlar, Erm\u0259nistan t\u0259r\u0259find\u0259n veril\u0259n qeyri-m\u00fc\u0259yy\u0259n v\u0259 b\u0259z\u0259n aqressiv b\u0259yanatlar, Rusiya s\u00fclhm\u0259raml\u0131lar\u0131n\u0131n f\u0259aliyy\u0259tind\u0259ki qeyri-m\u00fc\u0259yy\u0259n m\u0259qamlar\u0131n erm\u0259ni qo\u015funlar\u0131n\u0131n \u00e7\u0131xmamas\u0131na hesabland\u0131\u011f\u0131n\u0131 d\u0259lal\u0259t edir. Buna g\u00f6r\u0259 d\u0259, Qaraba\u011f regionunda anti-terror \u0259m\u0259liyyatlar\u0131 \u00fc\u00e7\u00fcn k\u00f6vr\u0259k z\u0259minin yarand\u0131\u011f\u0131n\u0131 s\u00f6yl\u0259m\u0259k olar. \u0130\u015f\u011fala son qoyulub, indi b\u0259yanat\u0131n 4-c\u00fc b\u0259ndin\u0259 \u0259sas\u0259n, erm\u0259ni qo\u015funlar\u0131n\u0131n s\u00fclhm\u0259raml\u0131lar\u0131n n\u0259zar\u0259tind\u0259 olan b\u00f6lg\u0259l\u0259rd\u0259n \u00e7\u0131xar\u0131lmas\u0131 prosesin\u0259 ba\u015flan\u0131lmal\u0131d\u0131r. Az\u0259rbaycan bu m\u0259s\u0259l\u0259d\u0259 prinsipiall\u0131q v\u0259 q\u0259tiyy\u0259t n\u00fcmayi\u015f etdirir, Erm\u0259nistan\u0131n r\u0259smi dair\u0259l\u0259rinin ictimaiyy\u0259t \u00fc\u00e7\u00fcn&hellip;<\/p>\n","protected":false},"author":2,"featured_media":326052,"comment_status":"closed","ping_status":"closed","sticky":false,"template":"","format":"standard","meta":{"om_disable_all_campaigns":false,"_monsterinsights_skip_tracking":false,"_monsterinsights_sitenote_active":false,"_monsterinsights_sitenote_note":"","_monsterinsights_sitenote_category":0},"categories":[4],"tags":[],"aioseo_notices":[],"gutentor_comment":0,"rttpg_featured_image_url":{"full":["https:\/\/arantv.az\/wp-content\/uploads\/2021\/04\/59a7d21df16127d5edd5a989c4586ba0.jpg",620,372,false],"landscape":["https:\/\/arantv.az\/wp-content\/uploads\/2021\/04\/59a7d21df16127d5edd5a989c4586ba0.jpg",620,372,false],"portraits":["https:\/\/arantv.az\/wp-content\/uploads\/2021\/04\/59a7d21df16127d5edd5a989c4586ba0.jpg",620,372,false],"thumbnail":["https:\/\/arantv.az\/wp-content\/uploads\/2021\/04\/59a7d21df16127d5edd5a989c4586ba0-500x280.jpg",500,280,true],"medium":["https:\/\/arantv.az\/wp-content\/uploads\/2021\/04\/59a7d21df16127d5edd5a989c4586ba0-608x365.jpg",608,365,true],"large":["https:\/\/arantv.az\/wp-content\/uploads\/2021\/04\/59a7d21df16127d5edd5a989c4586ba0.jpg",620,372,false],"1536x1536":["https:\/\/arantv.az\/wp-content\/uploads\/2021\/04\/59a7d21df16127d5edd5a989c4586ba0.jpg",620,372,false],"2048x2048":["https:\/\/arantv.az\/wp-content\/uploads\/2021\/04\/59a7d21df16127d5edd5a989c4586ba0.jpg",620,372,false],"post-thumbnail":["https:\/\/arantv.az\/wp-content\/uploads\/2021\/04\/59a7d21df16127d5edd5a989c4586ba0-240x172.jpg",240,172,true],"advps-thumb-one":["https:\/\/arantv.az\/wp-content\/uploads\/2021\/04\/59a7d21df16127d5edd5a989c4586ba0.jpg",620,372,false]},"rttpg_author":{"display_name":"V\u00fcsal Rafiqo\u011flu","author_link":"https:\/\/arantv.az\/?author=2"},"rttpg_comment":0,"rttpg_category":"<a href=\"https:\/\/arantv.az\/?cat=4\" rel=\"category\">Siyas\u0259t<\/a>","rttpg_excerpt":"Az\u0259rbaycan\u0131n anti-terror \u0259m\u0259liyyatlar\u0131 ke\u00e7ir\u0259c\u0259yin\u0259 dair m\u00fcxt\u0259lif fikirl\u0259r s\u0259sl\u0259nir. 2020-ci il 10 noyabr \u00fc\u00e7t\u0259r\u0259fli b\u0259yanata \u0259sas\u0259n, s\u00fclhm\u0259raml\u0131 \u0259m\u0259liyyatlarla paralel olaraq, Erm\u0259nistan qo\u015funlar\u0131n\u0131 Az\u0259rbaycan\u0131n \u0259razisind\u0259n tam \u00e7\u0131xarmal\u0131d\u0131r. Prosesl\u0259rin gedi\u015fat\u0131ndak\u0131 t\u0259zadlar, Erm\u0259nistan t\u0259r\u0259find\u0259n veril\u0259n qeyri-m\u00fc\u0259yy\u0259n v\u0259 b\u0259z\u0259n aqressiv b\u0259yanatlar, Rusiya s\u00fclhm\u0259raml\u0131lar\u0131n\u0131n f\u0259aliyy\u0259tind\u0259ki qeyri-m\u00fc\u0259yy\u0259n m\u0259qamlar\u0131n erm\u0259ni qo\u015funlar\u0131n\u0131n \u00e7\u0131xmamas\u0131na hesabland\u0131\u011f\u0131n\u0131 d\u0259lal\u0259t edir. Buna g\u00f6r\u0259 d\u0259, Qaraba\u011f regionunda anti-terror \u0259m\u0259liyyatlar\u0131 \u00fc\u00e7\u00fcn&hellip;","_links":{"self":[{"href":"https:\/\/arantv.az\/index.php?rest_route=\/wp\/v2\/posts\/326051"}],"collection":[{"href":"https:\/\/arantv.az\/index.php?rest_route=\/wp\/v2\/posts"}],"about":[{"href":"https:\/\/arantv.az\/index.php?rest_route=\/wp\/v2\/types\/post"}],"author":[{"embeddable":true,"href":"https:\/\/arantv.az\/index.php?rest_route=\/wp\/v2\/users\/2"}],"replies":[{"embeddable":true,"href":"https:\/\/arantv.az\/index.php?rest_route=%2Fwp%2Fv2%2Fcomments&post=326051"}],"version-history":[{"count":0,"href":"https:\/\/arantv.az\/index.php?rest_route=\/wp\/v2\/posts\/326051\/revisions"}],"wp:featuredmedia":[{"embeddable":true,"href":"https:\/\/arantv.az\/index.php?rest_route=\/wp\/v2\/media\/326052"}],"wp:attachment":[{"href":"https:\/\/arantv.az\/index.php?rest_route=%2Fwp%2Fv2%2Fmedia&parent=326051"}],"wp:term":[{"taxonomy":"category","embeddable":true,"href":"https:\/\/arantv.az\/index.php?rest_route=%2Fwp%2Fv2%2Fcategories&post=326051"},{"taxonomy":"post_tag","embeddable":true,"href":"https:\/\/arantv.az\/index.php?rest_route=%2Fwp%2Fv2%2Ftags&post=326051"}],"curies":[{"name":"wp","href":"https:\/\/api.w.org\/{rel}","templated":true}]}}