{"id":3261,"date":"2018-08-01T08:03:58","date_gmt":"2018-08-01T05:03:58","guid":{"rendered":"http:\/\/arantv.az\/?p=3261"},"modified":"2018-08-01T08:03:58","modified_gmt":"2018-08-01T05:03:58","slug":"iranda-yol-q%c9%99zasinda-uc-az%c9%99rbaycan-v%c9%99t%c9%99ndasi-oldu","status":"publish","type":"post","link":"https:\/\/arantv.az\/?p=3261","title":{"rendered":"\u0130randa yol q\u0259zas\u0131nda \u00fc\u00e7 Az\u0259rbaycan v\u0259t\u0259nda\u015f\u0131 \u00f6ld\u00fc"},"content":{"rendered":"<p>\u0130ran\u0131n \u018frd\u0259bil \u0259yal\u0259tinin \u015fimal\u0131nda Parsabad &#8211;\u00a0C\u0259f\u0259rabad magistral yolunda ba\u015f vermi\u015f yol q\u0259zas\u0131nda 3 Az\u0259rbaycan v\u0259t\u0259nda\u015f\u0131 h\u0259yat\u0131n\u0131 itirib.<\/p>\n<p><strong>ARANTV.AZ<\/strong>-\u0131n APA-ya istinadla verdiyi x\u0259b\u0259r\u0259 g\u00f6r\u0259,\u00a0avqustun 31-d\u0259\u00a0 g\u00fcn\u00fcn ikinci yar\u0131s\u0131nda\u00a0 Parsabad-C\u0259f\u0259rabad magistral yolunun \u018fcirlu b\u00f6lg\u0259sind\u0259 iki minik avtomobili toqqu\u015fub. Hadis\u0259 n\u0259tic\u0259sind\u0259 3 n\u0259f\u0259r \u00f6l\u00fcb, 4 n\u0259f\u0259r yaralan\u0131b.<\/p>\n<p>\u018frd\u0259bil \u0259yal\u0259tinin yol polis r\u0259isi general\u00a0<strong>H\u00f6cc\u0259t F\u0259ttahi\u00a0<\/strong>a\u00e7\u0131qlamas\u0131nda bildirb ki, \u201cPeugeot\u201d markal\u0131 minik avtomobili il\u0259\u00a0 Az\u0259rbaycan v\u0259t\u0259nda\u015f\u0131n\u0131n idar\u0259 etdiyi \u201cLand Cruise\u201d markal\u0131 avtomobil toqqu\u015fub:<\/p>\n<p>\u201cHadis\u0259 n\u0259tic\u0259sind\u0259 \u00f6l\u0259nl\u0259rin h\u0259r \u00fc\u00e7\u00fc Az\u0259rbaycan Respublikas\u0131 v\u0259t\u0259nda\u015f\u0131d\u0131r.\u201d<\/p>\n<p>Onun s\u00f6zl\u0259rin\u0259 g\u00f6r\u0259, yaral\u0131lar Parsabad \u015f\u0259h\u0259r x\u0259st\u0259xanas\u0131na \u00e7atd\u0131r\u0131l\u0131b. Yaral\u0131lardan 3 n\u0259f\u0259r Az\u0259rbaycan v\u0259t\u0259nda\u015f\u0131d\u0131r v\u0259 haz\u0131rda x\u0259st\u0259xanada m\u00fcalic\u0259 al\u0131rlar. V\u0259ziyy\u0259tl\u0259ri q\u0259na\u0259tb\u0259x\u015fdir.<\/p>\n","protected":false},"excerpt":{"rendered":"<p>\u0130ran\u0131n \u018frd\u0259bil \u0259yal\u0259tinin \u015fimal\u0131nda Parsabad &#8211;\u00a0C\u0259f\u0259rabad magistral yolunda ba\u015f vermi\u015f yol q\u0259zas\u0131nda 3 Az\u0259rbaycan v\u0259t\u0259nda\u015f\u0131 h\u0259yat\u0131n\u0131 itirib. ARANTV.AZ-\u0131n APA-ya istinadla verdiyi x\u0259b\u0259r\u0259 g\u00f6r\u0259,\u00a0avqustun 31-d\u0259\u00a0 g\u00fcn\u00fcn ikinci yar\u0131s\u0131nda\u00a0 Parsabad-C\u0259f\u0259rabad magistral yolunun \u018fcirlu b\u00f6lg\u0259sind\u0259 iki minik avtomobili toqqu\u015fub. Hadis\u0259 n\u0259tic\u0259sind\u0259 3 n\u0259f\u0259r \u00f6l\u00fcb, 4 n\u0259f\u0259r yaralan\u0131b. \u018frd\u0259bil \u0259yal\u0259tinin yol polis r\u0259isi general\u00a0H\u00f6cc\u0259t F\u0259ttahi\u00a0a\u00e7\u0131qlamas\u0131nda bildirb ki, \u201cPeugeot\u201d markal\u0131 minik avtomobili il\u0259\u00a0 Az\u0259rbaycan v\u0259t\u0259nda\u015f\u0131n\u0131n idar\u0259 etdiyi \u201cLand Cruise\u201d markal\u0131 avtomobil toqqu\u015fub: \u201cHadis\u0259 n\u0259tic\u0259sind\u0259 \u00f6l\u0259nl\u0259rin h\u0259r \u00fc\u00e7\u00fc Az\u0259rbaycan Respublikas\u0131 v\u0259t\u0259nda\u015f\u0131d\u0131r.\u201d Onun s\u00f6zl\u0259rin\u0259 g\u00f6r\u0259, yaral\u0131lar Parsabad \u015f\u0259h\u0259r x\u0259st\u0259xanas\u0131na \u00e7atd\u0131r\u0131l\u0131b. Yaral\u0131lardan 3 n\u0259f\u0259r Az\u0259rbaycan v\u0259t\u0259nda\u015f\u0131d\u0131r v\u0259 haz\u0131rda&hellip;<\/p>\n","protected":false},"author":2,"featured_media":3262,"comment_status":"open","ping_status":"open","sticky":false,"template":"","format":"standard","meta":{"om_disable_all_campaigns":false,"_monsterinsights_skip_tracking":false,"_monsterinsights_sitenote_active":false,"_monsterinsights_sitenote_note":"","_monsterinsights_sitenote_category":0},"categories":[1],"tags":[],"aioseo_notices":[],"gutentor_comment":0,"rttpg_featured_image_url":{"full":["https:\/\/arantv.az\/wp-content\/uploads\/2018\/08\/qeza-1.jpg",600,400,false],"landscape":["https:\/\/arantv.az\/wp-content\/uploads\/2018\/08\/qeza-1.jpg",600,400,false],"portraits":["https:\/\/arantv.az\/wp-content\/uploads\/2018\/08\/qeza-1.jpg",600,400,false],"thumbnail":["https:\/\/arantv.az\/wp-content\/uploads\/2018\/08\/qeza-1-150x150.jpg",150,150,true],"medium":["https:\/\/arantv.az\/wp-content\/uploads\/2018\/08\/qeza-1-300x200.jpg",300,200,true],"large":["https:\/\/arantv.az\/wp-content\/uploads\/2018\/08\/qeza-1.jpg",600,400,false],"1536x1536":["https:\/\/arantv.az\/wp-content\/uploads\/2018\/08\/qeza-1.jpg",600,400,false],"2048x2048":["https:\/\/arantv.az\/wp-content\/uploads\/2018\/08\/qeza-1.jpg",600,400,false],"post-thumbnail":["https:\/\/arantv.az\/wp-content\/uploads\/2018\/08\/qeza-1.jpg",240,160,false],"advps-thumb-one":["https:\/\/arantv.az\/wp-content\/uploads\/2018\/08\/qeza-1.jpg",600,400,false]},"rttpg_author":{"display_name":"V\u00fcsal Rafiqo\u011flu","author_link":"https:\/\/arantv.az\/?author=2"},"rttpg_comment":0,"rttpg_category":"<a href=\"https:\/\/arantv.az\/?cat=1\" rel=\"category\">C\u0259miyy\u0259t<\/a>","rttpg_excerpt":"\u0130ran\u0131n \u018frd\u0259bil \u0259yal\u0259tinin \u015fimal\u0131nda Parsabad &#8211;\u00a0C\u0259f\u0259rabad magistral yolunda ba\u015f vermi\u015f yol q\u0259zas\u0131nda 3 Az\u0259rbaycan v\u0259t\u0259nda\u015f\u0131 h\u0259yat\u0131n\u0131 itirib. ARANTV.AZ-\u0131n APA-ya istinadla verdiyi x\u0259b\u0259r\u0259 g\u00f6r\u0259,\u00a0avqustun 31-d\u0259\u00a0 g\u00fcn\u00fcn ikinci yar\u0131s\u0131nda\u00a0 Parsabad-C\u0259f\u0259rabad magistral yolunun \u018fcirlu b\u00f6lg\u0259sind\u0259 iki minik avtomobili toqqu\u015fub. Hadis\u0259 n\u0259tic\u0259sind\u0259 3 n\u0259f\u0259r \u00f6l\u00fcb, 4 n\u0259f\u0259r yaralan\u0131b. \u018frd\u0259bil \u0259yal\u0259tinin yol polis r\u0259isi general\u00a0H\u00f6cc\u0259t F\u0259ttahi\u00a0a\u00e7\u0131qlamas\u0131nda bildirb ki, \u201cPeugeot\u201d markal\u0131&hellip;","_links":{"self":[{"href":"https:\/\/arantv.az\/index.php?rest_route=\/wp\/v2\/posts\/3261"}],"collection":[{"href":"https:\/\/arantv.az\/index.php?rest_route=\/wp\/v2\/posts"}],"about":[{"href":"https:\/\/arantv.az\/index.php?rest_route=\/wp\/v2\/types\/post"}],"author":[{"embeddable":true,"href":"https:\/\/arantv.az\/index.php?rest_route=\/wp\/v2\/users\/2"}],"replies":[{"embeddable":true,"href":"https:\/\/arantv.az\/index.php?rest_route=%2Fwp%2Fv2%2Fcomments&post=3261"}],"version-history":[{"count":0,"href":"https:\/\/arantv.az\/index.php?rest_route=\/wp\/v2\/posts\/3261\/revisions"}],"wp:featuredmedia":[{"embeddable":true,"href":"https:\/\/arantv.az\/index.php?rest_route=\/wp\/v2\/media\/3262"}],"wp:attachment":[{"href":"https:\/\/arantv.az\/index.php?rest_route=%2Fwp%2Fv2%2Fmedia&parent=3261"}],"wp:term":[{"taxonomy":"category","embeddable":true,"href":"https:\/\/arantv.az\/index.php?rest_route=%2Fwp%2Fv2%2Fcategories&post=3261"},{"taxonomy":"post_tag","embeddable":true,"href":"https:\/\/arantv.az\/index.php?rest_route=%2Fwp%2Fv2%2Ftags&post=3261"}],"curies":[{"name":"wp","href":"https:\/\/api.w.org\/{rel}","templated":true}]}}