{"id":32618,"date":"2019-01-16T09:20:47","date_gmt":"2019-01-16T06:20:47","guid":{"rendered":"http:\/\/arantv.az\/?p=32618"},"modified":"2019-01-16T09:20:47","modified_gmt":"2019-01-16T06:20:47","slug":"politoloq-dovl%c9%99t-idar%c9%99etm%c9%99-sistemind%c9%99-struktur-islahatlari-az%c9%99rbaycanin-inkisaf-dialektikasina-uygundur","status":"publish","type":"post","link":"https:\/\/arantv.az\/?p=32618","title":{"rendered":"Politoloq: &#8220;D\u00f6vl\u0259t idar\u0259etm\u0259 sistemind\u0259 struktur islahatlar\u0131 Az\u0259rbaycan\u0131n inki\u015faf dialektikas\u0131na uy\u011fundur&#8221;"},"content":{"rendered":"<blockquote><p><em><strong>Yanvar\u0131n 14-d\u0259 Az\u0259rbaycan Prezidenti \u0130lham \u018fliyevin imzalad\u0131\u011f\u0131 f\u0259rmanlara \u0259sas\u0259n d\u00f6vl\u0259t idar\u0259etm\u0259 sistemind\u0259 h\u0259yata ke\u00e7iril\u0259n struktur islahatlar\u0131 Az\u0259rbaycan\u0131n inki\u015faf dialektikas\u0131na uy\u011fundur.<\/strong><\/em><\/p><\/blockquote>\n<p><strong>ARANTV.AZ<\/strong> x\u0259b\u0259r verir ki, bunu\u00a0<a href=\"https:\/\/az.trend.az\/\" target=\"_blank\" rel=\"noopener\">Trend<\/a>-\u0259 politoloq, siyasi elml\u0259r \u00fczr\u0259 f\u0259ls\u0259f\u0259 doktoru, dosent El\u015fad Mirb\u0259\u015firo\u011flu deyib.<\/p>\n<p>Onun s\u00f6zl\u0259rin\u0259 g\u00f6r\u0259, bu islahatlar d\u00f6vl\u0259t idar\u0259\u00e7iliyinin t\u0259kmill\u0259\u015fdirilm\u0259si v\u0259 optimalla\u015fd\u0131r\u0131lmas\u0131 istiqam\u0259tind\u0259 apar\u0131lan inzibati islahatlar\u0131n n\u00f6vb\u0259ti m\u0259rh\u0259l\u0259sidir:<\/p>\n<p>&#8220;S\u00f6zs\u00fcz ki, d\u00f6vl\u0259t idar\u0259\u00e7iliyi sistemind\u0259 h\u0259yata ke\u00e7iril\u0259n ist\u0259nil\u0259n xarakterli islahatlar m\u00f6vcud reall\u0131qlarla uzla\u015fmal\u0131d\u0131r. Bu bax\u0131mdan Az\u0259rbaycan\u0131n g\u00fcnd\u0259n-g\u00fcn\u0259 artan iqtisadi potensial\u0131, h\u0259m\u00e7inin \u00f6lk\u0259nin xarici m\u00fcst\u0259vid\u0259ki f\u0259all\u0131\u011f\u0131nda m\u00fc\u015fahid\u0259 olunan y\u00fcks\u0259k dinamizm c\u0259miyy\u0259t h\u0259yat\u0131nda m\u00fcasir v\u0259 \u00e7evik d\u00f6vl\u0259t idar\u0259\u00e7iliyinin realla\u015fd\u0131r\u0131lmas\u0131n\u0131 t\u0259l\u0259b edir. Az\u0259rbaycan c\u0259miyy\u0259tind\u0259 m\u00fc\u015fahid\u0259 olunan d\u0259rin sosial-iqtisadi d\u0259yi\u015fiklikl\u0259r bu d\u0259yi\u015fiklikl\u0259r\u0259 adekvat idar\u0259etm\u0259 prinsipl\u0259rinin t\u0259tbiq olunmas\u0131 il\u0259 yana\u015f\u0131, h\u0259m d\u0259 ciddi struktur islahatlar\u0131n\u0131n h\u0259yata ke\u00e7irilm\u0259sini t\u0259l\u0259b edir.<\/p>\n<p>Qeyd edim ki, yanvar\u0131n 11-d\u0259 ke\u00e7irilmi\u015f Nazirl\u0259r Kabinetinin iclas\u0131nda d\u00f6vl\u0259t idar\u0259etm\u0259sind\u0259 struktur islahatlar\u0131n\u0131n anonsu Prezident \u0130lham \u018fliyev t\u0259r\u0259find\u0259n verilmi\u015fdi. Bunun ard\u0131nca \u00f6lk\u0259 Prezidenti t\u0259r\u0259find\u0259n m\u00fcvafiq f\u0259rman\u0131n imzalanmas\u0131 bir daha s\u00fcbut etdi ki, Az\u0259rbaycan Respublikas\u0131n\u0131n d\u00f6vl\u0259t idar\u0259\u00e7iliyind\u0259 zaman\u0131n reall\u0131qlar\u0131na uy\u011fun olaraq, m\u00fch\u00fcm islahatlar\u0131n apar\u0131lmas\u0131 v\u0259 davaml\u0131 olmas\u0131 \u00fcmumi d\u00f6vl\u0259t siyas\u0259tinin m\u0259rk\u0259zi trendini t\u0259\u015fkil edir. Bununla yana\u015f\u0131, bir daha \u015fahidi olduq ki, Az\u0259rbaycan Respublikas\u0131nda d\u00f6vl\u0259t idar\u0259etm\u0259 sistemind\u0259 h\u0259yata ke\u00e7iril\u0259n islahatlar\u0131n ba\u015fl\u0131ca istiqam\u0259tini bu sistemin modernl\u0259\u015fdirilm\u0259si, daha \u00e7evik olmas\u0131 y\u00f6n\u00fcnd\u0259 add\u0131mlar\u0131n at\u0131lmas\u0131 t\u0259\u015fkil edir&#8221;.<\/p>\n<div id=\"AdributorNativeVideo0\" class=\"AdributorNativeVideo\"><\/div>\n<p>Politoloq \u0259lav\u0259 edib ki, struktur islahatlar\u0131n\u0131n apar\u0131lmas\u0131 b\u00fct\u00fcn inki\u015faf etmi\u015f \u00f6lk\u0259l\u0259rd\u0259 oldu\u011fu kimi, Az\u0259rbaycanda da d\u00f6vl\u0259t idar\u0259etm\u0259si sistemind\u0259 inzibati islahatlar\u0131n m\u00fch\u00fcm istiqam\u0259tl\u0259rind\u0259n birini t\u0259\u015fkil edir. Biri-biril\u0259rinin f\u0259aliyy\u0259tini t\u0259krarlayan v\u0259 \u00fcmumiyy\u0259tl\u0259, f\u0259aliyy\u0259tini Az\u0259rbaycan\u0131n m\u00fcasir inki\u015faf dialektikas\u0131 il\u0259 uzla\u015fd\u0131ra bilm\u0259y\u0259n d\u00f6vl\u0259t orqanlar\u0131n\u0131n l\u0259\u011fv edilm\u0259si idar\u0259etm\u0259nin optimalla\u015fd\u0131r\u0131lmas\u0131 istiqam\u0259tind\u0259 olduqca m\u00fch\u00fcm add\u0131md\u0131r.<\/p>\n<p>E.Mirb\u0259\u015firo\u011flu bildirib ki, idar\u0259etm\u0259 sistemind\u0259 struktur islahatlar\u0131n\u0131n apar\u0131lmas\u0131 v\u0259saitl\u0259r\u0259 q\u0259nat olunmas\u0131n\u0131n v\u0259 b\u00fcrokratiyan\u0131n qar\u015f\u0131s\u0131n\u0131n al\u0131nmas\u0131n\u0131n \u0259n effektiv mexanizml\u0259rind\u0259n biridir.<\/p>\n<p>Onun s\u00f6zl\u0259rin\u0259 g\u00f6r\u0259, bundan \u0259vv\u0259l d\u0259 \u00f6lk\u0259mizd\u0259 idar\u0259etm\u0259nin optimalla\u015fd\u0131r\u0131lmas\u0131 v\u0259 s\u0259m\u0259r\u0259liliyinin art\u0131r\u0131lmas\u0131 istiqam\u0259tind\u0259 apar\u0131lan inzibat islahatlar n\u0259tic\u0259sind\u0259 bir s\u0131ra eyni v\u0259 ox\u015far funskiyalar\u0131 yerin\u0259 yetir\u0259n strukturlar\u0131n birl\u0259\u015fdirilm\u0259si v\u0259 s\u0259lahiyy\u0259tl\u0259rinin ba\u015fqa strukturlara verilm\u0259si t\u0259min edilib:<\/p>\n<p>&#8220;M\u0259s\u0259l\u0259n, 2015-ci ilin fevral\u0131nda D\u00f6vl\u0259t Torpaq v\u0259 X\u0259rit\u0259\u00e7\u0259km\u0259 Komit\u0259sinin l\u0259\u011fv olunub v\u0259 onun funksiyalar\u0131 dig\u0259r m\u00fcvafiq d\u00f6vl\u0259t orqanlar\u0131 aras\u0131nda b\u00f6l\u00fc\u015fd\u00fcr\u00fcl\u00fcb v\u0259 s. Bu bax\u0131mdan bir daha hesab edir\u0259m ki, \u00f6lk\u0259 Prezidenti t\u0259r\u0259find\u0259n h\u0259yata ke\u00e7iril\u0259n struktur islahatlar\u0131 d\u00f6vl\u0259t idar\u0259\u00e7iliyinin daha da t\u0259kmill\u0259\u015fdirim\u0259si, \u00e7evikliyinin art\u0131r\u0131lmas\u0131, v\u0259t\u0259nda\u015flara g\u00f6st\u0259ril\u0259n d\u00f6vl\u0259t xidm\u0259tl\u0259rinin keyfiyy\u0259tinin y\u00fcks\u0259ldilm\u0259si v\u0259 d\u00f6vl\u0259t v\u0259saitl\u0259rin\u0259 q\u0259na\u0259t olunmas\u0131 bax\u0131m\u0131ndan zaman\u0131nda at\u0131lm\u0131\u015f strateji add\u0131md\u0131r&#8221;.<\/p>\n","protected":false},"excerpt":{"rendered":"<p>Yanvar\u0131n 14-d\u0259 Az\u0259rbaycan Prezidenti \u0130lham \u018fliyevin imzalad\u0131\u011f\u0131 f\u0259rmanlara \u0259sas\u0259n d\u00f6vl\u0259t idar\u0259etm\u0259 sistemind\u0259 h\u0259yata ke\u00e7iril\u0259n struktur islahatlar\u0131 Az\u0259rbaycan\u0131n inki\u015faf dialektikas\u0131na uy\u011fundur. ARANTV.AZ x\u0259b\u0259r verir ki, bunu\u00a0Trend-\u0259 politoloq, siyasi elml\u0259r \u00fczr\u0259 f\u0259ls\u0259f\u0259 doktoru, dosent El\u015fad Mirb\u0259\u015firo\u011flu deyib. Onun s\u00f6zl\u0259rin\u0259 g\u00f6r\u0259, bu islahatlar d\u00f6vl\u0259t idar\u0259\u00e7iliyinin t\u0259kmill\u0259\u015fdirilm\u0259si v\u0259 optimalla\u015fd\u0131r\u0131lmas\u0131 istiqam\u0259tind\u0259 apar\u0131lan inzibati islahatlar\u0131n n\u00f6vb\u0259ti m\u0259rh\u0259l\u0259sidir: &#8220;S\u00f6zs\u00fcz ki, d\u00f6vl\u0259t idar\u0259\u00e7iliyi sistemind\u0259 h\u0259yata ke\u00e7iril\u0259n ist\u0259nil\u0259n xarakterli islahatlar m\u00f6vcud reall\u0131qlarla uzla\u015fmal\u0131d\u0131r. Bu bax\u0131mdan Az\u0259rbaycan\u0131n g\u00fcnd\u0259n-g\u00fcn\u0259 artan iqtisadi potensial\u0131, h\u0259m\u00e7inin \u00f6lk\u0259nin xarici m\u00fcst\u0259vid\u0259ki f\u0259all\u0131\u011f\u0131nda m\u00fc\u015fahid\u0259 olunan y\u00fcks\u0259k dinamizm c\u0259miyy\u0259t h\u0259yat\u0131nda m\u00fcasir v\u0259 \u00e7evik d\u00f6vl\u0259t idar\u0259\u00e7iliyinin realla\u015fd\u0131r\u0131lmas\u0131n\u0131 t\u0259l\u0259b edir.&hellip;<\/p>\n","protected":false},"author":2,"featured_media":32619,"comment_status":"closed","ping_status":"closed","sticky":false,"template":"","format":"standard","meta":{"om_disable_all_campaigns":false,"_monsterinsights_skip_tracking":false,"_monsterinsights_sitenote_active":false,"_monsterinsights_sitenote_note":"","_monsterinsights_sitenote_category":0},"categories":[4],"tags":[],"aioseo_notices":[],"gutentor_comment":0,"rttpg_featured_image_url":{"full":["https:\/\/arantv.az\/wp-content\/uploads\/2019\/01\/721692.jpg",800,600,false],"landscape":["https:\/\/arantv.az\/wp-content\/uploads\/2019\/01\/721692.jpg",800,600,false],"portraits":["https:\/\/arantv.az\/wp-content\/uploads\/2019\/01\/721692.jpg",800,600,false],"thumbnail":["https:\/\/arantv.az\/wp-content\/uploads\/2019\/01\/721692-150x150.jpg",150,150,true],"medium":["https:\/\/arantv.az\/wp-content\/uploads\/2019\/01\/721692-300x225.jpg",300,225,true],"large":["https:\/\/arantv.az\/wp-content\/uploads\/2019\/01\/721692.jpg",640,480,false],"1536x1536":["https:\/\/arantv.az\/wp-content\/uploads\/2019\/01\/721692.jpg",800,600,false],"2048x2048":["https:\/\/arantv.az\/wp-content\/uploads\/2019\/01\/721692.jpg",800,600,false],"post-thumbnail":["https:\/\/arantv.az\/wp-content\/uploads\/2019\/01\/721692-240x172.jpg",240,172,true],"advps-thumb-one":["https:\/\/arantv.az\/wp-content\/uploads\/2019\/01\/721692.jpg",800,600,false]},"rttpg_author":{"display_name":"V\u00fcsal Rafiqo\u011flu","author_link":"https:\/\/arantv.az\/?author=2"},"rttpg_comment":0,"rttpg_category":"<a href=\"https:\/\/arantv.az\/?cat=4\" rel=\"category\">Siyas\u0259t<\/a>","rttpg_excerpt":"Yanvar\u0131n 14-d\u0259 Az\u0259rbaycan Prezidenti \u0130lham \u018fliyevin imzalad\u0131\u011f\u0131 f\u0259rmanlara \u0259sas\u0259n d\u00f6vl\u0259t idar\u0259etm\u0259 sistemind\u0259 h\u0259yata ke\u00e7iril\u0259n struktur islahatlar\u0131 Az\u0259rbaycan\u0131n inki\u015faf dialektikas\u0131na uy\u011fundur. ARANTV.AZ x\u0259b\u0259r verir ki, bunu\u00a0Trend-\u0259 politoloq, siyasi elml\u0259r \u00fczr\u0259 f\u0259ls\u0259f\u0259 doktoru, dosent El\u015fad Mirb\u0259\u015firo\u011flu deyib. Onun s\u00f6zl\u0259rin\u0259 g\u00f6r\u0259, bu islahatlar d\u00f6vl\u0259t idar\u0259\u00e7iliyinin t\u0259kmill\u0259\u015fdirilm\u0259si v\u0259 optimalla\u015fd\u0131r\u0131lmas\u0131 istiqam\u0259tind\u0259 apar\u0131lan inzibati islahatlar\u0131n n\u00f6vb\u0259ti m\u0259rh\u0259l\u0259sidir: &#8220;S\u00f6zs\u00fcz ki, d\u00f6vl\u0259t idar\u0259\u00e7iliyi&hellip;","_links":{"self":[{"href":"https:\/\/arantv.az\/index.php?rest_route=\/wp\/v2\/posts\/32618"}],"collection":[{"href":"https:\/\/arantv.az\/index.php?rest_route=\/wp\/v2\/posts"}],"about":[{"href":"https:\/\/arantv.az\/index.php?rest_route=\/wp\/v2\/types\/post"}],"author":[{"embeddable":true,"href":"https:\/\/arantv.az\/index.php?rest_route=\/wp\/v2\/users\/2"}],"replies":[{"embeddable":true,"href":"https:\/\/arantv.az\/index.php?rest_route=%2Fwp%2Fv2%2Fcomments&post=32618"}],"version-history":[{"count":0,"href":"https:\/\/arantv.az\/index.php?rest_route=\/wp\/v2\/posts\/32618\/revisions"}],"wp:featuredmedia":[{"embeddable":true,"href":"https:\/\/arantv.az\/index.php?rest_route=\/wp\/v2\/media\/32619"}],"wp:attachment":[{"href":"https:\/\/arantv.az\/index.php?rest_route=%2Fwp%2Fv2%2Fmedia&parent=32618"}],"wp:term":[{"taxonomy":"category","embeddable":true,"href":"https:\/\/arantv.az\/index.php?rest_route=%2Fwp%2Fv2%2Fcategories&post=32618"},{"taxonomy":"post_tag","embeddable":true,"href":"https:\/\/arantv.az\/index.php?rest_route=%2Fwp%2Fv2%2Ftags&post=32618"}],"curies":[{"name":"wp","href":"https:\/\/api.w.org\/{rel}","templated":true}]}}