{"id":32621,"date":"2019-01-16T09:26:20","date_gmt":"2019-01-16T06:26:20","guid":{"rendered":"http:\/\/arantv.az\/?p=32621"},"modified":"2019-01-16T09:26:20","modified_gmt":"2019-01-16T06:26:20","slug":"giorgos-stathakis-tap-in-icrasi-yunanistanin-enerjiy%c9%99-dair-%c9%99sas-m%c9%99qs%c9%99dl%c9%99rind%c9%99n-biridir","status":"publish","type":"post","link":"https:\/\/arantv.az\/?p=32621","title":{"rendered":"Giorgos Stathakis: \u201cTAP-\u0131n icras\u0131 Yunan\u0131stan\u0131n enerjiy\u0259 dair \u0259sas m\u0259qs\u0259dl\u0259rind\u0259n biridir\u201d"},"content":{"rendered":"<p><strong>ARANTV.AZ<\/strong> x\u0259b\u0259r verir ki, \u201cTrans-Adriatik\u201d boru k\u0259m\u0259ri layih\u0259sinin h\u0259yata ke\u00e7irilm\u0259si Yunan\u0131stan h\u00f6kum\u0259tinin enerjiy\u0259 dair \u0259sas m\u0259qs\u0259dl\u0259rind\u0259n biridir. Yunan\u0131stan\u0131n Ekologiya v\u0259 enerji naziri Giorgos Stathakis bel\u0259 deyib. Nazir xat\u0131rlad\u0131b ki, \u00f6lk\u0259si Az\u0259rbaycandan \u0130taliya v\u0259 Avropaya t\u0259bii qaz n\u0259ql ed\u0259c\u0259k TAP boru k\u0259m\u0259ri layih\u0259sin\u0259 c\u0259lb olunan \u00f6lk\u0259l\u0259rd\u0259ndir. TAP layih\u0259si \u00fczr\u0259 i\u015fl\u0259rin &#8211; m\u00fch\u0259ndis, t\u0259chizat v\u0259 tikinti i\u015fl\u0259ri d\u0259 daxil olmaqla, 82 faizd\u0259n \u00e7oxu icra olunub. X\u0259z\u0259r d\u0259nizinin Az\u0259rbaycan sektorundak\u0131 \u201c\u015eahd\u0259niz-2\u201d yata\u011f\u0131ndan hasil edil\u0259c\u0259k qaz\u0131 T\u00fcrkiy\u0259y\u0259 v\u0259 bu \u00f6lk\u0259d\u0259n d\u0259 Avropaya da\u015f\u0131yacaq C\u0259nub Qaz D\u0259hlizinin t\u0259rkib hiss\u0259si olan TAP C\u0259nubi Qafqaz Boru K\u0259m\u0259rinin v\u0259 TANAP-\u0131n davam\u0131d\u0131r. Boru k\u0259m\u0259ri vasit\u0259sil\u0259 Avropaya ilk qaz\u0131n verilm\u0259si 2020-ci il\u0259 planla\u015fd\u0131r\u0131l\u0131r.<\/p>\n","protected":false},"excerpt":{"rendered":"<p>ARANTV.AZ x\u0259b\u0259r verir ki, \u201cTrans-Adriatik\u201d boru k\u0259m\u0259ri layih\u0259sinin h\u0259yata ke\u00e7irilm\u0259si Yunan\u0131stan h\u00f6kum\u0259tinin enerjiy\u0259 dair \u0259sas m\u0259qs\u0259dl\u0259rind\u0259n biridir. Yunan\u0131stan\u0131n Ekologiya v\u0259 enerji naziri Giorgos Stathakis bel\u0259 deyib. Nazir xat\u0131rlad\u0131b ki, \u00f6lk\u0259si Az\u0259rbaycandan \u0130taliya v\u0259 Avropaya t\u0259bii qaz n\u0259ql ed\u0259c\u0259k TAP boru k\u0259m\u0259ri layih\u0259sin\u0259 c\u0259lb olunan \u00f6lk\u0259l\u0259rd\u0259ndir. TAP layih\u0259si \u00fczr\u0259 i\u015fl\u0259rin &#8211; m\u00fch\u0259ndis, t\u0259chizat v\u0259 tikinti i\u015fl\u0259ri d\u0259 daxil olmaqla, 82 faizd\u0259n \u00e7oxu icra olunub. X\u0259z\u0259r d\u0259nizinin Az\u0259rbaycan sektorundak\u0131 \u201c\u015eahd\u0259niz-2\u201d yata\u011f\u0131ndan hasil edil\u0259c\u0259k qaz\u0131 T\u00fcrkiy\u0259y\u0259 v\u0259 bu \u00f6lk\u0259d\u0259n d\u0259 Avropaya da\u015f\u0131yacaq C\u0259nub Qaz D\u0259hlizinin t\u0259rkib hiss\u0259si olan TAP C\u0259nubi Qafqaz Boru K\u0259m\u0259rinin&hellip;<\/p>\n","protected":false},"author":2,"featured_media":32622,"comment_status":"closed","ping_status":"closed","sticky":false,"template":"","format":"standard","meta":{"om_disable_all_campaigns":false,"_monsterinsights_skip_tracking":false,"_monsterinsights_sitenote_active":false,"_monsterinsights_sitenote_note":"","_monsterinsights_sitenote_category":0},"categories":[19],"tags":[],"aioseo_notices":[],"gutentor_comment":0,"rttpg_featured_image_url":{"full":["https:\/\/arantv.az\/wp-content\/uploads\/2019\/01\/r71jd12agnj4k5pk1ifto11ke4yunan.jpg",750,430,false],"landscape":["https:\/\/arantv.az\/wp-content\/uploads\/2019\/01\/r71jd12agnj4k5pk1ifto11ke4yunan.jpg",750,430,false],"portraits":["https:\/\/arantv.az\/wp-content\/uploads\/2019\/01\/r71jd12agnj4k5pk1ifto11ke4yunan.jpg",750,430,false],"thumbnail":["https:\/\/arantv.az\/wp-content\/uploads\/2019\/01\/r71jd12agnj4k5pk1ifto11ke4yunan-150x150.jpg",150,150,true],"medium":["https:\/\/arantv.az\/wp-content\/uploads\/2019\/01\/r71jd12agnj4k5pk1ifto11ke4yunan-300x172.jpg",300,172,true],"large":["https:\/\/arantv.az\/wp-content\/uploads\/2019\/01\/r71jd12agnj4k5pk1ifto11ke4yunan.jpg",640,367,false],"1536x1536":["https:\/\/arantv.az\/wp-content\/uploads\/2019\/01\/r71jd12agnj4k5pk1ifto11ke4yunan.jpg",750,430,false],"2048x2048":["https:\/\/arantv.az\/wp-content\/uploads\/2019\/01\/r71jd12agnj4k5pk1ifto11ke4yunan.jpg",750,430,false],"post-thumbnail":["https:\/\/arantv.az\/wp-content\/uploads\/2019\/01\/r71jd12agnj4k5pk1ifto11ke4yunan-240x172.jpg",240,172,true],"advps-thumb-one":["https:\/\/arantv.az\/wp-content\/uploads\/2019\/01\/r71jd12agnj4k5pk1ifto11ke4yunan.jpg",750,430,false]},"rttpg_author":{"display_name":"V\u00fcsal Rafiqo\u011flu","author_link":"https:\/\/arantv.az\/?author=2"},"rttpg_comment":0,"rttpg_category":"<a href=\"https:\/\/arantv.az\/?cat=19\" rel=\"category\">G\u00fcnd\u0259m<\/a>","rttpg_excerpt":"ARANTV.AZ x\u0259b\u0259r verir ki, \u201cTrans-Adriatik\u201d boru k\u0259m\u0259ri layih\u0259sinin h\u0259yata ke\u00e7irilm\u0259si Yunan\u0131stan h\u00f6kum\u0259tinin enerjiy\u0259 dair \u0259sas m\u0259qs\u0259dl\u0259rind\u0259n biridir. Yunan\u0131stan\u0131n Ekologiya v\u0259 enerji naziri Giorgos Stathakis bel\u0259 deyib. Nazir xat\u0131rlad\u0131b ki, \u00f6lk\u0259si Az\u0259rbaycandan \u0130taliya v\u0259 Avropaya t\u0259bii qaz n\u0259ql ed\u0259c\u0259k TAP boru k\u0259m\u0259ri layih\u0259sin\u0259 c\u0259lb olunan \u00f6lk\u0259l\u0259rd\u0259ndir. TAP layih\u0259si \u00fczr\u0259 i\u015fl\u0259rin &#8211; m\u00fch\u0259ndis, t\u0259chizat v\u0259 tikinti i\u015fl\u0259ri&hellip;","_links":{"self":[{"href":"https:\/\/arantv.az\/index.php?rest_route=\/wp\/v2\/posts\/32621"}],"collection":[{"href":"https:\/\/arantv.az\/index.php?rest_route=\/wp\/v2\/posts"}],"about":[{"href":"https:\/\/arantv.az\/index.php?rest_route=\/wp\/v2\/types\/post"}],"author":[{"embeddable":true,"href":"https:\/\/arantv.az\/index.php?rest_route=\/wp\/v2\/users\/2"}],"replies":[{"embeddable":true,"href":"https:\/\/arantv.az\/index.php?rest_route=%2Fwp%2Fv2%2Fcomments&post=32621"}],"version-history":[{"count":0,"href":"https:\/\/arantv.az\/index.php?rest_route=\/wp\/v2\/posts\/32621\/revisions"}],"wp:featuredmedia":[{"embeddable":true,"href":"https:\/\/arantv.az\/index.php?rest_route=\/wp\/v2\/media\/32622"}],"wp:attachment":[{"href":"https:\/\/arantv.az\/index.php?rest_route=%2Fwp%2Fv2%2Fmedia&parent=32621"}],"wp:term":[{"taxonomy":"category","embeddable":true,"href":"https:\/\/arantv.az\/index.php?rest_route=%2Fwp%2Fv2%2Fcategories&post=32621"},{"taxonomy":"post_tag","embeddable":true,"href":"https:\/\/arantv.az\/index.php?rest_route=%2Fwp%2Fv2%2Ftags&post=32621"}],"curies":[{"name":"wp","href":"https:\/\/api.w.org\/{rel}","templated":true}]}}