{"id":326237,"date":"2021-04-16T08:44:52","date_gmt":"2021-04-16T05:44:52","guid":{"rendered":"https:\/\/arantv.az\/?p=326237"},"modified":"2021-04-16T08:44:52","modified_gmt":"2021-04-16T05:44:52","slug":"ispaniyada-12-yasli-qizlarini-pula-satan-valideynl%c9%99r-saxlanildi","status":"publish","type":"post","link":"https:\/\/arantv.az\/?p=326237","title":{"rendered":"\u0130spaniyada 12 ya\u015fl\u0131 q\u0131zlar\u0131n\u0131 pula satan valideynl\u0259r saxlan\u0131ld\u0131"},"content":{"rendered":"<p>\u0130spaniya polisi valideynl\u0259rin satd\u0131\u011f\u0131\u00a012 ya\u015fl\u0131 q\u0131z\u0131 xilas edibl\u0259r.<\/p>\n<p>\u201cEl Pais\u201din x\u0259b\u0259rin\u0259 g\u00f6r\u0259, \u0259m\u0259liyyat zaman\u0131 \u00fc\u00e7 Rum\u0131niya v\u0259t\u0259nda\u015f\u0131 &#8211; evli c\u00fctl\u00fck v\u0259 onlar\u0131n qohumu saxlan\u0131l\u0131b.<\/p>\n<p>Bildirilir ki, u\u015fa\u011f\u0131n art\u0131q bir ne\u00e7\u0259 g\u00fcn m\u0259kt\u0259b\u0259 g\u0259lm\u0259diyi bar\u0259d\u0259 polis\u0259 m\u0259lumat verildikd\u0259n sonra h\u00fcquq-m\u00fchafiz\u0259 i\u015f\u00e7il\u0259ri axtar\u0131\u015fa ba\u015flay\u0131blar.<\/p>\n<div id=\"AdviadNativeVideo0\" class=\"AdviadNativeVideo\"><\/div>\n<p>B\u0259zi m\u0259nb\u0259l\u0259r q\u0131z\u0131n valideynl\u0259ri t\u0259r\u0259find\u0259n t\u0259xmin\u0259n 4 000 avroya sat\u0131ld\u0131\u011f\u0131n\u0131 iddia edir.<\/p>\n<p>M\u00fcst\u0259ntiql\u0259r n\u0259zar\u0259t\u0259 al\u0131nan h\u0259r iki ail\u0259nin m\u0259nsub oldu\u011fu etnik qara\u00e7\u0131 ayinin\u0259 g\u00f6r\u0259 q\u0131z\u0131 evl\u0259ndirm\u0259k ist\u0259dikl\u0259rini istisna etmir.<\/p>\n<p>H\u00fcquq-m\u00fchafiz\u0259 i\u015f\u00e7il\u0259ri q\u0131z\u0131n apar\u0131ld\u0131\u011f\u0131 Monte-Alto rayonuna gedibl\u0259r. Yeniyetm\u0259\u00a0hans\u0131sa zorak\u0131l\u011fa m\u0259ruz qal\u0131b-qalmamas\u0131n\u0131n m\u00fc\u0259yy\u0259n edilm\u0259si \u00fc\u00e7\u00fcn tibbi ekspertizadan ke\u00e7iril\u0259c\u0259k.<\/p>\n","protected":false},"excerpt":{"rendered":"<p>\u0130spaniya polisi valideynl\u0259rin satd\u0131\u011f\u0131\u00a012 ya\u015fl\u0131 q\u0131z\u0131 xilas edibl\u0259r. \u201cEl Pais\u201din x\u0259b\u0259rin\u0259 g\u00f6r\u0259, \u0259m\u0259liyyat zaman\u0131 \u00fc\u00e7 Rum\u0131niya v\u0259t\u0259nda\u015f\u0131 &#8211; evli c\u00fctl\u00fck v\u0259 onlar\u0131n qohumu saxlan\u0131l\u0131b. Bildirilir ki, u\u015fa\u011f\u0131n art\u0131q bir ne\u00e7\u0259 g\u00fcn m\u0259kt\u0259b\u0259 g\u0259lm\u0259diyi bar\u0259d\u0259 polis\u0259 m\u0259lumat verildikd\u0259n sonra h\u00fcquq-m\u00fchafiz\u0259 i\u015f\u00e7il\u0259ri axtar\u0131\u015fa ba\u015flay\u0131blar. B\u0259zi m\u0259nb\u0259l\u0259r q\u0131z\u0131n valideynl\u0259ri t\u0259r\u0259find\u0259n t\u0259xmin\u0259n 4 000 avroya sat\u0131ld\u0131\u011f\u0131n\u0131 iddia edir. M\u00fcst\u0259ntiql\u0259r n\u0259zar\u0259t\u0259 al\u0131nan h\u0259r iki ail\u0259nin m\u0259nsub oldu\u011fu etnik qara\u00e7\u0131 ayinin\u0259 g\u00f6r\u0259 q\u0131z\u0131 evl\u0259ndirm\u0259k ist\u0259dikl\u0259rini istisna etmir. H\u00fcquq-m\u00fchafiz\u0259 i\u015f\u00e7il\u0259ri q\u0131z\u0131n apar\u0131ld\u0131\u011f\u0131 Monte-Alto rayonuna gedibl\u0259r. Yeniyetm\u0259\u00a0hans\u0131sa zorak\u0131l\u011fa m\u0259ruz qal\u0131b-qalmamas\u0131n\u0131n m\u00fc\u0259yy\u0259n edilm\u0259si \u00fc\u00e7\u00fcn tibbi ekspertizadan ke\u00e7iril\u0259c\u0259k.<\/p>\n","protected":false},"author":2,"featured_media":326238,"comment_status":"closed","ping_status":"closed","sticky":false,"template":"","format":"standard","meta":{"om_disable_all_campaigns":false,"_monsterinsights_skip_tracking":false,"_monsterinsights_sitenote_active":false,"_monsterinsights_sitenote_note":"","_monsterinsights_sitenote_category":0},"categories":[7],"tags":[],"aioseo_notices":[],"gutentor_comment":0,"rttpg_featured_image_url":{"full":["https:\/\/arantv.az\/wp-content\/uploads\/2021\/04\/1_1240753.jpg",620,348,false],"landscape":["https:\/\/arantv.az\/wp-content\/uploads\/2021\/04\/1_1240753.jpg",620,348,false],"portraits":["https:\/\/arantv.az\/wp-content\/uploads\/2021\/04\/1_1240753.jpg",620,348,false],"thumbnail":["https:\/\/arantv.az\/wp-content\/uploads\/2021\/04\/1_1240753-500x280.jpg",500,280,true],"medium":["https:\/\/arantv.az\/wp-content\/uploads\/2021\/04\/1_1240753.jpg",620,348,false],"large":["https:\/\/arantv.az\/wp-content\/uploads\/2021\/04\/1_1240753.jpg",620,348,false],"1536x1536":["https:\/\/arantv.az\/wp-content\/uploads\/2021\/04\/1_1240753.jpg",620,348,false],"2048x2048":["https:\/\/arantv.az\/wp-content\/uploads\/2021\/04\/1_1240753.jpg",620,348,false],"post-thumbnail":["https:\/\/arantv.az\/wp-content\/uploads\/2021\/04\/1_1240753-240x172.jpg",240,172,true],"advps-thumb-one":["https:\/\/arantv.az\/wp-content\/uploads\/2021\/04\/1_1240753.jpg",620,348,false]},"rttpg_author":{"display_name":"V\u00fcsal Rafiqo\u011flu","author_link":"https:\/\/arantv.az\/?author=2"},"rttpg_comment":0,"rttpg_category":"<a href=\"https:\/\/arantv.az\/?cat=7\" rel=\"category\">D\u00fcnya<\/a>","rttpg_excerpt":"\u0130spaniya polisi valideynl\u0259rin satd\u0131\u011f\u0131\u00a012 ya\u015fl\u0131 q\u0131z\u0131 xilas edibl\u0259r. \u201cEl Pais\u201din x\u0259b\u0259rin\u0259 g\u00f6r\u0259, \u0259m\u0259liyyat zaman\u0131 \u00fc\u00e7 Rum\u0131niya v\u0259t\u0259nda\u015f\u0131 &#8211; evli c\u00fctl\u00fck v\u0259 onlar\u0131n qohumu saxlan\u0131l\u0131b. Bildirilir ki, u\u015fa\u011f\u0131n art\u0131q bir ne\u00e7\u0259 g\u00fcn m\u0259kt\u0259b\u0259 g\u0259lm\u0259diyi bar\u0259d\u0259 polis\u0259 m\u0259lumat verildikd\u0259n sonra h\u00fcquq-m\u00fchafiz\u0259 i\u015f\u00e7il\u0259ri axtar\u0131\u015fa ba\u015flay\u0131blar. B\u0259zi m\u0259nb\u0259l\u0259r q\u0131z\u0131n valideynl\u0259ri t\u0259r\u0259find\u0259n t\u0259xmin\u0259n 4 000 avroya sat\u0131ld\u0131\u011f\u0131n\u0131 iddia edir. M\u00fcst\u0259ntiql\u0259r&hellip;","_links":{"self":[{"href":"https:\/\/arantv.az\/index.php?rest_route=\/wp\/v2\/posts\/326237"}],"collection":[{"href":"https:\/\/arantv.az\/index.php?rest_route=\/wp\/v2\/posts"}],"about":[{"href":"https:\/\/arantv.az\/index.php?rest_route=\/wp\/v2\/types\/post"}],"author":[{"embeddable":true,"href":"https:\/\/arantv.az\/index.php?rest_route=\/wp\/v2\/users\/2"}],"replies":[{"embeddable":true,"href":"https:\/\/arantv.az\/index.php?rest_route=%2Fwp%2Fv2%2Fcomments&post=326237"}],"version-history":[{"count":0,"href":"https:\/\/arantv.az\/index.php?rest_route=\/wp\/v2\/posts\/326237\/revisions"}],"wp:featuredmedia":[{"embeddable":true,"href":"https:\/\/arantv.az\/index.php?rest_route=\/wp\/v2\/media\/326238"}],"wp:attachment":[{"href":"https:\/\/arantv.az\/index.php?rest_route=%2Fwp%2Fv2%2Fmedia&parent=326237"}],"wp:term":[{"taxonomy":"category","embeddable":true,"href":"https:\/\/arantv.az\/index.php?rest_route=%2Fwp%2Fv2%2Fcategories&post=326237"},{"taxonomy":"post_tag","embeddable":true,"href":"https:\/\/arantv.az\/index.php?rest_route=%2Fwp%2Fv2%2Ftags&post=326237"}],"curies":[{"name":"wp","href":"https:\/\/api.w.org\/{rel}","templated":true}]}}