{"id":326258,"date":"2021-04-16T08:52:38","date_gmt":"2021-04-16T05:52:38","guid":{"rendered":"https:\/\/arantv.az\/?p=326258"},"modified":"2021-04-16T08:52:38","modified_gmt":"2021-04-16T05:52:38","slug":"xin-pasinyana-seirl%c9%99-cavab-verdi-diz-cok%c9%99c%c9%99k-qarsida","status":"publish","type":"post","link":"https:\/\/arantv.az\/?p=326258","title":{"rendered":"X\u0130N Pa\u015finyana \u015feirl\u0259 cavab verdi:  &#8220;Diz \u00e7\u00f6k\u0259c\u0259k qar\u015f\u0131da&#8221;"},"content":{"rendered":"<p>Erm\u0259nistan\u0131n Ba\u015f naziri Nikol Pa\u015finyan \u00f6lk\u0259 parlamentind\u0259 \u00e7\u0131x\u0131\u015f\u0131 zaman\u0131 n\u00f6vb\u0259ti s\u0259rs\u0259ml\u0259m\u0259l\u0259ri il\u0259 diqq\u0259t \u00e7\u0259km\u0259y\u0259 \u00e7al\u0131\u015f\u0131b.<\/p>\n<p>Bu bar\u0259d\u0259 Az\u0259rbaycan Xarici \u0130\u015fl\u0259r Nazirliyi m\u0259lumat yay\u0131b.<\/p>\n<p>Bildirilib ki, N.Pa\u015finyan\u0131n s\u00f6yl\u0259diyi he\u00e7 bir fikir \u015f\u0259rh olunma\u011fa bel\u0259 layiq deyil.<\/p>\n<div id=\"AdviadNativeVideo0\" class=\"AdviadNativeVideo\"><\/div>\n<p>X\u0130N Pa\u015finyana H\u00fcseyn Cavidin \u015feirini xat\u0131rlad\u0131b.<\/p>\n<p>\u201cA\u011f\u0131r m\u0259\u011flubiyy\u0259td\u0259n n\u0259tic\u0259 \u00e7\u0131xarmayan ba\u015f nazir Pa\u015finyana el\u0259 onun istinad etdiyi \u015feir dili il\u0259 izah etm\u0259k ist\u0259rdik. H\u00fcseyn Cavidin dediyi kimi:<\/p>\n<p>\u201cYurdumuzu \u00e7iyn\u0259y\u0259n<\/p>\n<p>Say\u011f\u0131s\u0131z h\u0259r kim olsa.<\/p>\n<p>\u0130nan ki, \u00e7ox s\u00fcrm\u0259d\u0259n,<\/p>\n<p>Diz \u00e7\u00f6k\u0259c\u0259k qar\u015f\u0131da\u201d<\/p>\n","protected":false},"excerpt":{"rendered":"<p>Erm\u0259nistan\u0131n Ba\u015f naziri Nikol Pa\u015finyan \u00f6lk\u0259 parlamentind\u0259 \u00e7\u0131x\u0131\u015f\u0131 zaman\u0131 n\u00f6vb\u0259ti s\u0259rs\u0259ml\u0259m\u0259l\u0259ri il\u0259 diqq\u0259t \u00e7\u0259km\u0259y\u0259 \u00e7al\u0131\u015f\u0131b. Bu bar\u0259d\u0259 Az\u0259rbaycan Xarici \u0130\u015fl\u0259r Nazirliyi m\u0259lumat yay\u0131b. Bildirilib ki, N.Pa\u015finyan\u0131n s\u00f6yl\u0259diyi he\u00e7 bir fikir \u015f\u0259rh olunma\u011fa bel\u0259 layiq deyil. X\u0130N Pa\u015finyana H\u00fcseyn Cavidin \u015feirini xat\u0131rlad\u0131b. \u201cA\u011f\u0131r m\u0259\u011flubiyy\u0259td\u0259n n\u0259tic\u0259 \u00e7\u0131xarmayan ba\u015f nazir Pa\u015finyana el\u0259 onun istinad etdiyi \u015feir dili il\u0259 izah etm\u0259k ist\u0259rdik. H\u00fcseyn Cavidin dediyi kimi: \u201cYurdumuzu \u00e7iyn\u0259y\u0259n Say\u011f\u0131s\u0131z h\u0259r kim olsa. \u0130nan ki, \u00e7ox s\u00fcrm\u0259d\u0259n, Diz \u00e7\u00f6k\u0259c\u0259k qar\u015f\u0131da\u201d<\/p>\n","protected":false},"author":2,"featured_media":326259,"comment_status":"closed","ping_status":"closed","sticky":false,"template":"","format":"standard","meta":{"om_disable_all_campaigns":false,"_monsterinsights_skip_tracking":false,"_monsterinsights_sitenote_active":false,"_monsterinsights_sitenote_note":"","_monsterinsights_sitenote_category":0},"categories":[4],"tags":[],"aioseo_notices":[],"gutentor_comment":0,"rttpg_featured_image_url":{"full":["https:\/\/arantv.az\/wp-content\/uploads\/2021\/04\/1546612749_8128288.jpg",975,540,false],"landscape":["https:\/\/arantv.az\/wp-content\/uploads\/2021\/04\/1546612749_8128288.jpg",975,540,false],"portraits":["https:\/\/arantv.az\/wp-content\/uploads\/2021\/04\/1546612749_8128288.jpg",975,540,false],"thumbnail":["https:\/\/arantv.az\/wp-content\/uploads\/2021\/04\/1546612749_8128288-500x280.jpg",500,280,true],"medium":["https:\/\/arantv.az\/wp-content\/uploads\/2021\/04\/1546612749_8128288-660x365.jpg",660,365,true],"large":["https:\/\/arantv.az\/wp-content\/uploads\/2021\/04\/1546612749_8128288-840x465.jpg",640,354,true],"1536x1536":["https:\/\/arantv.az\/wp-content\/uploads\/2021\/04\/1546612749_8128288.jpg",975,540,false],"2048x2048":["https:\/\/arantv.az\/wp-content\/uploads\/2021\/04\/1546612749_8128288.jpg",975,540,false],"post-thumbnail":["https:\/\/arantv.az\/wp-content\/uploads\/2021\/04\/1546612749_8128288-240x172.jpg",240,172,true],"advps-thumb-one":["https:\/\/arantv.az\/wp-content\/uploads\/2021\/04\/1546612749_8128288.jpg",975,540,false]},"rttpg_author":{"display_name":"V\u00fcsal Rafiqo\u011flu","author_link":"https:\/\/arantv.az\/?author=2"},"rttpg_comment":0,"rttpg_category":"<a href=\"https:\/\/arantv.az\/?cat=4\" rel=\"category\">Siyas\u0259t<\/a>","rttpg_excerpt":"Erm\u0259nistan\u0131n Ba\u015f naziri Nikol Pa\u015finyan \u00f6lk\u0259 parlamentind\u0259 \u00e7\u0131x\u0131\u015f\u0131 zaman\u0131 n\u00f6vb\u0259ti s\u0259rs\u0259ml\u0259m\u0259l\u0259ri il\u0259 diqq\u0259t \u00e7\u0259km\u0259y\u0259 \u00e7al\u0131\u015f\u0131b. Bu bar\u0259d\u0259 Az\u0259rbaycan Xarici \u0130\u015fl\u0259r Nazirliyi m\u0259lumat yay\u0131b. Bildirilib ki, N.Pa\u015finyan\u0131n s\u00f6yl\u0259diyi he\u00e7 bir fikir \u015f\u0259rh olunma\u011fa bel\u0259 layiq deyil. X\u0130N Pa\u015finyana H\u00fcseyn Cavidin \u015feirini xat\u0131rlad\u0131b. \u201cA\u011f\u0131r m\u0259\u011flubiyy\u0259td\u0259n n\u0259tic\u0259 \u00e7\u0131xarmayan ba\u015f nazir Pa\u015finyana el\u0259 onun istinad etdiyi \u015feir dili il\u0259&hellip;","_links":{"self":[{"href":"https:\/\/arantv.az\/index.php?rest_route=\/wp\/v2\/posts\/326258"}],"collection":[{"href":"https:\/\/arantv.az\/index.php?rest_route=\/wp\/v2\/posts"}],"about":[{"href":"https:\/\/arantv.az\/index.php?rest_route=\/wp\/v2\/types\/post"}],"author":[{"embeddable":true,"href":"https:\/\/arantv.az\/index.php?rest_route=\/wp\/v2\/users\/2"}],"replies":[{"embeddable":true,"href":"https:\/\/arantv.az\/index.php?rest_route=%2Fwp%2Fv2%2Fcomments&post=326258"}],"version-history":[{"count":0,"href":"https:\/\/arantv.az\/index.php?rest_route=\/wp\/v2\/posts\/326258\/revisions"}],"wp:featuredmedia":[{"embeddable":true,"href":"https:\/\/arantv.az\/index.php?rest_route=\/wp\/v2\/media\/326259"}],"wp:attachment":[{"href":"https:\/\/arantv.az\/index.php?rest_route=%2Fwp%2Fv2%2Fmedia&parent=326258"}],"wp:term":[{"taxonomy":"category","embeddable":true,"href":"https:\/\/arantv.az\/index.php?rest_route=%2Fwp%2Fv2%2Fcategories&post=326258"},{"taxonomy":"post_tag","embeddable":true,"href":"https:\/\/arantv.az\/index.php?rest_route=%2Fwp%2Fv2%2Ftags&post=326258"}],"curies":[{"name":"wp","href":"https:\/\/api.w.org\/{rel}","templated":true}]}}