{"id":326264,"date":"2021-04-16T08:54:04","date_gmt":"2021-04-16T05:54:04","guid":{"rendered":"https:\/\/arantv.az\/?p=326264"},"modified":"2021-04-16T08:54:04","modified_gmt":"2021-04-16T05:54:04","slug":"xirdalanda-itkin-dus%c9%99n-qadin-turkiy%c9%99d%c9%99-tapildi","status":"publish","type":"post","link":"https:\/\/arantv.az\/?p=326264","title":{"rendered":"X\u0131rdalanda itkin d\u00fc\u015f\u0259n qad\u0131n T\u00fcrkiy\u0259d\u0259 tap\u0131ld\u0131"},"content":{"rendered":"<p><strong>Ab\u015feron rayonu, X\u0131rdalan \u015f\u0259h\u0259rind\u0259 itkin d\u00fc\u015f\u0259n, daha sonra T\u00fcrkiy\u0259d\u0259 oldu\u011fu m\u00fc\u0259yy\u0259nl\u0259\u015f\u0259n 30 ya\u015fl\u0131 \u018fliyeva C\u0259mil\u0259 Telman q\u0131z\u0131ndan x\u0259b\u0259r var.<\/strong><\/p>\n<p>Bu bar\u0259d\u0259 onun bac\u0131s\u0131 m\u0259lumat yay\u0131b.<\/p>\n<p>Onun s\u00f6zl\u0259rin\u0259 g\u00f6r\u0259, \u00f6t\u0259n g\u00fcn ax\u015fam saatlar\u0131nda bac\u0131s\u0131 onlara telefonla z\u0259ng ed\u0259r\u0259k dan\u0131\u015f\u0131b v\u0259 ail\u0259sini t\u0259rk etm\u0259sinin s\u0259b\u0259bl\u0259rini a\u00e7\u0131qlay\u0131b.<\/p>\n<p>M\u0259lum olub ki, C.\u018fliyeva T\u00fcrkiy\u0259d\u0259 ya\u015fayan r\u0259fiq\u0259sinin vasit\u0259sil\u0259 i\u015fl\u0259m\u0259k \u00fc\u00e7\u00fcn bu \u00f6lk\u0259y\u0259 gedib:<\/p>\n<p>&#8220;M\u0259s\u0259l\u0259nin d\u0259qiqliyini m\u00fc\u0259yy\u0259nl\u0259\u015fdirm\u0259k \u00fc\u00e7\u00fcn qohum v\u0259 tan\u0131\u015flar onun oldu\u011fu yeri gedib g\u00f6r\u00fcbl\u0259r. Y\u0259ni, ke\u00e7irdiyimiz narahatl\u0131q \u0259sass\u0131z imi\u015f&#8221;.<\/p>\n<p>Qeyd ed\u0259k ki, aprelin \u0259vv\u0259lind\u0259 Ab\u015feron rayonu, X\u0131rdalan \u015f\u0259h\u0259rind\u0259 ya\u015fayan 30 ya\u015fl\u0131 \u018fliyeva C\u0259mil\u0259 Telman q\u0131z\u0131n\u0131n itkin d\u00fc\u015fd\u00fcy\u00fc bar\u0259d\u0259 m\u0259lumatlar yay\u0131l\u0131b. Daha sonra Daxili \u0130\u015fl\u0259r Nazirliyi t\u0259r\u0259find\u0259n qad\u0131n\u0131n itkin d\u00fc\u015fm\u0259si fakt\u0131 il\u0259 ba\u011fl\u0131 ara\u015fd\u0131rmalara ba\u015flan\u0131l\u0131b. Ara\u015fd\u0131rma n\u0259tic\u0259sind\u0259 m\u0259lum olub ki, C.\u018fliyeva aprelin 1-d\u0259 T\u00fcrkiy\u0259y\u0259 gedib. (report)<\/p>\n","protected":false},"excerpt":{"rendered":"<p>Ab\u015feron rayonu, X\u0131rdalan \u015f\u0259h\u0259rind\u0259 itkin d\u00fc\u015f\u0259n, daha sonra T\u00fcrkiy\u0259d\u0259 oldu\u011fu m\u00fc\u0259yy\u0259nl\u0259\u015f\u0259n 30 ya\u015fl\u0131 \u018fliyeva C\u0259mil\u0259 Telman q\u0131z\u0131ndan x\u0259b\u0259r var. Bu bar\u0259d\u0259 onun bac\u0131s\u0131 m\u0259lumat yay\u0131b. Onun s\u00f6zl\u0259rin\u0259 g\u00f6r\u0259, \u00f6t\u0259n g\u00fcn ax\u015fam saatlar\u0131nda bac\u0131s\u0131 onlara telefonla z\u0259ng ed\u0259r\u0259k dan\u0131\u015f\u0131b v\u0259 ail\u0259sini t\u0259rk etm\u0259sinin s\u0259b\u0259bl\u0259rini a\u00e7\u0131qlay\u0131b. M\u0259lum olub ki, C.\u018fliyeva T\u00fcrkiy\u0259d\u0259 ya\u015fayan r\u0259fiq\u0259sinin vasit\u0259sil\u0259 i\u015fl\u0259m\u0259k \u00fc\u00e7\u00fcn bu \u00f6lk\u0259y\u0259 gedib: &#8220;M\u0259s\u0259l\u0259nin d\u0259qiqliyini m\u00fc\u0259yy\u0259nl\u0259\u015fdirm\u0259k \u00fc\u00e7\u00fcn qohum v\u0259 tan\u0131\u015flar onun oldu\u011fu yeri gedib g\u00f6r\u00fcbl\u0259r. Y\u0259ni, ke\u00e7irdiyimiz narahatl\u0131q \u0259sass\u0131z imi\u015f&#8221;. Qeyd ed\u0259k ki, aprelin \u0259vv\u0259lind\u0259 Ab\u015feron rayonu, X\u0131rdalan \u015f\u0259h\u0259rind\u0259 ya\u015fayan 30 ya\u015fl\u0131 \u018fliyeva C\u0259mil\u0259 Telman q\u0131z\u0131n\u0131n&hellip;<\/p>\n","protected":false},"author":2,"featured_media":326265,"comment_status":"closed","ping_status":"closed","sticky":false,"template":"","format":"standard","meta":{"om_disable_all_campaigns":false,"_monsterinsights_skip_tracking":false,"_monsterinsights_sitenote_active":false,"_monsterinsights_sitenote_note":"","_monsterinsights_sitenote_category":0},"categories":[5],"tags":[],"aioseo_notices":[],"gutentor_comment":0,"rttpg_featured_image_url":{"full":["https:\/\/arantv.az\/wp-content\/uploads\/2021\/04\/73965435-5ea8-3b17-8867-d51c93c9361e_850.jpg",800,450,false],"landscape":["https:\/\/arantv.az\/wp-content\/uploads\/2021\/04\/73965435-5ea8-3b17-8867-d51c93c9361e_850.jpg",800,450,false],"portraits":["https:\/\/arantv.az\/wp-content\/uploads\/2021\/04\/73965435-5ea8-3b17-8867-d51c93c9361e_850.jpg",800,450,false],"thumbnail":["https:\/\/arantv.az\/wp-content\/uploads\/2021\/04\/73965435-5ea8-3b17-8867-d51c93c9361e_850-500x280.jpg",500,280,true],"medium":["https:\/\/arantv.az\/wp-content\/uploads\/2021\/04\/73965435-5ea8-3b17-8867-d51c93c9361e_850-649x365.jpg",649,365,true],"large":["https:\/\/arantv.az\/wp-content\/uploads\/2021\/04\/73965435-5ea8-3b17-8867-d51c93c9361e_850.jpg",640,360,false],"1536x1536":["https:\/\/arantv.az\/wp-content\/uploads\/2021\/04\/73965435-5ea8-3b17-8867-d51c93c9361e_850.jpg",800,450,false],"2048x2048":["https:\/\/arantv.az\/wp-content\/uploads\/2021\/04\/73965435-5ea8-3b17-8867-d51c93c9361e_850.jpg",800,450,false],"post-thumbnail":["https:\/\/arantv.az\/wp-content\/uploads\/2021\/04\/73965435-5ea8-3b17-8867-d51c93c9361e_850-240x172.jpg",240,172,true],"advps-thumb-one":["https:\/\/arantv.az\/wp-content\/uploads\/2021\/04\/73965435-5ea8-3b17-8867-d51c93c9361e_850.jpg",800,450,false]},"rttpg_author":{"display_name":"V\u00fcsal Rafiqo\u011flu","author_link":"https:\/\/arantv.az\/?author=2"},"rttpg_comment":0,"rttpg_category":"<a href=\"https:\/\/arantv.az\/?cat=5\" rel=\"category\">Hadis\u0259<\/a>","rttpg_excerpt":"Ab\u015feron rayonu, X\u0131rdalan \u015f\u0259h\u0259rind\u0259 itkin d\u00fc\u015f\u0259n, daha sonra T\u00fcrkiy\u0259d\u0259 oldu\u011fu m\u00fc\u0259yy\u0259nl\u0259\u015f\u0259n 30 ya\u015fl\u0131 \u018fliyeva C\u0259mil\u0259 Telman q\u0131z\u0131ndan x\u0259b\u0259r var. Bu bar\u0259d\u0259 onun bac\u0131s\u0131 m\u0259lumat yay\u0131b. Onun s\u00f6zl\u0259rin\u0259 g\u00f6r\u0259, \u00f6t\u0259n g\u00fcn ax\u015fam saatlar\u0131nda bac\u0131s\u0131 onlara telefonla z\u0259ng ed\u0259r\u0259k dan\u0131\u015f\u0131b v\u0259 ail\u0259sini t\u0259rk etm\u0259sinin s\u0259b\u0259bl\u0259rini a\u00e7\u0131qlay\u0131b. M\u0259lum olub ki, C.\u018fliyeva T\u00fcrkiy\u0259d\u0259 ya\u015fayan r\u0259fiq\u0259sinin vasit\u0259sil\u0259 i\u015fl\u0259m\u0259k \u00fc\u00e7\u00fcn bu&hellip;","_links":{"self":[{"href":"https:\/\/arantv.az\/index.php?rest_route=\/wp\/v2\/posts\/326264"}],"collection":[{"href":"https:\/\/arantv.az\/index.php?rest_route=\/wp\/v2\/posts"}],"about":[{"href":"https:\/\/arantv.az\/index.php?rest_route=\/wp\/v2\/types\/post"}],"author":[{"embeddable":true,"href":"https:\/\/arantv.az\/index.php?rest_route=\/wp\/v2\/users\/2"}],"replies":[{"embeddable":true,"href":"https:\/\/arantv.az\/index.php?rest_route=%2Fwp%2Fv2%2Fcomments&post=326264"}],"version-history":[{"count":0,"href":"https:\/\/arantv.az\/index.php?rest_route=\/wp\/v2\/posts\/326264\/revisions"}],"wp:featuredmedia":[{"embeddable":true,"href":"https:\/\/arantv.az\/index.php?rest_route=\/wp\/v2\/media\/326265"}],"wp:attachment":[{"href":"https:\/\/arantv.az\/index.php?rest_route=%2Fwp%2Fv2%2Fmedia&parent=326264"}],"wp:term":[{"taxonomy":"category","embeddable":true,"href":"https:\/\/arantv.az\/index.php?rest_route=%2Fwp%2Fv2%2Fcategories&post=326264"},{"taxonomy":"post_tag","embeddable":true,"href":"https:\/\/arantv.az\/index.php?rest_route=%2Fwp%2Fv2%2Ftags&post=326264"}],"curies":[{"name":"wp","href":"https:\/\/api.w.org\/{rel}","templated":true}]}}