{"id":326267,"date":"2021-04-16T08:58:23","date_gmt":"2021-04-16T05:58:23","guid":{"rendered":"https:\/\/arantv.az\/?p=326267"},"modified":"2021-04-16T08:58:23","modified_gmt":"2021-04-16T05:58:23","slug":"rusiya-ukraynaya-hucum-ed%c9%99c%c9%99k-abs-generali","status":"publish","type":"post","link":"https:\/\/arantv.az\/?p=326267","title":{"rendered":"Rusiya Ukraynaya h\u00fccum ed\u0259c\u0259k? &#8211; AB\u015e general\u0131"},"content":{"rendered":"<p><strong>Rusiyan\u0131n yax\u0131n h\u0259ft\u0259l\u0259rd\u0259 Ukraynaya h\u00fccum etm\u0259si ehtimal\u0131n\u0131 a\u015fa\u011f\u0131, yaxud orta d\u0259r\u0259c\u0259d\u0259 qiym\u0259tl\u0259ndirm\u0259k olar.<\/strong><\/p>\n<p><strong>ARANTV.AZ<\/strong>\u00a0 Axar.az-a istinad\u0259n x\u0259b\u0259r verir ki, bu s\u00f6zl\u0259ri NATO-nin Avropadak\u0131 Birl\u0259\u015fmi\u015f Silahl\u0131 Q\u00fcvv\u0259l\u0259rinin komandan\u0131 Tod Uolters deyib.<\/p>\n","protected":false},"excerpt":{"rendered":"<p>Rusiyan\u0131n yax\u0131n h\u0259ft\u0259l\u0259rd\u0259 Ukraynaya h\u00fccum etm\u0259si ehtimal\u0131n\u0131 a\u015fa\u011f\u0131, yaxud orta d\u0259r\u0259c\u0259d\u0259 qiym\u0259tl\u0259ndirm\u0259k olar. ARANTV.AZ\u00a0 Axar.az-a istinad\u0259n x\u0259b\u0259r verir ki, bu s\u00f6zl\u0259ri NATO-nin Avropadak\u0131 Birl\u0259\u015fmi\u015f Silahl\u0131 Q\u00fcvv\u0259l\u0259rinin komandan\u0131 Tod Uolters deyib.<\/p>\n","protected":false},"author":2,"featured_media":326268,"comment_status":"closed","ping_status":"closed","sticky":false,"template":"","format":"standard","meta":{"om_disable_all_campaigns":false,"_monsterinsights_skip_tracking":false,"_monsterinsights_sitenote_active":false,"_monsterinsights_sitenote_note":"","_monsterinsights_sitenote_category":0},"categories":[7],"tags":[],"aioseo_notices":[],"gutentor_comment":0,"rttpg_featured_image_url":{"full":["https:\/\/arantv.az\/wp-content\/uploads\/2021\/04\/940150.jpg",800,600,false],"landscape":["https:\/\/arantv.az\/wp-content\/uploads\/2021\/04\/940150.jpg",800,600,false],"portraits":["https:\/\/arantv.az\/wp-content\/uploads\/2021\/04\/940150.jpg",800,600,false],"thumbnail":["https:\/\/arantv.az\/wp-content\/uploads\/2021\/04\/940150-500x280.jpg",500,280,true],"medium":["https:\/\/arantv.az\/wp-content\/uploads\/2021\/04\/940150-487x365.jpg",487,365,true],"large":["https:\/\/arantv.az\/wp-content\/uploads\/2021\/04\/940150.jpg",640,480,false],"1536x1536":["https:\/\/arantv.az\/wp-content\/uploads\/2021\/04\/940150.jpg",800,600,false],"2048x2048":["https:\/\/arantv.az\/wp-content\/uploads\/2021\/04\/940150.jpg",800,600,false],"post-thumbnail":["https:\/\/arantv.az\/wp-content\/uploads\/2021\/04\/940150-240x172.jpg",240,172,true],"advps-thumb-one":["https:\/\/arantv.az\/wp-content\/uploads\/2021\/04\/940150.jpg",800,600,false]},"rttpg_author":{"display_name":"V\u00fcsal Rafiqo\u011flu","author_link":"https:\/\/arantv.az\/?author=2"},"rttpg_comment":0,"rttpg_category":"<a href=\"https:\/\/arantv.az\/?cat=7\" rel=\"category\">D\u00fcnya<\/a>","rttpg_excerpt":"Rusiyan\u0131n yax\u0131n h\u0259ft\u0259l\u0259rd\u0259 Ukraynaya h\u00fccum etm\u0259si ehtimal\u0131n\u0131 a\u015fa\u011f\u0131, yaxud orta d\u0259r\u0259c\u0259d\u0259 qiym\u0259tl\u0259ndirm\u0259k olar. ARANTV.AZ\u00a0 Axar.az-a istinad\u0259n x\u0259b\u0259r verir ki, bu s\u00f6zl\u0259ri NATO-nin Avropadak\u0131 Birl\u0259\u015fmi\u015f Silahl\u0131 Q\u00fcvv\u0259l\u0259rinin komandan\u0131 Tod Uolters deyib.","_links":{"self":[{"href":"https:\/\/arantv.az\/index.php?rest_route=\/wp\/v2\/posts\/326267"}],"collection":[{"href":"https:\/\/arantv.az\/index.php?rest_route=\/wp\/v2\/posts"}],"about":[{"href":"https:\/\/arantv.az\/index.php?rest_route=\/wp\/v2\/types\/post"}],"author":[{"embeddable":true,"href":"https:\/\/arantv.az\/index.php?rest_route=\/wp\/v2\/users\/2"}],"replies":[{"embeddable":true,"href":"https:\/\/arantv.az\/index.php?rest_route=%2Fwp%2Fv2%2Fcomments&post=326267"}],"version-history":[{"count":0,"href":"https:\/\/arantv.az\/index.php?rest_route=\/wp\/v2\/posts\/326267\/revisions"}],"wp:featuredmedia":[{"embeddable":true,"href":"https:\/\/arantv.az\/index.php?rest_route=\/wp\/v2\/media\/326268"}],"wp:attachment":[{"href":"https:\/\/arantv.az\/index.php?rest_route=%2Fwp%2Fv2%2Fmedia&parent=326267"}],"wp:term":[{"taxonomy":"category","embeddable":true,"href":"https:\/\/arantv.az\/index.php?rest_route=%2Fwp%2Fv2%2Fcategories&post=326267"},{"taxonomy":"post_tag","embeddable":true,"href":"https:\/\/arantv.az\/index.php?rest_route=%2Fwp%2Fv2%2Ftags&post=326267"}],"curies":[{"name":"wp","href":"https:\/\/api.w.org\/{rel}","templated":true}]}}