{"id":326276,"date":"2021-04-16T09:20:31","date_gmt":"2021-04-16T06:20:31","guid":{"rendered":"https:\/\/arantv.az\/?p=326276"},"modified":"2021-04-16T09:20:31","modified_gmt":"2021-04-16T06:20:31","slug":"zelinski-xalqini-turkiy%c9%99ni-d%c9%99st%c9%99kl%c9%99m%c9%99y%c9%99-cagirdi","status":"publish","type":"post","link":"https:\/\/arantv.az\/?p=326276","title":{"rendered":"Zelinski xalq\u0131n\u0131 T\u00fcrkiy\u0259ni d\u0259st\u0259kl\u0259m\u0259y\u0259 \u00e7a\u011f\u0131rd\u0131"},"content":{"rendered":"<p>Ukrayna Prezidenti Valdimir Zelenski T\u00fcrkiy\u0259 il\u0259 \u0259laq\u0259dar b\u0259zi a\u00e7\u0131qlamalar verib.<\/p>\n<p>\u201cHaber Global\u201d m\u0259lumat verir ki, o ukraynal\u0131 turistl\u0259rin T\u00fcrkiy\u0259y\u0259 s\u0259f\u0259rl\u0259rinin art\u0131r\u0131lmas\u0131n\u0131n vacibliyini bildirib.<\/p>\n<div id=\"AdviadNativeVideo0\" class=\"AdviadNativeVideo\"><\/div>\n<p>T\u00fcrkiy\u0259y\u0259 10 apreld\u0259 ba\u015f tutan ziyar\u0259ti y\u00fcks\u0259k qiym\u0259tl\u0259ndir\u0259n Zelenski m\u00fch\u00fcm raz\u0131la\u015fmalar\u0131n imzaland\u0131\u011f\u0131n\u0131 qeyd edib.<\/p>\n<p>O Rusiyan\u0131n T\u00fcrkiy\u0259y\u0259 u\u00e7u\u015flardak\u0131 m\u0259hdudiyy\u0259tl\u0259rini qiym\u0259tl\u0259ndir\u0259r\u0259k, Ukrayna v\u0259t\u0259nda\u015flar\u0131n\u0131 t\u0259til\u0259 T\u00fcrkiy\u0259y\u0259 getm\u0259y\u0259 \u00e7a\u011f\u0131r\u0131b:<\/p>\n<p>\u201cRusiya Federasiyas\u0131\u00a0T\u00fcrkiy\u0259y\u0259 turizmi m\u0259hdudla\u015fd\u0131raca\u011f\u0131n\u0131 bildirib. Bu, onlar\u0131n \u015f\u0259xsi i\u015fidir. Hesab edir\u0259m ki, biz is\u0259, \u0259ksin\u0259, bu istiqam\u0259td\u0259 turizmi inki\u015faf etdirm\u0259liyik v\u0259 T\u00fcrkiy\u0259ni d\u0259st\u0259kl\u0259diyimizi g\u00f6st\u0259rm\u0259liyik\u201d, &#8211; dey\u0259 Zelenski Ukrayna il\u0259 T\u00fcrkiy\u0259 aras\u0131nda turist ax\u0131n\u0131n\u0131n art\u0131r\u0131la bil\u0259c\u0259yini vur\u011fulay\u0131b.<\/p>\n","protected":false},"excerpt":{"rendered":"<p>Ukrayna Prezidenti Valdimir Zelenski T\u00fcrkiy\u0259 il\u0259 \u0259laq\u0259dar b\u0259zi a\u00e7\u0131qlamalar verib. \u201cHaber Global\u201d m\u0259lumat verir ki, o ukraynal\u0131 turistl\u0259rin T\u00fcrkiy\u0259y\u0259 s\u0259f\u0259rl\u0259rinin art\u0131r\u0131lmas\u0131n\u0131n vacibliyini bildirib. T\u00fcrkiy\u0259y\u0259 10 apreld\u0259 ba\u015f tutan ziyar\u0259ti y\u00fcks\u0259k qiym\u0259tl\u0259ndir\u0259n Zelenski m\u00fch\u00fcm raz\u0131la\u015fmalar\u0131n imzaland\u0131\u011f\u0131n\u0131 qeyd edib. O Rusiyan\u0131n T\u00fcrkiy\u0259y\u0259 u\u00e7u\u015flardak\u0131 m\u0259hdudiyy\u0259tl\u0259rini qiym\u0259tl\u0259ndir\u0259r\u0259k, Ukrayna v\u0259t\u0259nda\u015flar\u0131n\u0131 t\u0259til\u0259 T\u00fcrkiy\u0259y\u0259 getm\u0259y\u0259 \u00e7a\u011f\u0131r\u0131b: \u201cRusiya Federasiyas\u0131\u00a0T\u00fcrkiy\u0259y\u0259 turizmi m\u0259hdudla\u015fd\u0131raca\u011f\u0131n\u0131 bildirib. Bu, onlar\u0131n \u015f\u0259xsi i\u015fidir. Hesab edir\u0259m ki, biz is\u0259, \u0259ksin\u0259, bu istiqam\u0259td\u0259 turizmi inki\u015faf etdirm\u0259liyik v\u0259 T\u00fcrkiy\u0259ni d\u0259st\u0259kl\u0259diyimizi g\u00f6st\u0259rm\u0259liyik\u201d, &#8211; dey\u0259 Zelenski Ukrayna il\u0259 T\u00fcrkiy\u0259 aras\u0131nda turist ax\u0131n\u0131n\u0131n art\u0131r\u0131la bil\u0259c\u0259yini vur\u011fulay\u0131b.<\/p>\n","protected":false},"author":2,"featured_media":326277,"comment_status":"closed","ping_status":"closed","sticky":false,"template":"","format":"standard","meta":{"om_disable_all_campaigns":false,"_monsterinsights_skip_tracking":false,"_monsterinsights_sitenote_active":false,"_monsterinsights_sitenote_note":"","_monsterinsights_sitenote_category":0},"categories":[7],"tags":[],"aioseo_notices":[],"gutentor_comment":0,"rttpg_featured_image_url":{"full":["https:\/\/arantv.az\/wp-content\/uploads\/2021\/04\/112346512_42a35ddf-2e25-4504-be7e-754df0b8ce5a.jpg",620,349,false],"landscape":["https:\/\/arantv.az\/wp-content\/uploads\/2021\/04\/112346512_42a35ddf-2e25-4504-be7e-754df0b8ce5a.jpg",620,349,false],"portraits":["https:\/\/arantv.az\/wp-content\/uploads\/2021\/04\/112346512_42a35ddf-2e25-4504-be7e-754df0b8ce5a.jpg",620,349,false],"thumbnail":["https:\/\/arantv.az\/wp-content\/uploads\/2021\/04\/112346512_42a35ddf-2e25-4504-be7e-754df0b8ce5a-500x280.jpg",500,280,true],"medium":["https:\/\/arantv.az\/wp-content\/uploads\/2021\/04\/112346512_42a35ddf-2e25-4504-be7e-754df0b8ce5a.jpg",620,349,false],"large":["https:\/\/arantv.az\/wp-content\/uploads\/2021\/04\/112346512_42a35ddf-2e25-4504-be7e-754df0b8ce5a.jpg",620,349,false],"1536x1536":["https:\/\/arantv.az\/wp-content\/uploads\/2021\/04\/112346512_42a35ddf-2e25-4504-be7e-754df0b8ce5a.jpg",620,349,false],"2048x2048":["https:\/\/arantv.az\/wp-content\/uploads\/2021\/04\/112346512_42a35ddf-2e25-4504-be7e-754df0b8ce5a.jpg",620,349,false],"post-thumbnail":["https:\/\/arantv.az\/wp-content\/uploads\/2021\/04\/112346512_42a35ddf-2e25-4504-be7e-754df0b8ce5a-240x172.jpg",240,172,true],"advps-thumb-one":["https:\/\/arantv.az\/wp-content\/uploads\/2021\/04\/112346512_42a35ddf-2e25-4504-be7e-754df0b8ce5a.jpg",620,349,false]},"rttpg_author":{"display_name":"V\u00fcsal Rafiqo\u011flu","author_link":"https:\/\/arantv.az\/?author=2"},"rttpg_comment":0,"rttpg_category":"<a href=\"https:\/\/arantv.az\/?cat=7\" rel=\"category\">D\u00fcnya<\/a>","rttpg_excerpt":"Ukrayna Prezidenti Valdimir Zelenski T\u00fcrkiy\u0259 il\u0259 \u0259laq\u0259dar b\u0259zi a\u00e7\u0131qlamalar verib. \u201cHaber Global\u201d m\u0259lumat verir ki, o ukraynal\u0131 turistl\u0259rin T\u00fcrkiy\u0259y\u0259 s\u0259f\u0259rl\u0259rinin art\u0131r\u0131lmas\u0131n\u0131n vacibliyini bildirib. T\u00fcrkiy\u0259y\u0259 10 apreld\u0259 ba\u015f tutan ziyar\u0259ti y\u00fcks\u0259k qiym\u0259tl\u0259ndir\u0259n Zelenski m\u00fch\u00fcm raz\u0131la\u015fmalar\u0131n imzaland\u0131\u011f\u0131n\u0131 qeyd edib. O Rusiyan\u0131n T\u00fcrkiy\u0259y\u0259 u\u00e7u\u015flardak\u0131 m\u0259hdudiyy\u0259tl\u0259rini qiym\u0259tl\u0259ndir\u0259r\u0259k, Ukrayna v\u0259t\u0259nda\u015flar\u0131n\u0131 t\u0259til\u0259 T\u00fcrkiy\u0259y\u0259 getm\u0259y\u0259 \u00e7a\u011f\u0131r\u0131b: \u201cRusiya Federasiyas\u0131\u00a0T\u00fcrkiy\u0259y\u0259 turizmi m\u0259hdudla\u015fd\u0131raca\u011f\u0131n\u0131 bildirib. Bu,&hellip;","_links":{"self":[{"href":"https:\/\/arantv.az\/index.php?rest_route=\/wp\/v2\/posts\/326276"}],"collection":[{"href":"https:\/\/arantv.az\/index.php?rest_route=\/wp\/v2\/posts"}],"about":[{"href":"https:\/\/arantv.az\/index.php?rest_route=\/wp\/v2\/types\/post"}],"author":[{"embeddable":true,"href":"https:\/\/arantv.az\/index.php?rest_route=\/wp\/v2\/users\/2"}],"replies":[{"embeddable":true,"href":"https:\/\/arantv.az\/index.php?rest_route=%2Fwp%2Fv2%2Fcomments&post=326276"}],"version-history":[{"count":0,"href":"https:\/\/arantv.az\/index.php?rest_route=\/wp\/v2\/posts\/326276\/revisions"}],"wp:featuredmedia":[{"embeddable":true,"href":"https:\/\/arantv.az\/index.php?rest_route=\/wp\/v2\/media\/326277"}],"wp:attachment":[{"href":"https:\/\/arantv.az\/index.php?rest_route=%2Fwp%2Fv2%2Fmedia&parent=326276"}],"wp:term":[{"taxonomy":"category","embeddable":true,"href":"https:\/\/arantv.az\/index.php?rest_route=%2Fwp%2Fv2%2Fcategories&post=326276"},{"taxonomy":"post_tag","embeddable":true,"href":"https:\/\/arantv.az\/index.php?rest_route=%2Fwp%2Fv2%2Ftags&post=326276"}],"curies":[{"name":"wp","href":"https:\/\/api.w.org\/{rel}","templated":true}]}}