{"id":326286,"date":"2021-04-16T09:34:52","date_gmt":"2021-04-16T06:34:52","guid":{"rendered":"https:\/\/arantv.az\/?p=326286"},"modified":"2021-04-16T09:34:52","modified_gmt":"2021-04-16T06:34:52","slug":"dyp-d%c9%99n-surucul%c9%99r%c9%99-muraci%c9%99t","status":"publish","type":"post","link":"https:\/\/arantv.az\/?p=326286","title":{"rendered":"DYP-d\u0259n s\u00fcr\u00fcc\u00fcl\u0259r\u0259 M\u00dcRAC\u0130\u018fT"},"content":{"rendered":"<p>Ba\u015f D\u00f6vl\u0259t Yol Polisi \u0130dar\u0259si (BDYP\u0130) s\u00fcr\u00fcc\u00fcl\u0259r\u0259 m\u00fcraci\u0259t edib.<\/p>\n<p>Bununla ba\u011fl\u0131 BDYP\u0130-d\u0259n m\u0259lumat verilib:<\/p>\n<p>\u201cAvtomobil n\u0259qliyyat\u0131 il\u0259 beyn\u0259lxalq s\u0259rni\u015fin v\u0259 y\u00fck da\u015f\u0131malar\u0131n\u0131 h\u0259yata ke\u00e7ir\u0259n n\u0259qliyyat vasit\u0259l\u0259ri sahibl\u0259rinin v\u0259 s\u00fcr\u00fcc\u00fcl\u0259rin n\u0259z\u0259rin\u0259!<\/p>\n<div id=\"AdviadNativeVideo0\" class=\"AdviadNativeVideo\"><\/div>\n<p>T\u0259r\u0259fda\u015f qurumlar t\u0259r\u0259find\u0259n verilmi\u015f r\u0259smi m\u0259lumata istinad ed\u0259r\u0259k bildiririk ki, Rusiya Federasiyas\u0131n\u0131n (RF) \u201cBeyn\u0259lxalq avtomobil da\u015f\u0131malar\u0131n\u0131n h\u0259yata ke\u00e7irilm\u0259sin\u0259 d\u00f6vl\u0259t n\u0259zar\u0259ti v\u0259 h\u0259min da\u015f\u0131malar\u0131n icras\u0131 qaydalar\u0131n\u0131n pozulmas\u0131na g\u00f6r\u0259 m\u0259suliyy\u0259t haqq\u0131nda\u201d federal qanunvericiliyind\u0259 d\u0259yi\u015fiklik edilib.<\/p>\n<p>Bel\u0259 ki, haz\u0131rda q\u00fcvv\u0259d\u0259 olan d\u0259yi\u015fikliy\u0259 \u0259sas\u0259n, xarici da\u015f\u0131y\u0131c\u0131ya m\u0259xsus n\u0259qliyyat vasit\u0259si Rusiya Federasiyas\u0131n\u0131n (RF) d\u00f6vl\u0259t s\u0259rh\u0259d burax\u0131l\u0131\u015f m\u0259nt\u0259q\u0259sin\u0259 daxil oldu\u011fu zaman h\u0259min n\u0259qliyyat vasit\u0259sil\u0259 \u0259vv\u0259ll\u0259r RF \u0259razisind\u0259 t\u00f6r\u0259dilmi\u015f inzibati x\u0259taya g\u00f6r\u0259 n\u0259z\u0259rd\u0259 tutulmu\u015f inzibati c\u0259rim\u0259nin \u00f6d\u0259nilm\u0259m\u0259si hal\u0131 a\u015fkarlanarsa, qeyd olunan n\u0259qliyyat vasit\u0259sinin RF \u0259razisind\u0259 h\u0259r\u0259k\u0259tini davam etdirm\u0259sin\u0259 yaln\u0131z s\u00f6z\u00fcged\u0259n inzibati c\u0259rim\u0259nin \u00f6d\u0259nilm\u0259sind\u0259n sonra icaz\u0259 verilir.<\/p>\n<p>Xarici da\u015f\u0131y\u0131c\u0131 v\u0259 ya onu t\u0259msil ed\u0259n n\u00fcmay\u0259nd\u0259 n\u0259qliyyat vasit\u0259si Rusiya Federasiyas\u0131n\u0131n d\u00f6vl\u0259t s\u0259rh\u0259d burax\u0131l\u0131\u015f m\u0259nt\u0259q\u0259sin\u0259 daxil olduqdan sonra \u00fc\u00e7 saat \u0259rzind\u0259 inzibati c\u0259rim\u0259 \u00f6hd\u0259liyini yerin\u0259 yetirm\u0259lidir. \u018fks t\u0259qdird\u0259 h\u0259min n\u0259qliyyat vasit\u0259sinin Rusiya Federasiyas\u0131n\u0131n \u0259razisind\u0259n xaric edilm\u0259si \u00fc\u00e7\u00fcn qanunla m\u00fc\u0259yy\u0259n olunmu\u015f t\u0259dbirl\u0259r g\u00f6r\u00fcl\u0259c\u0259k.<\/p>\n<p>Bununla yana\u015f\u0131, s\u00f6z\u00fcged\u0259n qanunun m\u00fcvafiq m\u00fcdd\u0259alar\u0131n\u0131n q\u00fcvv\u0259y\u0259 min\u0259c\u0259yi 2021-ci il 7 iyul tarixind\u0259n etibar\u0259n eyni qaydalar\u0131n Rusiya Federasiyas\u0131n\u0131 t\u0259rk etm\u0259k ist\u0259y\u0259n xarici da\u015f\u0131y\u0131c\u0131ya m\u0259xsus n\u0259qliyyat vasit\u0259l\u0259rin\u0259 d\u0259 \u015famil olunaca\u011f\u0131 n\u0259z\u0259rd\u0259 tutulub. Y\u0259ni, xarici da\u015f\u0131y\u0131c\u0131ya m\u0259xsus n\u0259qliyyat vasit\u0259sil\u0259 Rusiya Federasiyas\u0131n\u0131n \u0259razisind\u0259 t\u00f6r\u0259dilmi\u015f inzibati x\u0259taya g\u00f6r\u0259 n\u0259z\u0259rd\u0259 tutulmu\u015f inzibati c\u0259rim\u0259 \u00f6d\u0259nilm\u0259diyi t\u0259qdird\u0259 h\u0259min n\u0259qliyyat vasit\u0259sinin Rusiya Federasiyas\u0131n\u0131n \u0259razisini t\u0259rk etm\u0259sin\u0259 m\u0259hdudiyy\u0259t t\u0259tbiq edil\u0259c\u0259k.<\/p>\n<p>Eyni zamanda bildiririk ki, Rusiya Federasiyas\u0131 D\u0130N-in D\u00f6vl\u0259t Yol M\u00fcf\u0259tti\u015fliyinin r\u0259smi internet s\u0259hif\u0259sind\u0259 (\u0433\u0438\u0431\u0434\u0434.\u0440\u0444) xarici d\u00f6vl\u0259t qeydiyyat ni\u015fanl\u0131 n\u0259qliyyat vasit\u0259l\u0259rinin \u00f6d\u0259nilm\u0259mi\u015f inzibati c\u0259rim\u0259l\u0259ri haqq\u0131nda m\u0259lumat \u0259ld\u0259 etm\u0259k imkan\u0131 yarad\u0131l\u0131b\u201d.<\/p>\n","protected":false},"excerpt":{"rendered":"<p>Ba\u015f D\u00f6vl\u0259t Yol Polisi \u0130dar\u0259si (BDYP\u0130) s\u00fcr\u00fcc\u00fcl\u0259r\u0259 m\u00fcraci\u0259t edib. Bununla ba\u011fl\u0131 BDYP\u0130-d\u0259n m\u0259lumat verilib: \u201cAvtomobil n\u0259qliyyat\u0131 il\u0259 beyn\u0259lxalq s\u0259rni\u015fin v\u0259 y\u00fck da\u015f\u0131malar\u0131n\u0131 h\u0259yata ke\u00e7ir\u0259n n\u0259qliyyat vasit\u0259l\u0259ri sahibl\u0259rinin v\u0259 s\u00fcr\u00fcc\u00fcl\u0259rin n\u0259z\u0259rin\u0259! T\u0259r\u0259fda\u015f qurumlar t\u0259r\u0259find\u0259n verilmi\u015f r\u0259smi m\u0259lumata istinad ed\u0259r\u0259k bildiririk ki, Rusiya Federasiyas\u0131n\u0131n (RF) \u201cBeyn\u0259lxalq avtomobil da\u015f\u0131malar\u0131n\u0131n h\u0259yata ke\u00e7irilm\u0259sin\u0259 d\u00f6vl\u0259t n\u0259zar\u0259ti v\u0259 h\u0259min da\u015f\u0131malar\u0131n icras\u0131 qaydalar\u0131n\u0131n pozulmas\u0131na g\u00f6r\u0259 m\u0259suliyy\u0259t haqq\u0131nda\u201d federal qanunvericiliyind\u0259 d\u0259yi\u015fiklik edilib. Bel\u0259 ki, haz\u0131rda q\u00fcvv\u0259d\u0259 olan d\u0259yi\u015fikliy\u0259 \u0259sas\u0259n, xarici da\u015f\u0131y\u0131c\u0131ya m\u0259xsus n\u0259qliyyat vasit\u0259si Rusiya Federasiyas\u0131n\u0131n (RF) d\u00f6vl\u0259t s\u0259rh\u0259d burax\u0131l\u0131\u015f m\u0259nt\u0259q\u0259sin\u0259 daxil oldu\u011fu zaman h\u0259min n\u0259qliyyat vasit\u0259sil\u0259 \u0259vv\u0259ll\u0259r RF&hellip;<\/p>\n","protected":false},"author":2,"featured_media":326287,"comment_status":"closed","ping_status":"closed","sticky":false,"template":"","format":"standard","meta":{"om_disable_all_campaigns":false,"_monsterinsights_skip_tracking":false,"_monsterinsights_sitenote_active":false,"_monsterinsights_sitenote_note":"","_monsterinsights_sitenote_category":0},"categories":[26],"tags":[],"aioseo_notices":[],"gutentor_comment":0,"rttpg_featured_image_url":{"full":["https:\/\/arantv.az\/wp-content\/uploads\/2021\/04\/p-1.jpg",620,405,false],"landscape":["https:\/\/arantv.az\/wp-content\/uploads\/2021\/04\/p-1.jpg",620,405,false],"portraits":["https:\/\/arantv.az\/wp-content\/uploads\/2021\/04\/p-1.jpg",620,405,false],"thumbnail":["https:\/\/arantv.az\/wp-content\/uploads\/2021\/04\/p-1-500x280.jpg",500,280,true],"medium":["https:\/\/arantv.az\/wp-content\/uploads\/2021\/04\/p-1-559x365.jpg",559,365,true],"large":["https:\/\/arantv.az\/wp-content\/uploads\/2021\/04\/p-1.jpg",620,405,false],"1536x1536":["https:\/\/arantv.az\/wp-content\/uploads\/2021\/04\/p-1.jpg",620,405,false],"2048x2048":["https:\/\/arantv.az\/wp-content\/uploads\/2021\/04\/p-1.jpg",620,405,false],"post-thumbnail":["https:\/\/arantv.az\/wp-content\/uploads\/2021\/04\/p-1-240x172.jpg",240,172,true],"advps-thumb-one":["https:\/\/arantv.az\/wp-content\/uploads\/2021\/04\/p-1.jpg",620,405,false]},"rttpg_author":{"display_name":"V\u00fcsal Rafiqo\u011flu","author_link":"https:\/\/arantv.az\/?author=2"},"rttpg_comment":0,"rttpg_category":"<a href=\"https:\/\/arantv.az\/?cat=26\" rel=\"category\">Sosial<\/a>","rttpg_excerpt":"Ba\u015f D\u00f6vl\u0259t Yol Polisi \u0130dar\u0259si (BDYP\u0130) s\u00fcr\u00fcc\u00fcl\u0259r\u0259 m\u00fcraci\u0259t edib. Bununla ba\u011fl\u0131 BDYP\u0130-d\u0259n m\u0259lumat verilib: \u201cAvtomobil n\u0259qliyyat\u0131 il\u0259 beyn\u0259lxalq s\u0259rni\u015fin v\u0259 y\u00fck da\u015f\u0131malar\u0131n\u0131 h\u0259yata ke\u00e7ir\u0259n n\u0259qliyyat vasit\u0259l\u0259ri sahibl\u0259rinin v\u0259 s\u00fcr\u00fcc\u00fcl\u0259rin n\u0259z\u0259rin\u0259! T\u0259r\u0259fda\u015f qurumlar t\u0259r\u0259find\u0259n verilmi\u015f r\u0259smi m\u0259lumata istinad ed\u0259r\u0259k bildiririk ki, Rusiya Federasiyas\u0131n\u0131n (RF) \u201cBeyn\u0259lxalq avtomobil da\u015f\u0131malar\u0131n\u0131n h\u0259yata ke\u00e7irilm\u0259sin\u0259 d\u00f6vl\u0259t n\u0259zar\u0259ti v\u0259 h\u0259min da\u015f\u0131malar\u0131n icras\u0131 qaydalar\u0131n\u0131n&hellip;","_links":{"self":[{"href":"https:\/\/arantv.az\/index.php?rest_route=\/wp\/v2\/posts\/326286"}],"collection":[{"href":"https:\/\/arantv.az\/index.php?rest_route=\/wp\/v2\/posts"}],"about":[{"href":"https:\/\/arantv.az\/index.php?rest_route=\/wp\/v2\/types\/post"}],"author":[{"embeddable":true,"href":"https:\/\/arantv.az\/index.php?rest_route=\/wp\/v2\/users\/2"}],"replies":[{"embeddable":true,"href":"https:\/\/arantv.az\/index.php?rest_route=%2Fwp%2Fv2%2Fcomments&post=326286"}],"version-history":[{"count":0,"href":"https:\/\/arantv.az\/index.php?rest_route=\/wp\/v2\/posts\/326286\/revisions"}],"wp:featuredmedia":[{"embeddable":true,"href":"https:\/\/arantv.az\/index.php?rest_route=\/wp\/v2\/media\/326287"}],"wp:attachment":[{"href":"https:\/\/arantv.az\/index.php?rest_route=%2Fwp%2Fv2%2Fmedia&parent=326286"}],"wp:term":[{"taxonomy":"category","embeddable":true,"href":"https:\/\/arantv.az\/index.php?rest_route=%2Fwp%2Fv2%2Fcategories&post=326286"},{"taxonomy":"post_tag","embeddable":true,"href":"https:\/\/arantv.az\/index.php?rest_route=%2Fwp%2Fv2%2Ftags&post=326286"}],"curies":[{"name":"wp","href":"https:\/\/api.w.org\/{rel}","templated":true}]}}