{"id":326300,"date":"2021-04-16T09:55:20","date_gmt":"2021-04-16T06:55:20","guid":{"rendered":"https:\/\/arantv.az\/?p=326300"},"modified":"2021-04-16T09:55:20","modified_gmt":"2021-04-16T06:55:20","slug":"xalq-artisti-eldar-quliyev-v%c9%99fat-etdi","status":"publish","type":"post","link":"https:\/\/arantv.az\/?p=326300","title":{"rendered":"Xalq artisti Eldar Quliyev v\u0259fat etdi"},"content":{"rendered":"<p>Az\u0259rbaycan\u0131n Xalq artisti, tan\u0131nm\u0131\u015f kinorejissor v\u0259 ssenarist Eldar Quliyev 80 ya\u015f\u0131nda v\u0259fat edib.<\/p>\n<p>Bu bar\u0259d\u0259 \u201cReport\u201da Az\u0259rbaycan Respublikas\u0131 Kinematoqraf\u00e7\u0131lar \u0130ttifaq\u0131n\u0131n M\u0259tbuat xidm\u0259tinin r\u0259hb\u0259ri \u018fli V\u0259liyev m\u0259lumat verib.<\/p>\n<div id=\"AdviadNativeVideo0\" class=\"AdviadNativeVideo\"><\/div>\n<p>O bildirib ki, Xalq artisti bu g\u00fcn s\u0259h\u0259r d\u00fcnyas\u0131n\u0131 d\u0259yi\u015fib.<\/p>\n<p>M\u0259rhumun harada d\u0259fn olunaca\u011f\u0131 h\u0259l\u0259lik d\u0259qiql\u0259\u015fm\u0259yib.<\/p>\n<p>Qeyd ed\u0259k ki, E.Quliyev yanvar\u0131n 18-d\u0259 80 illik yubileyi g\u00fcn\u00fc infarkt ke\u00e7ir\u0259r\u0259k x\u0259st\u0259xanaya yerl\u0259\u015fdirilmi\u015fdi. O, fevral\u0131n 23-\u00fc ev\u0259 burax\u0131lm\u0131\u015fd\u0131. Lakin v\u0259ziyy\u0259ti a\u011f\u0131rla\u015fd\u0131\u011f\u0131na g\u00f6r\u0259 aprelin 9-da yenid\u0259n x\u0259st\u0259xanaya yerl\u0259\u015fdirilmi\u015fdi.<\/p>\n","protected":false},"excerpt":{"rendered":"<p>Az\u0259rbaycan\u0131n Xalq artisti, tan\u0131nm\u0131\u015f kinorejissor v\u0259 ssenarist Eldar Quliyev 80 ya\u015f\u0131nda v\u0259fat edib. Bu bar\u0259d\u0259 \u201cReport\u201da Az\u0259rbaycan Respublikas\u0131 Kinematoqraf\u00e7\u0131lar \u0130ttifaq\u0131n\u0131n M\u0259tbuat xidm\u0259tinin r\u0259hb\u0259ri \u018fli V\u0259liyev m\u0259lumat verib. O bildirib ki, Xalq artisti bu g\u00fcn s\u0259h\u0259r d\u00fcnyas\u0131n\u0131 d\u0259yi\u015fib. M\u0259rhumun harada d\u0259fn olunaca\u011f\u0131 h\u0259l\u0259lik d\u0259qiql\u0259\u015fm\u0259yib. Qeyd ed\u0259k ki, E.Quliyev yanvar\u0131n 18-d\u0259 80 illik yubileyi g\u00fcn\u00fc infarkt ke\u00e7ir\u0259r\u0259k x\u0259st\u0259xanaya yerl\u0259\u015fdirilmi\u015fdi. O, fevral\u0131n 23-\u00fc ev\u0259 burax\u0131lm\u0131\u015fd\u0131. Lakin v\u0259ziyy\u0259ti a\u011f\u0131rla\u015fd\u0131\u011f\u0131na g\u00f6r\u0259 aprelin 9-da yenid\u0259n x\u0259st\u0259xanaya yerl\u0259\u015fdirilmi\u015fdi.<\/p>\n","protected":false},"author":2,"featured_media":326301,"comment_status":"closed","ping_status":"closed","sticky":false,"template":"","format":"standard","meta":{"om_disable_all_campaigns":false,"_monsterinsights_skip_tracking":false,"_monsterinsights_sitenote_active":false,"_monsterinsights_sitenote_note":"","_monsterinsights_sitenote_category":0},"categories":[5],"tags":[],"aioseo_notices":[],"gutentor_comment":0,"rttpg_featured_image_url":{"full":["https:\/\/arantv.az\/wp-content\/uploads\/2021\/04\/d00f56aa-51ce-348e-b6d8-7a0a75ce7a04_850.jpg",620,387,false],"landscape":["https:\/\/arantv.az\/wp-content\/uploads\/2021\/04\/d00f56aa-51ce-348e-b6d8-7a0a75ce7a04_850.jpg",620,387,false],"portraits":["https:\/\/arantv.az\/wp-content\/uploads\/2021\/04\/d00f56aa-51ce-348e-b6d8-7a0a75ce7a04_850.jpg",620,387,false],"thumbnail":["https:\/\/arantv.az\/wp-content\/uploads\/2021\/04\/d00f56aa-51ce-348e-b6d8-7a0a75ce7a04_850-500x280.jpg",500,280,true],"medium":["https:\/\/arantv.az\/wp-content\/uploads\/2021\/04\/d00f56aa-51ce-348e-b6d8-7a0a75ce7a04_850-585x365.jpg",585,365,true],"large":["https:\/\/arantv.az\/wp-content\/uploads\/2021\/04\/d00f56aa-51ce-348e-b6d8-7a0a75ce7a04_850.jpg",620,387,false],"1536x1536":["https:\/\/arantv.az\/wp-content\/uploads\/2021\/04\/d00f56aa-51ce-348e-b6d8-7a0a75ce7a04_850.jpg",620,387,false],"2048x2048":["https:\/\/arantv.az\/wp-content\/uploads\/2021\/04\/d00f56aa-51ce-348e-b6d8-7a0a75ce7a04_850.jpg",620,387,false],"post-thumbnail":["https:\/\/arantv.az\/wp-content\/uploads\/2021\/04\/d00f56aa-51ce-348e-b6d8-7a0a75ce7a04_850-240x172.jpg",240,172,true],"advps-thumb-one":["https:\/\/arantv.az\/wp-content\/uploads\/2021\/04\/d00f56aa-51ce-348e-b6d8-7a0a75ce7a04_850.jpg",620,387,false]},"rttpg_author":{"display_name":"V\u00fcsal Rafiqo\u011flu","author_link":"https:\/\/arantv.az\/?author=2"},"rttpg_comment":0,"rttpg_category":"<a href=\"https:\/\/arantv.az\/?cat=5\" rel=\"category\">Hadis\u0259<\/a>","rttpg_excerpt":"Az\u0259rbaycan\u0131n Xalq artisti, tan\u0131nm\u0131\u015f kinorejissor v\u0259 ssenarist Eldar Quliyev 80 ya\u015f\u0131nda v\u0259fat edib. Bu bar\u0259d\u0259 \u201cReport\u201da Az\u0259rbaycan Respublikas\u0131 Kinematoqraf\u00e7\u0131lar \u0130ttifaq\u0131n\u0131n M\u0259tbuat xidm\u0259tinin r\u0259hb\u0259ri \u018fli V\u0259liyev m\u0259lumat verib. O bildirib ki, Xalq artisti bu g\u00fcn s\u0259h\u0259r d\u00fcnyas\u0131n\u0131 d\u0259yi\u015fib. M\u0259rhumun harada d\u0259fn olunaca\u011f\u0131 h\u0259l\u0259lik d\u0259qiql\u0259\u015fm\u0259yib. Qeyd ed\u0259k ki, E.Quliyev yanvar\u0131n 18-d\u0259 80 illik yubileyi g\u00fcn\u00fc infarkt ke\u00e7ir\u0259r\u0259k&hellip;","_links":{"self":[{"href":"https:\/\/arantv.az\/index.php?rest_route=\/wp\/v2\/posts\/326300"}],"collection":[{"href":"https:\/\/arantv.az\/index.php?rest_route=\/wp\/v2\/posts"}],"about":[{"href":"https:\/\/arantv.az\/index.php?rest_route=\/wp\/v2\/types\/post"}],"author":[{"embeddable":true,"href":"https:\/\/arantv.az\/index.php?rest_route=\/wp\/v2\/users\/2"}],"replies":[{"embeddable":true,"href":"https:\/\/arantv.az\/index.php?rest_route=%2Fwp%2Fv2%2Fcomments&post=326300"}],"version-history":[{"count":0,"href":"https:\/\/arantv.az\/index.php?rest_route=\/wp\/v2\/posts\/326300\/revisions"}],"wp:featuredmedia":[{"embeddable":true,"href":"https:\/\/arantv.az\/index.php?rest_route=\/wp\/v2\/media\/326301"}],"wp:attachment":[{"href":"https:\/\/arantv.az\/index.php?rest_route=%2Fwp%2Fv2%2Fmedia&parent=326300"}],"wp:term":[{"taxonomy":"category","embeddable":true,"href":"https:\/\/arantv.az\/index.php?rest_route=%2Fwp%2Fv2%2Fcategories&post=326300"},{"taxonomy":"post_tag","embeddable":true,"href":"https:\/\/arantv.az\/index.php?rest_route=%2Fwp%2Fv2%2Ftags&post=326300"}],"curies":[{"name":"wp","href":"https:\/\/api.w.org\/{rel}","templated":true}]}}