{"id":326315,"date":"2021-04-16T10:38:59","date_gmt":"2021-04-16T07:38:59","guid":{"rendered":"https:\/\/arantv.az\/?p=326315"},"modified":"2021-04-16T10:38:59","modified_gmt":"2021-04-16T07:38:59","slug":"xalq-artistinin-d%c9%99fn-olunacagi-yer-b%c9%99lli-oldu-r%c9%99smi","status":"publish","type":"post","link":"https:\/\/arantv.az\/?p=326315","title":{"rendered":"Xalq artistinin d\u0259fn olunaca\u011f\u0131 yer b\u0259lli oldu &#8211; R\u018fSM\u0130"},"content":{"rendered":"<p>Az\u0259rbaycan\u0131n Xalq artisti Eldar Quliyev ail\u0259sinin ist\u0259yin\u0259 uy\u011fun olaraq h\u0259yat yolda\u015f\u0131n\u0131n yan\u0131nda d\u0259fn edil\u0259c\u0259k.<\/p>\n<p>Bu bar\u0259d\u0259 Oxu.Az-a M\u0259d\u0259niyy\u0259t Nazirliyind\u0259n m\u0259lumat verilib.<\/p>\n<p>Bildirilib ki, Eldar Quliyevin d\u0259fn yeri ail\u0259si t\u0259r\u0259find\u0259n (\u00f6z\u00fcn\u00fcn v\u0259siyy\u0259ti il\u0259) m\u0259rhum h\u0259yat yolda\u015f\u0131n\u0131n d\u0259fn oldu\u011fu Bak\u0131 \u015f\u0259h\u0259rind\u0259ki \u201cQurd qap\u0131s\u0131\u201d q\u0259biristanl\u0131\u011f\u0131 m\u00fc\u0259yy\u0259n edilib.<\/p>\n<p>Qeyd ed\u0259k ki, Az\u0259rbaycan Respublikas\u0131n\u0131n M\u0259d\u0259niyy\u0259t Nazirliyi Az\u0259rbaycan\u0131n g\u00f6rk\u0259mli kino xadimi, Xalq artisti Eldar Tofiq o\u011flu Quliyevin v\u0259fat\u0131ndan k\u0259d\u0259rl\u0259ndiyini bildirir.<\/p>\n","protected":false},"excerpt":{"rendered":"<p>Az\u0259rbaycan\u0131n Xalq artisti Eldar Quliyev ail\u0259sinin ist\u0259yin\u0259 uy\u011fun olaraq h\u0259yat yolda\u015f\u0131n\u0131n yan\u0131nda d\u0259fn edil\u0259c\u0259k. Bu bar\u0259d\u0259 Oxu.Az-a M\u0259d\u0259niyy\u0259t Nazirliyind\u0259n m\u0259lumat verilib. Bildirilib ki, Eldar Quliyevin d\u0259fn yeri ail\u0259si t\u0259r\u0259find\u0259n (\u00f6z\u00fcn\u00fcn v\u0259siyy\u0259ti il\u0259) m\u0259rhum h\u0259yat yolda\u015f\u0131n\u0131n d\u0259fn oldu\u011fu Bak\u0131 \u015f\u0259h\u0259rind\u0259ki \u201cQurd qap\u0131s\u0131\u201d q\u0259biristanl\u0131\u011f\u0131 m\u00fc\u0259yy\u0259n edilib. Qeyd ed\u0259k ki, Az\u0259rbaycan Respublikas\u0131n\u0131n M\u0259d\u0259niyy\u0259t Nazirliyi Az\u0259rbaycan\u0131n g\u00f6rk\u0259mli kino xadimi, Xalq artisti Eldar Tofiq o\u011flu Quliyevin v\u0259fat\u0131ndan k\u0259d\u0259rl\u0259ndiyini bildirir.<\/p>\n","protected":false},"author":2,"featured_media":326316,"comment_status":"closed","ping_status":"closed","sticky":false,"template":"","format":"standard","meta":{"om_disable_all_campaigns":false,"_monsterinsights_skip_tracking":false,"_monsterinsights_sitenote_active":false,"_monsterinsights_sitenote_note":"","_monsterinsights_sitenote_category":0},"categories":[26],"tags":[],"aioseo_notices":[],"gutentor_comment":0,"rttpg_featured_image_url":{"full":["https:\/\/arantv.az\/wp-content\/uploads\/2021\/04\/eldar.jpg",620,389,false],"landscape":["https:\/\/arantv.az\/wp-content\/uploads\/2021\/04\/eldar.jpg",620,389,false],"portraits":["https:\/\/arantv.az\/wp-content\/uploads\/2021\/04\/eldar.jpg",620,389,false],"thumbnail":["https:\/\/arantv.az\/wp-content\/uploads\/2021\/04\/eldar-500x280.jpg",500,280,true],"medium":["https:\/\/arantv.az\/wp-content\/uploads\/2021\/04\/eldar-582x365.jpg",582,365,true],"large":["https:\/\/arantv.az\/wp-content\/uploads\/2021\/04\/eldar.jpg",620,389,false],"1536x1536":["https:\/\/arantv.az\/wp-content\/uploads\/2021\/04\/eldar.jpg",620,389,false],"2048x2048":["https:\/\/arantv.az\/wp-content\/uploads\/2021\/04\/eldar.jpg",620,389,false],"post-thumbnail":["https:\/\/arantv.az\/wp-content\/uploads\/2021\/04\/eldar-240x172.jpg",240,172,true],"advps-thumb-one":["https:\/\/arantv.az\/wp-content\/uploads\/2021\/04\/eldar.jpg",620,389,false]},"rttpg_author":{"display_name":"V\u00fcsal Rafiqo\u011flu","author_link":"https:\/\/arantv.az\/?author=2"},"rttpg_comment":0,"rttpg_category":"<a href=\"https:\/\/arantv.az\/?cat=26\" rel=\"category\">Sosial<\/a>","rttpg_excerpt":"Az\u0259rbaycan\u0131n Xalq artisti Eldar Quliyev ail\u0259sinin ist\u0259yin\u0259 uy\u011fun olaraq h\u0259yat yolda\u015f\u0131n\u0131n yan\u0131nda d\u0259fn edil\u0259c\u0259k. Bu bar\u0259d\u0259 Oxu.Az-a M\u0259d\u0259niyy\u0259t Nazirliyind\u0259n m\u0259lumat verilib. Bildirilib ki, Eldar Quliyevin d\u0259fn yeri ail\u0259si t\u0259r\u0259find\u0259n (\u00f6z\u00fcn\u00fcn v\u0259siyy\u0259ti il\u0259) m\u0259rhum h\u0259yat yolda\u015f\u0131n\u0131n d\u0259fn oldu\u011fu Bak\u0131 \u015f\u0259h\u0259rind\u0259ki \u201cQurd qap\u0131s\u0131\u201d q\u0259biristanl\u0131\u011f\u0131 m\u00fc\u0259yy\u0259n edilib. Qeyd ed\u0259k ki, Az\u0259rbaycan Respublikas\u0131n\u0131n M\u0259d\u0259niyy\u0259t Nazirliyi Az\u0259rbaycan\u0131n g\u00f6rk\u0259mli kino xadimi,&hellip;","_links":{"self":[{"href":"https:\/\/arantv.az\/index.php?rest_route=\/wp\/v2\/posts\/326315"}],"collection":[{"href":"https:\/\/arantv.az\/index.php?rest_route=\/wp\/v2\/posts"}],"about":[{"href":"https:\/\/arantv.az\/index.php?rest_route=\/wp\/v2\/types\/post"}],"author":[{"embeddable":true,"href":"https:\/\/arantv.az\/index.php?rest_route=\/wp\/v2\/users\/2"}],"replies":[{"embeddable":true,"href":"https:\/\/arantv.az\/index.php?rest_route=%2Fwp%2Fv2%2Fcomments&post=326315"}],"version-history":[{"count":0,"href":"https:\/\/arantv.az\/index.php?rest_route=\/wp\/v2\/posts\/326315\/revisions"}],"wp:featuredmedia":[{"embeddable":true,"href":"https:\/\/arantv.az\/index.php?rest_route=\/wp\/v2\/media\/326316"}],"wp:attachment":[{"href":"https:\/\/arantv.az\/index.php?rest_route=%2Fwp%2Fv2%2Fmedia&parent=326315"}],"wp:term":[{"taxonomy":"category","embeddable":true,"href":"https:\/\/arantv.az\/index.php?rest_route=%2Fwp%2Fv2%2Fcategories&post=326315"},{"taxonomy":"post_tag","embeddable":true,"href":"https:\/\/arantv.az\/index.php?rest_route=%2Fwp%2Fv2%2Ftags&post=326315"}],"curies":[{"name":"wp","href":"https:\/\/api.w.org\/{rel}","templated":true}]}}