{"id":3264,"date":"2018-08-01T08:05:35","date_gmt":"2018-08-01T05:05:35","guid":{"rendered":"http:\/\/arantv.az\/?p=3264"},"modified":"2018-08-01T08:05:35","modified_gmt":"2018-08-01T05:05:35","slug":"oluml%c9%99r-5-d%c9%99f%c9%99-artacaq-2080-ci-il%c9%99-q%c9%99d%c9%99r-20-dovl%c9%99td%c9%99-aliml%c9%99rd%c9%99n-d%c9%99hs%c9%99tli-x%c9%99b%c9%99rdarliq","status":"publish","type":"post","link":"https:\/\/arantv.az\/?p=3264","title":{"rendered":"\u00d6l\u00fcml\u0259r 5 d\u0259f\u0259 artacaq, 2080-ci il\u0259 q\u0259d\u0259r 20 d\u00f6vl\u0259td\u0259\u2026 &#8211; Aliml\u0259rd\u0259n D\u018fH\u015e\u018fTL\u0130 X\u018fB\u018fRDARLIQ"},"content":{"rendered":"<p><strong>2080-ci il\u0259 q\u0259d\u0259r tropik v\u0259 subtropik regionlarda y\u00fcks\u0259k tempuratur\u0131n qurbanlar\u0131n\u0131n say\u0131 be\u015f d\u0259f\u0259 artacaq.<\/strong><\/p>\n<p><strong>ARANTV.AZ<\/strong> publika.az-a istinad\u0259n x\u0259b\u0259r verir ki, bu haqda Avstraliyadan olan aliml\u0259r bildiribl\u0259r.<\/p>\n<p>T\u0259dqiqat\u00e7\u0131lar\u0131n fikrinc\u0259, Avstraliyan\u0131n \u00f6z\u00fcnd\u0259 istid\u0259n \u00f6l\u00fcm faizi 471 faiz artacaq. \u00d6l\u0259nl\u0259rin say\u0131 Hindistan, Yunan\u0131stan, Yaponiya v\u0259 Kanadada da \u0259h\u0259miyy\u0259tli d\u0259r\u0259c\u0259d\u0259 \u00e7oxalacaq.<\/p>\n<p>\u0130qlim\u015f\u00fcnaslar proqnozla\u015fd\u0131r\u0131rlar ki, uzunm\u00fcdd\u0259tli qeyri-adi iqlim d\u0259yi\u015fikliyi m\u00fcdd\u0259tind\u0259 y\u00fcks\u0259k temperaturlar daha s\u0131x v\u0259 daha s\u0259rt olacaq. V\u0259ziyy\u0259t yan\u011f\u0131nlar v\u0259 quraql\u0131qlarla daha da a\u011f\u0131rla\u015facaq.<\/p>\n<p>\u00dcmumilikd\u0259, t\u0259dqiqat\u00e7\u0131lar istiyl\u0259 ba\u011fl\u0131 \u00f6l\u00fcml\u0259rin say\u0131n\u0131n qiym\u0259tl\u0259ndirilm\u0259si \u00fc\u00e7\u00fcn model haz\u0131rlay\u0131blar. Model 20 d\u00f6vl\u0259t v\u0259 2031-2080-ci ill\u0259r \u00fc\u00e7\u00fcn n\u0259z\u0259rd\u0259 tutulub. Modelin haz\u0131rlanmas\u0131 zaman\u0131 atmosfer\u0259 burax\u0131lan parnik qazlar\u0131n\u0131n miqdar\u0131, \u0259halinin s\u0131xl\u0131\u011f\u0131 v\u0259 istinin n\u0259tic\u0259l\u0259rinin yum\u015fald\u0131lmas\u0131 \u00fczr\u0259 m\u00fcxt\u0259lif strategiyalar\u0131n say\u0131 n\u0259z\u0259r\u0259 al\u0131n\u0131b. B\u00fct\u00fcn d\u00fcnyada iqlimin istil\u0259\u015fm\u0259si v\u0259 qeyri-adi y\u00fcks\u0259k temperaturlardan milyonlarla insan\u0131n s\u0259hh\u0259tind\u0259 probleml\u0259rin yaranmas\u0131 t\u0259dqiqat \u00fc\u00e7\u00fcn fakt rolunu oynay\u0131b.<\/p>\n<p>M\u00fct\u0259x\u0259ssisl\u0259r bildirirl\u0259r ki, Paris \u0130qlim Raz\u0131la\u015fmas\u0131n\u0131n \u015f\u0259rtl\u0259rini yerin\u0259 yetirm\u0259k \u00e7ox vacibdir. Raz\u0131la\u015fma 2050-ci il\u0259 q\u0259d\u0259r atmosfer\u0259 burax\u0131lan parnik qazlar\u0131n\u0131n h\u0259cminin azald\u0131lmas\u0131n\u0131 n\u0259z\u0259rd\u0259 tutur.<\/p>\n","protected":false},"excerpt":{"rendered":"<p>2080-ci il\u0259 q\u0259d\u0259r tropik v\u0259 subtropik regionlarda y\u00fcks\u0259k tempuratur\u0131n qurbanlar\u0131n\u0131n say\u0131 be\u015f d\u0259f\u0259 artacaq. ARANTV.AZ publika.az-a istinad\u0259n x\u0259b\u0259r verir ki, bu haqda Avstraliyadan olan aliml\u0259r bildiribl\u0259r. T\u0259dqiqat\u00e7\u0131lar\u0131n fikrinc\u0259, Avstraliyan\u0131n \u00f6z\u00fcnd\u0259 istid\u0259n \u00f6l\u00fcm faizi 471 faiz artacaq. \u00d6l\u0259nl\u0259rin say\u0131 Hindistan, Yunan\u0131stan, Yaponiya v\u0259 Kanadada da \u0259h\u0259miyy\u0259tli d\u0259r\u0259c\u0259d\u0259 \u00e7oxalacaq. \u0130qlim\u015f\u00fcnaslar proqnozla\u015fd\u0131r\u0131rlar ki, uzunm\u00fcdd\u0259tli qeyri-adi iqlim d\u0259yi\u015fikliyi m\u00fcdd\u0259tind\u0259 y\u00fcks\u0259k temperaturlar daha s\u0131x v\u0259 daha s\u0259rt olacaq. V\u0259ziyy\u0259t yan\u011f\u0131nlar v\u0259 quraql\u0131qlarla daha da a\u011f\u0131rla\u015facaq. \u00dcmumilikd\u0259, t\u0259dqiqat\u00e7\u0131lar istiyl\u0259 ba\u011fl\u0131 \u00f6l\u00fcml\u0259rin say\u0131n\u0131n qiym\u0259tl\u0259ndirilm\u0259si \u00fc\u00e7\u00fcn model haz\u0131rlay\u0131blar. Model 20 d\u00f6vl\u0259t v\u0259 2031-2080-ci ill\u0259r \u00fc\u00e7\u00fcn n\u0259z\u0259rd\u0259 tutulub. Modelin&hellip;<\/p>\n","protected":false},"author":2,"featured_media":3265,"comment_status":"open","ping_status":"open","sticky":false,"template":"","format":"standard","meta":{"om_disable_all_campaigns":false,"_monsterinsights_skip_tracking":false,"_monsterinsights_sitenote_active":false,"_monsterinsights_sitenote_note":"","_monsterinsights_sitenote_category":0},"categories":[11],"tags":[],"aioseo_notices":[],"gutentor_comment":0,"rttpg_featured_image_url":{"full":["https:\/\/arantv.az\/wp-content\/uploads\/2018\/08\/zhara2_t_650x433.jpg",800,450,false],"landscape":["https:\/\/arantv.az\/wp-content\/uploads\/2018\/08\/zhara2_t_650x433.jpg",800,450,false],"portraits":["https:\/\/arantv.az\/wp-content\/uploads\/2018\/08\/zhara2_t_650x433.jpg",800,450,false],"thumbnail":["https:\/\/arantv.az\/wp-content\/uploads\/2018\/08\/zhara2_t_650x433-150x150.jpg",150,150,true],"medium":["https:\/\/arantv.az\/wp-content\/uploads\/2018\/08\/zhara2_t_650x433-300x169.jpg",300,169,true],"large":["https:\/\/arantv.az\/wp-content\/uploads\/2018\/08\/zhara2_t_650x433.jpg",640,360,false],"1536x1536":["https:\/\/arantv.az\/wp-content\/uploads\/2018\/08\/zhara2_t_650x433.jpg",800,450,false],"2048x2048":["https:\/\/arantv.az\/wp-content\/uploads\/2018\/08\/zhara2_t_650x433.jpg",800,450,false],"post-thumbnail":["https:\/\/arantv.az\/wp-content\/uploads\/2018\/08\/zhara2_t_650x433.jpg",240,135,false],"advps-thumb-one":["https:\/\/arantv.az\/wp-content\/uploads\/2018\/08\/zhara2_t_650x433.jpg",800,450,false]},"rttpg_author":{"display_name":"V\u00fcsal Rafiqo\u011flu","author_link":"https:\/\/arantv.az\/?author=2"},"rttpg_comment":0,"rttpg_category":"<a href=\"https:\/\/arantv.az\/?cat=11\" rel=\"category\">Manset<\/a>","rttpg_excerpt":"2080-ci il\u0259 q\u0259d\u0259r tropik v\u0259 subtropik regionlarda y\u00fcks\u0259k tempuratur\u0131n qurbanlar\u0131n\u0131n say\u0131 be\u015f d\u0259f\u0259 artacaq. ARANTV.AZ publika.az-a istinad\u0259n x\u0259b\u0259r verir ki, bu haqda Avstraliyadan olan aliml\u0259r bildiribl\u0259r. T\u0259dqiqat\u00e7\u0131lar\u0131n fikrinc\u0259, Avstraliyan\u0131n \u00f6z\u00fcnd\u0259 istid\u0259n \u00f6l\u00fcm faizi 471 faiz artacaq. \u00d6l\u0259nl\u0259rin say\u0131 Hindistan, Yunan\u0131stan, Yaponiya v\u0259 Kanadada da \u0259h\u0259miyy\u0259tli d\u0259r\u0259c\u0259d\u0259 \u00e7oxalacaq. \u0130qlim\u015f\u00fcnaslar proqnozla\u015fd\u0131r\u0131rlar ki, uzunm\u00fcdd\u0259tli qeyri-adi iqlim d\u0259yi\u015fikliyi m\u00fcdd\u0259tind\u0259&hellip;","_links":{"self":[{"href":"https:\/\/arantv.az\/index.php?rest_route=\/wp\/v2\/posts\/3264"}],"collection":[{"href":"https:\/\/arantv.az\/index.php?rest_route=\/wp\/v2\/posts"}],"about":[{"href":"https:\/\/arantv.az\/index.php?rest_route=\/wp\/v2\/types\/post"}],"author":[{"embeddable":true,"href":"https:\/\/arantv.az\/index.php?rest_route=\/wp\/v2\/users\/2"}],"replies":[{"embeddable":true,"href":"https:\/\/arantv.az\/index.php?rest_route=%2Fwp%2Fv2%2Fcomments&post=3264"}],"version-history":[{"count":0,"href":"https:\/\/arantv.az\/index.php?rest_route=\/wp\/v2\/posts\/3264\/revisions"}],"wp:featuredmedia":[{"embeddable":true,"href":"https:\/\/arantv.az\/index.php?rest_route=\/wp\/v2\/media\/3265"}],"wp:attachment":[{"href":"https:\/\/arantv.az\/index.php?rest_route=%2Fwp%2Fv2%2Fmedia&parent=3264"}],"wp:term":[{"taxonomy":"category","embeddable":true,"href":"https:\/\/arantv.az\/index.php?rest_route=%2Fwp%2Fv2%2Fcategories&post=3264"},{"taxonomy":"post_tag","embeddable":true,"href":"https:\/\/arantv.az\/index.php?rest_route=%2Fwp%2Fv2%2Ftags&post=3264"}],"curies":[{"name":"wp","href":"https:\/\/api.w.org\/{rel}","templated":true}]}}