{"id":32648,"date":"2019-01-16T09:55:50","date_gmt":"2019-01-16T06:55:50","guid":{"rendered":"http:\/\/arantv.az\/?p=32648"},"modified":"2019-01-16T09:55:50","modified_gmt":"2019-01-16T06:55:50","slug":"guclu-qar-yenid%c9%99n-d%c9%99niz-reysl%c9%99rini-dayandirdi","status":"publish","type":"post","link":"https:\/\/arantv.az\/?p=32648","title":{"rendered":"G\u00fccl\u00fc qar yenid\u0259n d\u0259niz reysl\u0259rini dayand\u0131rd\u0131"},"content":{"rendered":"<p><strong>Art\u0131q bir h\u0259ft\u0259dir ki, \u0130stanbul akvatoriyas\u0131nda d\u0259niz reysl\u0259ri t\u0259xir\u0259 sal\u0131n\u0131r.<\/strong><\/p>\n<p><strong>ARANTV.AZ<\/strong> trend-\u0259 istinad\u0259n x\u0259b\u0259r verir ki, reysl\u0259rin t\u0259xir\u0259 sal\u0131nmas\u0131 bar\u0259d\u0259 T\u00fcrkiy\u0259n\u0131n D\u0259niz n\u0259qliyyat\u0131n\u0131n idar\u0259 edilm\u0259si \u00fczr\u0259 t\u0259\u015fkilat\u0131ndan bildiribl\u0259r.<\/p>\n<p>G\u00fccl\u00fc qar v\u0259 k\u00fcl\u0259k s\u0259b\u0259bind\u0259n Bursada da d\u0259niz reysl\u0259rinin dayand\u0131r\u0131ld\u0131\u011f\u0131 bildirilir.<\/p>\n<div id=\"AdributorNativeVideo0\" class=\"AdributorNativeVideo\"><\/div>\n<p>T\u00fcrkiy\u0259nin vilay\u0259tl\u0259rind\u0259 qar qat\u0131n\u0131n h\u00fcnd\u00fcrl\u00fcy\u00fc yar\u0131m metr\u0259 \u00e7at\u0131r.<\/p>\n<p>Sonuncu d\u0259f\u0259 reysl\u0259r yanvar\u0131n 10-da t\u0259xir\u0259 sal\u0131n\u0131b.<\/p>\n","protected":false},"excerpt":{"rendered":"<p>Art\u0131q bir h\u0259ft\u0259dir ki, \u0130stanbul akvatoriyas\u0131nda d\u0259niz reysl\u0259ri t\u0259xir\u0259 sal\u0131n\u0131r. ARANTV.AZ trend-\u0259 istinad\u0259n x\u0259b\u0259r verir ki, reysl\u0259rin t\u0259xir\u0259 sal\u0131nmas\u0131 bar\u0259d\u0259 T\u00fcrkiy\u0259n\u0131n D\u0259niz n\u0259qliyyat\u0131n\u0131n idar\u0259 edilm\u0259si \u00fczr\u0259 t\u0259\u015fkilat\u0131ndan bildiribl\u0259r. G\u00fccl\u00fc qar v\u0259 k\u00fcl\u0259k s\u0259b\u0259bind\u0259n Bursada da d\u0259niz reysl\u0259rinin dayand\u0131r\u0131ld\u0131\u011f\u0131 bildirilir. T\u00fcrkiy\u0259nin vilay\u0259tl\u0259rind\u0259 qar qat\u0131n\u0131n h\u00fcnd\u00fcrl\u00fcy\u00fc yar\u0131m metr\u0259 \u00e7at\u0131r. Sonuncu d\u0259f\u0259 reysl\u0259r yanvar\u0131n 10-da t\u0259xir\u0259 sal\u0131n\u0131b.<\/p>\n","protected":false},"author":2,"featured_media":32649,"comment_status":"closed","ping_status":"closed","sticky":false,"template":"","format":"standard","meta":{"om_disable_all_campaigns":false,"_monsterinsights_skip_tracking":false,"_monsterinsights_sitenote_active":false,"_monsterinsights_sitenote_note":"","_monsterinsights_sitenote_category":0},"categories":[7],"tags":[],"aioseo_notices":[],"gutentor_comment":0,"rttpg_featured_image_url":{"full":["https:\/\/arantv.az\/wp-content\/uploads\/2019\/01\/721693.jpg",800,600,false],"landscape":["https:\/\/arantv.az\/wp-content\/uploads\/2019\/01\/721693.jpg",800,600,false],"portraits":["https:\/\/arantv.az\/wp-content\/uploads\/2019\/01\/721693.jpg",800,600,false],"thumbnail":["https:\/\/arantv.az\/wp-content\/uploads\/2019\/01\/721693-150x150.jpg",150,150,true],"medium":["https:\/\/arantv.az\/wp-content\/uploads\/2019\/01\/721693-300x225.jpg",300,225,true],"large":["https:\/\/arantv.az\/wp-content\/uploads\/2019\/01\/721693.jpg",640,480,false],"1536x1536":["https:\/\/arantv.az\/wp-content\/uploads\/2019\/01\/721693.jpg",800,600,false],"2048x2048":["https:\/\/arantv.az\/wp-content\/uploads\/2019\/01\/721693.jpg",800,600,false],"post-thumbnail":["https:\/\/arantv.az\/wp-content\/uploads\/2019\/01\/721693-240x172.jpg",240,172,true],"advps-thumb-one":["https:\/\/arantv.az\/wp-content\/uploads\/2019\/01\/721693.jpg",800,600,false]},"rttpg_author":{"display_name":"V\u00fcsal Rafiqo\u011flu","author_link":"https:\/\/arantv.az\/?author=2"},"rttpg_comment":0,"rttpg_category":"<a href=\"https:\/\/arantv.az\/?cat=7\" rel=\"category\">D\u00fcnya<\/a>","rttpg_excerpt":"Art\u0131q bir h\u0259ft\u0259dir ki, \u0130stanbul akvatoriyas\u0131nda d\u0259niz reysl\u0259ri t\u0259xir\u0259 sal\u0131n\u0131r. ARANTV.AZ trend-\u0259 istinad\u0259n x\u0259b\u0259r verir ki, reysl\u0259rin t\u0259xir\u0259 sal\u0131nmas\u0131 bar\u0259d\u0259 T\u00fcrkiy\u0259n\u0131n D\u0259niz n\u0259qliyyat\u0131n\u0131n idar\u0259 edilm\u0259si \u00fczr\u0259 t\u0259\u015fkilat\u0131ndan bildiribl\u0259r. G\u00fccl\u00fc qar v\u0259 k\u00fcl\u0259k s\u0259b\u0259bind\u0259n Bursada da d\u0259niz reysl\u0259rinin dayand\u0131r\u0131ld\u0131\u011f\u0131 bildirilir. T\u00fcrkiy\u0259nin vilay\u0259tl\u0259rind\u0259 qar qat\u0131n\u0131n h\u00fcnd\u00fcrl\u00fcy\u00fc yar\u0131m metr\u0259 \u00e7at\u0131r. Sonuncu d\u0259f\u0259 reysl\u0259r yanvar\u0131n 10-da t\u0259xir\u0259 sal\u0131n\u0131b.","_links":{"self":[{"href":"https:\/\/arantv.az\/index.php?rest_route=\/wp\/v2\/posts\/32648"}],"collection":[{"href":"https:\/\/arantv.az\/index.php?rest_route=\/wp\/v2\/posts"}],"about":[{"href":"https:\/\/arantv.az\/index.php?rest_route=\/wp\/v2\/types\/post"}],"author":[{"embeddable":true,"href":"https:\/\/arantv.az\/index.php?rest_route=\/wp\/v2\/users\/2"}],"replies":[{"embeddable":true,"href":"https:\/\/arantv.az\/index.php?rest_route=%2Fwp%2Fv2%2Fcomments&post=32648"}],"version-history":[{"count":0,"href":"https:\/\/arantv.az\/index.php?rest_route=\/wp\/v2\/posts\/32648\/revisions"}],"wp:featuredmedia":[{"embeddable":true,"href":"https:\/\/arantv.az\/index.php?rest_route=\/wp\/v2\/media\/32649"}],"wp:attachment":[{"href":"https:\/\/arantv.az\/index.php?rest_route=%2Fwp%2Fv2%2Fmedia&parent=32648"}],"wp:term":[{"taxonomy":"category","embeddable":true,"href":"https:\/\/arantv.az\/index.php?rest_route=%2Fwp%2Fv2%2Fcategories&post=32648"},{"taxonomy":"post_tag","embeddable":true,"href":"https:\/\/arantv.az\/index.php?rest_route=%2Fwp%2Fv2%2Ftags&post=32648"}],"curies":[{"name":"wp","href":"https:\/\/api.w.org\/{rel}","templated":true}]}}