{"id":32651,"date":"2019-01-16T09:57:35","date_gmt":"2019-01-16T06:57:35","guid":{"rendered":"http:\/\/arantv.az\/?p=32651"},"modified":"2019-01-16T09:57:35","modified_gmt":"2019-01-16T06:57:35","slug":"alisanov-v%c9%99zif%c9%99sind%c9%99n-g%c9%99r%c9%99k-coxdan-azad-olunardi-qulu-m%c9%99h%c9%99rr%c9%99mli","status":"publish","type":"post","link":"https:\/\/arantv.az\/?p=32651","title":{"rendered":"&#8220;Al\u0131\u015fanov v\u0259zif\u0259sind\u0259n g\u0259r\u0259k \u00e7oxdan azad olunard\u0131&#8221; &#8211; Qulu M\u0259h\u0259rr\u0259mli"},"content":{"rendered":"<p>Tan\u0131nm\u0131\u015f telejurnalist Qulu M\u0259hh\u0259rmli AzTV-nin r\u0259hb\u0259ri Arif Al\u0131\u015fanovun v\u0259zif\u0259sind\u0259n azad olunmas\u0131na m\u00fcnasib\u0259t bildirib.<\/p>\n<p><b>ARANTV.AZ\u00a0<\/b>\u00a0x\u0259b\u0259r verir ki, o, qafqazinfo-ya a\u00e7\u0131qlamas\u0131nda Al\u0131\u015fanovu Az\u0259rbaycan televiziya tarixinin \u0259n u\u011fursuz kadrlar\u0131ndan biri adland\u0131r\u0131b:<\/p>\n<div id=\"AdributorNativeVideo0\" class=\"AdributorNativeVideo\"><\/div>\n<p>&#8220;Arif Al\u0131\u015fanov v\u0259zif\u0259sind\u0259n g\u0259r\u0259k \u00e7oxdan azad olunard\u0131. Hesab edir\u0259m ki, bir az gecikmi\u015f, amma \u00e7ox d\u00fczg\u00fcn q\u0259rard\u0131r. Al\u0131\u015fanov Az\u0259rbaycan televiziyas\u0131n\u0131 min ar\u015f\u0131nl\u0131q quyunun dibin\u0259 sald\u0131, onu \u00f6z f\u0259aliyy\u0259t s\u0259viyy\u0259sin\u0259 endirdi. Televiziyan\u0131n \u0259n\u0259n\u0259l\u0259rini davam etdir\u0259 bilm\u0259di. H\u0259m d\u0259 onun ad\u0131 dig\u0259r korrupsiya faktlar\u0131nda, maliyy\u0259ni d\u00fczg\u00fcn x\u0259rcl\u0259m\u0259m\u0259kl\u0259 ba\u011fl\u0131 m\u0259s\u0259l\u0259l\u0259rd\u0259 halland\u0131. Hesab edir\u0259m ki, Al\u0131\u015fanov televiziya tarixind\u0259 \u0259n u\u011fursuz kadrlardan biri idi. Prezident \u00e7ox m\u00fcdrik add\u0131m at\u0131b\u201d.<br \/>\n<ins><\/ins><\/p>\n<div id=\"beacon_a7659c413e\"><img loading=\"lazy\" src=\"https:\/\/ads2.newmedia.az\/www\/delivery\/lg.php?bannerid=0&amp;campaignid=0&amp;zoneid=975&amp;loc=https%3A%2F%2Fbig.az%2F341096-alisanov_vezifesinden_gerek_coxdan_azad_olunardi_-_qulu_meherremli.html&amp;referer=https%3A%2F%2Fbig.az%2F&amp;cb=a7659c413e\" alt=\"\" width=\"0\" height=\"0\" \/><\/div>\n<p>Q.M\u0259h\u0259rr\u0259mli &#8220;Al\u0131\u015fanovun v\u0259zif\u0259sind\u0259n uzaqla\u015fd\u0131r\u0131lmas\u0131nda ad\u0131n\u0131n halland\u0131\u011f\u0131 m\u0259hk\u0259m\u0259l\u0259rin d\u0259 t\u0259siri ola bil\u0259rmi\u201d sual\u0131na bel\u0259 cavab verib:<\/p>\n<p>&#8220;Bu q\u0259rara \u00e7ox \u015feyl\u0259rin t\u0259siri ola bil\u0259r. H\u0259r halda he\u00e7 kim g\u00fcman el\u0259m\u0259sin ki, onun t\u00f6r\u0259tdiyi \u0259m\u0259ll\u0259rd\u0259n c\u0259miyy\u0259tin v\u0259 yaxud y\u00fcks\u0259k dair\u0259l\u0259rin x\u0259b\u0259ri yoxdur. G\u00f6r\u00fcn\u00fcr, h\u0259r \u015feyd\u0259n m\u0259lumatl\u0131d\u0131rlar v\u0259 onlar\u0131n \u0259sas\u0131nda q\u0259rar q\u0259bul olunub\u201d.<\/p>\n<p>&nbsp;<\/p>\n","protected":false},"excerpt":{"rendered":"<p>Tan\u0131nm\u0131\u015f telejurnalist Qulu M\u0259hh\u0259rmli AzTV-nin r\u0259hb\u0259ri Arif Al\u0131\u015fanovun v\u0259zif\u0259sind\u0259n azad olunmas\u0131na m\u00fcnasib\u0259t bildirib. ARANTV.AZ\u00a0\u00a0x\u0259b\u0259r verir ki, o, qafqazinfo-ya a\u00e7\u0131qlamas\u0131nda Al\u0131\u015fanovu Az\u0259rbaycan televiziya tarixinin \u0259n u\u011fursuz kadrlar\u0131ndan biri adland\u0131r\u0131b: &#8220;Arif Al\u0131\u015fanov v\u0259zif\u0259sind\u0259n g\u0259r\u0259k \u00e7oxdan azad olunard\u0131. Hesab edir\u0259m ki, bir az gecikmi\u015f, amma \u00e7ox d\u00fczg\u00fcn q\u0259rard\u0131r. Al\u0131\u015fanov Az\u0259rbaycan televiziyas\u0131n\u0131 min ar\u015f\u0131nl\u0131q quyunun dibin\u0259 sald\u0131, onu \u00f6z f\u0259aliyy\u0259t s\u0259viyy\u0259sin\u0259 endirdi. Televiziyan\u0131n \u0259n\u0259n\u0259l\u0259rini davam etdir\u0259 bilm\u0259di. H\u0259m d\u0259 onun ad\u0131 dig\u0259r korrupsiya faktlar\u0131nda, maliyy\u0259ni d\u00fczg\u00fcn x\u0259rcl\u0259m\u0259m\u0259kl\u0259 ba\u011fl\u0131 m\u0259s\u0259l\u0259l\u0259rd\u0259 halland\u0131. Hesab edir\u0259m ki, Al\u0131\u015fanov televiziya tarixind\u0259 \u0259n u\u011fursuz kadrlardan biri idi. Prezident \u00e7ox m\u00fcdrik&hellip;<\/p>\n","protected":false},"author":2,"featured_media":32652,"comment_status":"closed","ping_status":"closed","sticky":false,"template":"","format":"standard","meta":{"om_disable_all_campaigns":false,"_monsterinsights_skip_tracking":false,"_monsterinsights_sitenote_active":false,"_monsterinsights_sitenote_note":"","_monsterinsights_sitenote_category":0},"categories":[1],"tags":[],"aioseo_notices":[],"gutentor_comment":0,"rttpg_featured_image_url":{"full":["https:\/\/arantv.az\/wp-content\/uploads\/2019\/01\/1547615789_aztv.jpg",637,400,false],"landscape":["https:\/\/arantv.az\/wp-content\/uploads\/2019\/01\/1547615789_aztv.jpg",637,400,false],"portraits":["https:\/\/arantv.az\/wp-content\/uploads\/2019\/01\/1547615789_aztv.jpg",637,400,false],"thumbnail":["https:\/\/arantv.az\/wp-content\/uploads\/2019\/01\/1547615789_aztv-150x150.jpg",150,150,true],"medium":["https:\/\/arantv.az\/wp-content\/uploads\/2019\/01\/1547615789_aztv-300x188.jpg",300,188,true],"large":["https:\/\/arantv.az\/wp-content\/uploads\/2019\/01\/1547615789_aztv.jpg",637,400,false],"1536x1536":["https:\/\/arantv.az\/wp-content\/uploads\/2019\/01\/1547615789_aztv.jpg",637,400,false],"2048x2048":["https:\/\/arantv.az\/wp-content\/uploads\/2019\/01\/1547615789_aztv.jpg",637,400,false],"post-thumbnail":["https:\/\/arantv.az\/wp-content\/uploads\/2019\/01\/1547615789_aztv-240x172.jpg",240,172,true],"advps-thumb-one":["https:\/\/arantv.az\/wp-content\/uploads\/2019\/01\/1547615789_aztv.jpg",637,400,false]},"rttpg_author":{"display_name":"V\u00fcsal Rafiqo\u011flu","author_link":"https:\/\/arantv.az\/?author=2"},"rttpg_comment":0,"rttpg_category":"<a href=\"https:\/\/arantv.az\/?cat=1\" rel=\"category\">C\u0259miyy\u0259t<\/a>","rttpg_excerpt":"Tan\u0131nm\u0131\u015f telejurnalist Qulu M\u0259hh\u0259rmli AzTV-nin r\u0259hb\u0259ri Arif Al\u0131\u015fanovun v\u0259zif\u0259sind\u0259n azad olunmas\u0131na m\u00fcnasib\u0259t bildirib. ARANTV.AZ\u00a0\u00a0x\u0259b\u0259r verir ki, o, qafqazinfo-ya a\u00e7\u0131qlamas\u0131nda Al\u0131\u015fanovu Az\u0259rbaycan televiziya tarixinin \u0259n u\u011fursuz kadrlar\u0131ndan biri adland\u0131r\u0131b: &#8220;Arif Al\u0131\u015fanov v\u0259zif\u0259sind\u0259n g\u0259r\u0259k \u00e7oxdan azad olunard\u0131. Hesab edir\u0259m ki, bir az gecikmi\u015f, amma \u00e7ox d\u00fczg\u00fcn q\u0259rard\u0131r. Al\u0131\u015fanov Az\u0259rbaycan televiziyas\u0131n\u0131 min ar\u015f\u0131nl\u0131q quyunun dibin\u0259 sald\u0131, onu \u00f6z&hellip;","_links":{"self":[{"href":"https:\/\/arantv.az\/index.php?rest_route=\/wp\/v2\/posts\/32651"}],"collection":[{"href":"https:\/\/arantv.az\/index.php?rest_route=\/wp\/v2\/posts"}],"about":[{"href":"https:\/\/arantv.az\/index.php?rest_route=\/wp\/v2\/types\/post"}],"author":[{"embeddable":true,"href":"https:\/\/arantv.az\/index.php?rest_route=\/wp\/v2\/users\/2"}],"replies":[{"embeddable":true,"href":"https:\/\/arantv.az\/index.php?rest_route=%2Fwp%2Fv2%2Fcomments&post=32651"}],"version-history":[{"count":0,"href":"https:\/\/arantv.az\/index.php?rest_route=\/wp\/v2\/posts\/32651\/revisions"}],"wp:featuredmedia":[{"embeddable":true,"href":"https:\/\/arantv.az\/index.php?rest_route=\/wp\/v2\/media\/32652"}],"wp:attachment":[{"href":"https:\/\/arantv.az\/index.php?rest_route=%2Fwp%2Fv2%2Fmedia&parent=32651"}],"wp:term":[{"taxonomy":"category","embeddable":true,"href":"https:\/\/arantv.az\/index.php?rest_route=%2Fwp%2Fv2%2Fcategories&post=32651"},{"taxonomy":"post_tag","embeddable":true,"href":"https:\/\/arantv.az\/index.php?rest_route=%2Fwp%2Fv2%2Ftags&post=32651"}],"curies":[{"name":"wp","href":"https:\/\/api.w.org\/{rel}","templated":true}]}}