{"id":32657,"date":"2019-01-16T10:00:00","date_gmt":"2019-01-16T07:00:00","guid":{"rendered":"http:\/\/arantv.az\/?p=32657"},"modified":"2019-01-16T10:00:00","modified_gmt":"2019-01-16T07:00:00","slug":"iran-silahli-quvv%c9%99l%c9%99rinin-bas-q%c9%99rargah-r%c9%99isi-az%c9%99rbaycandadir","status":"publish","type":"post","link":"https:\/\/arantv.az\/?p=32657","title":{"rendered":"\u0130ran Silahl\u0131 Q\u00fcvv\u0259l\u0259rinin Ba\u015f Q\u0259rargah r\u0259isi Az\u0259rbaycandad\u0131r"},"content":{"rendered":"<p>\u0130ran Silahl\u0131 Q\u00fcvv\u0259l\u0259rinin Ba\u015f Q\u0259rargah r\u0259isi, general-leytenant\u00a0<strong>M\u0259h\u0259mm\u0259d H\u00fcseyn Baqeri<\/strong>\u00a0Az\u0259rbaycanda s\u0259f\u0259rd\u0259dir.<\/p>\n<p><b>ARANTV.AZ<\/b>-\u0131n m\u0259lumat\u0131na g\u00f6r\u0259, M\u0259h\u0259mm\u0259d H\u00fcseyn Baqeri Az\u0259rbaycan\u0131n m\u00fcdafi\u0259 naziri, general-polkovnik\u00a0<strong>Zakir H\u0259s\u0259nov<\/strong>la g\u00f6r\u00fc\u015f\u0259r\u0259k.<\/p>\n<p>G\u00f6r\u00fc\u015f zaman\u0131\u00a0h\u0259rbi v\u0259 h\u0259rbi-texniki \u0259m\u0259kda\u015fl\u0131\u011f\u0131n inki\u015faf\u0131, terror\u00e7ulu\u011fa qar\u015f\u0131 m\u00fcbariz\u0259 v\u0259 regional \u0259m\u0259kda\u015fl\u0131q m\u0259s\u0259l\u0259l\u0259ri m\u00fczakir\u0259 olunacaq.<\/p>\n<div id=\"AdributorNativeVideo0\" class=\"AdributorNativeVideo\"><\/div>\n<p>Qona\u011f\u0131n \u015f\u0259r\u0259fin\u0259 yanvar\u0131n 17-d\u0259 ziyaf\u0259t t\u0259\u015fkil edil\u0259c\u0259k.<\/p>\n<p>oxu.az<\/p>\n","protected":false},"excerpt":{"rendered":"<p>\u0130ran Silahl\u0131 Q\u00fcvv\u0259l\u0259rinin Ba\u015f Q\u0259rargah r\u0259isi, general-leytenant\u00a0M\u0259h\u0259mm\u0259d H\u00fcseyn Baqeri\u00a0Az\u0259rbaycanda s\u0259f\u0259rd\u0259dir. ARANTV.AZ-\u0131n m\u0259lumat\u0131na g\u00f6r\u0259, M\u0259h\u0259mm\u0259d H\u00fcseyn Baqeri Az\u0259rbaycan\u0131n m\u00fcdafi\u0259 naziri, general-polkovnik\u00a0Zakir H\u0259s\u0259novla g\u00f6r\u00fc\u015f\u0259r\u0259k. G\u00f6r\u00fc\u015f zaman\u0131\u00a0h\u0259rbi v\u0259 h\u0259rbi-texniki \u0259m\u0259kda\u015fl\u0131\u011f\u0131n inki\u015faf\u0131, terror\u00e7ulu\u011fa qar\u015f\u0131 m\u00fcbariz\u0259 v\u0259 regional \u0259m\u0259kda\u015fl\u0131q m\u0259s\u0259l\u0259l\u0259ri m\u00fczakir\u0259 olunacaq. Qona\u011f\u0131n \u015f\u0259r\u0259fin\u0259 yanvar\u0131n 17-d\u0259 ziyaf\u0259t t\u0259\u015fkil edil\u0259c\u0259k. oxu.az<\/p>\n","protected":false},"author":2,"featured_media":32658,"comment_status":"closed","ping_status":"closed","sticky":false,"template":"","format":"standard","meta":{"om_disable_all_campaigns":false,"_monsterinsights_skip_tracking":false,"_monsterinsights_sitenote_active":false,"_monsterinsights_sitenote_note":"","_monsterinsights_sitenote_category":0},"categories":[4],"tags":[],"aioseo_notices":[],"gutentor_comment":0,"rttpg_featured_image_url":{"full":["https:\/\/arantv.az\/wp-content\/uploads\/2019\/01\/63331-1540812891.jpg",620,413,false],"landscape":["https:\/\/arantv.az\/wp-content\/uploads\/2019\/01\/63331-1540812891.jpg",620,413,false],"portraits":["https:\/\/arantv.az\/wp-content\/uploads\/2019\/01\/63331-1540812891.jpg",620,413,false],"thumbnail":["https:\/\/arantv.az\/wp-content\/uploads\/2019\/01\/63331-1540812891-150x150.jpg",150,150,true],"medium":["https:\/\/arantv.az\/wp-content\/uploads\/2019\/01\/63331-1540812891-300x200.jpg",300,200,true],"large":["https:\/\/arantv.az\/wp-content\/uploads\/2019\/01\/63331-1540812891.jpg",620,413,false],"1536x1536":["https:\/\/arantv.az\/wp-content\/uploads\/2019\/01\/63331-1540812891.jpg",620,413,false],"2048x2048":["https:\/\/arantv.az\/wp-content\/uploads\/2019\/01\/63331-1540812891.jpg",620,413,false],"post-thumbnail":["https:\/\/arantv.az\/wp-content\/uploads\/2019\/01\/63331-1540812891-240x172.jpg",240,172,true],"advps-thumb-one":["https:\/\/arantv.az\/wp-content\/uploads\/2019\/01\/63331-1540812891.jpg",620,413,false]},"rttpg_author":{"display_name":"V\u00fcsal Rafiqo\u011flu","author_link":"https:\/\/arantv.az\/?author=2"},"rttpg_comment":0,"rttpg_category":"<a href=\"https:\/\/arantv.az\/?cat=4\" rel=\"category\">Siyas\u0259t<\/a>","rttpg_excerpt":"\u0130ran Silahl\u0131 Q\u00fcvv\u0259l\u0259rinin Ba\u015f Q\u0259rargah r\u0259isi, general-leytenant\u00a0M\u0259h\u0259mm\u0259d H\u00fcseyn Baqeri\u00a0Az\u0259rbaycanda s\u0259f\u0259rd\u0259dir. ARANTV.AZ-\u0131n m\u0259lumat\u0131na g\u00f6r\u0259, M\u0259h\u0259mm\u0259d H\u00fcseyn Baqeri Az\u0259rbaycan\u0131n m\u00fcdafi\u0259 naziri, general-polkovnik\u00a0Zakir H\u0259s\u0259novla g\u00f6r\u00fc\u015f\u0259r\u0259k. G\u00f6r\u00fc\u015f zaman\u0131\u00a0h\u0259rbi v\u0259 h\u0259rbi-texniki \u0259m\u0259kda\u015fl\u0131\u011f\u0131n inki\u015faf\u0131, terror\u00e7ulu\u011fa qar\u015f\u0131 m\u00fcbariz\u0259 v\u0259 regional \u0259m\u0259kda\u015fl\u0131q m\u0259s\u0259l\u0259l\u0259ri m\u00fczakir\u0259 olunacaq. Qona\u011f\u0131n \u015f\u0259r\u0259fin\u0259 yanvar\u0131n 17-d\u0259 ziyaf\u0259t t\u0259\u015fkil edil\u0259c\u0259k. oxu.az","_links":{"self":[{"href":"https:\/\/arantv.az\/index.php?rest_route=\/wp\/v2\/posts\/32657"}],"collection":[{"href":"https:\/\/arantv.az\/index.php?rest_route=\/wp\/v2\/posts"}],"about":[{"href":"https:\/\/arantv.az\/index.php?rest_route=\/wp\/v2\/types\/post"}],"author":[{"embeddable":true,"href":"https:\/\/arantv.az\/index.php?rest_route=\/wp\/v2\/users\/2"}],"replies":[{"embeddable":true,"href":"https:\/\/arantv.az\/index.php?rest_route=%2Fwp%2Fv2%2Fcomments&post=32657"}],"version-history":[{"count":0,"href":"https:\/\/arantv.az\/index.php?rest_route=\/wp\/v2\/posts\/32657\/revisions"}],"wp:featuredmedia":[{"embeddable":true,"href":"https:\/\/arantv.az\/index.php?rest_route=\/wp\/v2\/media\/32658"}],"wp:attachment":[{"href":"https:\/\/arantv.az\/index.php?rest_route=%2Fwp%2Fv2%2Fmedia&parent=32657"}],"wp:term":[{"taxonomy":"category","embeddable":true,"href":"https:\/\/arantv.az\/index.php?rest_route=%2Fwp%2Fv2%2Fcategories&post=32657"},{"taxonomy":"post_tag","embeddable":true,"href":"https:\/\/arantv.az\/index.php?rest_route=%2Fwp%2Fv2%2Ftags&post=32657"}],"curies":[{"name":"wp","href":"https:\/\/api.w.org\/{rel}","templated":true}]}}