{"id":32660,"date":"2019-01-16T10:01:09","date_gmt":"2019-01-16T07:01:09","guid":{"rendered":"http:\/\/arantv.az\/?p=32660"},"modified":"2019-01-16T10:01:09","modified_gmt":"2019-01-16T07:01:09","slug":"prezident-ilham-%c9%99liyev-sumqayitda-socar-karbamid-zavodunun-acilisinda-istirak-edib","status":"publish","type":"post","link":"https:\/\/arantv.az\/?p=32660","title":{"rendered":"Prezident \u0130lham \u018fliyev Sumqay\u0131tda \u201cSOCAR karbamid\u201d zavodunun a\u00e7\u0131l\u0131\u015f\u0131nda i\u015ftirak edib"},"content":{"rendered":"<p><strong>Yanvar\u0131n 16-da Sumqay\u0131t Kimya S\u0259naye Park\u0131n\u0131n \u0259razisind\u0259 in\u015fa olunmu\u015f &#8220;SOCAR karbamid&#8221; zavodu istifad\u0259y\u0259 verilib.<\/strong><\/p>\n<p><strong>ARANTV.AZ<\/strong> az\u0259rtac-a\u00a0x\u0259b\u0259r verir ki, Az\u0259rbaycan Respublikas\u0131n\u0131n Prezidenti \u0130lham \u018fliyev t\u0259dbird\u0259 i\u015ftirak edib.<\/p>\n<p>SOCAR-\u0131n prezidenti R\u00f6vn\u0259q Abdullayev m\u00fc\u0259ssis\u0259d\u0259 g\u00f6r\u00fcl\u0259n i\u015fl\u0259rl\u0259 ba\u011fl\u0131 d\u00f6vl\u0259timizin ba\u015f\u00e7\u0131s\u0131na m\u0259lumat verdi.<\/p>\n<p>Prezident \u0130lham \u018fliyev zavodu i\u015f\u0259 sald\u0131.<\/p>\n<p>D\u00f6vl\u0259timizin ba\u015f\u00e7\u0131s\u0131 m\u00fc\u0259ssis\u0259nin kollektivi il\u0259 g\u00f6r\u00fc\u015fd\u00fc.<\/p>\n<p>Sonda xatir\u0259 \u015f\u0259kli \u00e7\u0259kdirildi.<\/p>\n","protected":false},"excerpt":{"rendered":"<p>Yanvar\u0131n 16-da Sumqay\u0131t Kimya S\u0259naye Park\u0131n\u0131n \u0259razisind\u0259 in\u015fa olunmu\u015f &#8220;SOCAR karbamid&#8221; zavodu istifad\u0259y\u0259 verilib. ARANTV.AZ az\u0259rtac-a\u00a0x\u0259b\u0259r verir ki, Az\u0259rbaycan Respublikas\u0131n\u0131n Prezidenti \u0130lham \u018fliyev t\u0259dbird\u0259 i\u015ftirak edib. SOCAR-\u0131n prezidenti R\u00f6vn\u0259q Abdullayev m\u00fc\u0259ssis\u0259d\u0259 g\u00f6r\u00fcl\u0259n i\u015fl\u0259rl\u0259 ba\u011fl\u0131 d\u00f6vl\u0259timizin ba\u015f\u00e7\u0131s\u0131na m\u0259lumat verdi. Prezident \u0130lham \u018fliyev zavodu i\u015f\u0259 sald\u0131. D\u00f6vl\u0259timizin ba\u015f\u00e7\u0131s\u0131 m\u00fc\u0259ssis\u0259nin kollektivi il\u0259 g\u00f6r\u00fc\u015fd\u00fc. Sonda xatir\u0259 \u015f\u0259kli \u00e7\u0259kdirildi.<\/p>\n","protected":false},"author":2,"featured_media":32661,"comment_status":"closed","ping_status":"closed","sticky":false,"template":"","format":"standard","meta":{"om_disable_all_campaigns":false,"_monsterinsights_skip_tracking":false,"_monsterinsights_sitenote_active":false,"_monsterinsights_sitenote_note":"","_monsterinsights_sitenote_category":0},"categories":[8],"tags":[],"aioseo_notices":[],"gutentor_comment":0,"rttpg_featured_image_url":{"full":["https:\/\/arantv.az\/wp-content\/uploads\/2019\/01\/2018_ilham_aliyev_05-3.jpg",1200,900,false],"landscape":["https:\/\/arantv.az\/wp-content\/uploads\/2019\/01\/2018_ilham_aliyev_05-3.jpg",1200,900,false],"portraits":["https:\/\/arantv.az\/wp-content\/uploads\/2019\/01\/2018_ilham_aliyev_05-3.jpg",1200,900,false],"thumbnail":["https:\/\/arantv.az\/wp-content\/uploads\/2019\/01\/2018_ilham_aliyev_05-3-150x150.jpg",150,150,true],"medium":["https:\/\/arantv.az\/wp-content\/uploads\/2019\/01\/2018_ilham_aliyev_05-3-300x225.jpg",300,225,true],"large":["https:\/\/arantv.az\/wp-content\/uploads\/2019\/01\/2018_ilham_aliyev_05-3-1024x768.jpg",640,480,true],"1536x1536":["https:\/\/arantv.az\/wp-content\/uploads\/2019\/01\/2018_ilham_aliyev_05-3.jpg",1200,900,false],"2048x2048":["https:\/\/arantv.az\/wp-content\/uploads\/2019\/01\/2018_ilham_aliyev_05-3.jpg",1200,900,false],"post-thumbnail":["https:\/\/arantv.az\/wp-content\/uploads\/2019\/01\/2018_ilham_aliyev_05-3-240x172.jpg",240,172,true],"advps-thumb-one":["https:\/\/arantv.az\/wp-content\/uploads\/2019\/01\/2018_ilham_aliyev_05-3-1200x620.jpg",1200,620,true]},"rttpg_author":{"display_name":"V\u00fcsal Rafiqo\u011flu","author_link":"https:\/\/arantv.az\/?author=2"},"rttpg_comment":0,"rttpg_category":"<a href=\"https:\/\/arantv.az\/?cat=8\" rel=\"category\">\u018fsas s\u0259hif\u0259<\/a>","rttpg_excerpt":"Yanvar\u0131n 16-da Sumqay\u0131t Kimya S\u0259naye Park\u0131n\u0131n \u0259razisind\u0259 in\u015fa olunmu\u015f &#8220;SOCAR karbamid&#8221; zavodu istifad\u0259y\u0259 verilib. ARANTV.AZ az\u0259rtac-a\u00a0x\u0259b\u0259r verir ki, Az\u0259rbaycan Respublikas\u0131n\u0131n Prezidenti \u0130lham \u018fliyev t\u0259dbird\u0259 i\u015ftirak edib. SOCAR-\u0131n prezidenti R\u00f6vn\u0259q Abdullayev m\u00fc\u0259ssis\u0259d\u0259 g\u00f6r\u00fcl\u0259n i\u015fl\u0259rl\u0259 ba\u011fl\u0131 d\u00f6vl\u0259timizin ba\u015f\u00e7\u0131s\u0131na m\u0259lumat verdi. Prezident \u0130lham \u018fliyev zavodu i\u015f\u0259 sald\u0131. D\u00f6vl\u0259timizin ba\u015f\u00e7\u0131s\u0131 m\u00fc\u0259ssis\u0259nin kollektivi il\u0259 g\u00f6r\u00fc\u015fd\u00fc. Sonda xatir\u0259 \u015f\u0259kli \u00e7\u0259kdirildi.","_links":{"self":[{"href":"https:\/\/arantv.az\/index.php?rest_route=\/wp\/v2\/posts\/32660"}],"collection":[{"href":"https:\/\/arantv.az\/index.php?rest_route=\/wp\/v2\/posts"}],"about":[{"href":"https:\/\/arantv.az\/index.php?rest_route=\/wp\/v2\/types\/post"}],"author":[{"embeddable":true,"href":"https:\/\/arantv.az\/index.php?rest_route=\/wp\/v2\/users\/2"}],"replies":[{"embeddable":true,"href":"https:\/\/arantv.az\/index.php?rest_route=%2Fwp%2Fv2%2Fcomments&post=32660"}],"version-history":[{"count":0,"href":"https:\/\/arantv.az\/index.php?rest_route=\/wp\/v2\/posts\/32660\/revisions"}],"wp:featuredmedia":[{"embeddable":true,"href":"https:\/\/arantv.az\/index.php?rest_route=\/wp\/v2\/media\/32661"}],"wp:attachment":[{"href":"https:\/\/arantv.az\/index.php?rest_route=%2Fwp%2Fv2%2Fmedia&parent=32660"}],"wp:term":[{"taxonomy":"category","embeddable":true,"href":"https:\/\/arantv.az\/index.php?rest_route=%2Fwp%2Fv2%2Fcategories&post=32660"},{"taxonomy":"post_tag","embeddable":true,"href":"https:\/\/arantv.az\/index.php?rest_route=%2Fwp%2Fv2%2Ftags&post=32660"}],"curies":[{"name":"wp","href":"https:\/\/api.w.org\/{rel}","templated":true}]}}