{"id":32681,"date":"2019-01-16T10:26:16","date_gmt":"2019-01-16T07:26:16","guid":{"rendered":"http:\/\/arantv.az\/?p=32681"},"modified":"2019-01-16T10:26:16","modified_gmt":"2019-01-16T07:26:16","slug":"m%c9%99kt%c9%99blil%c9%99rin-qis-t%c9%99tili-baslayir-d%c9%99yisiklik-edilm%c9%99di","status":"publish","type":"post","link":"https:\/\/arantv.az\/?p=32681","title":{"rendered":"M\u0259kt\u0259blil\u0259rin q\u0131\u015f t\u0259tili ba\u015flay\u0131r: D\u0259yi\u015fiklik edilm\u0259di"},"content":{"rendered":"<p><strong>Yanvar\u0131n 27-d\u0259n m\u0259kt\u0259blil\u0259r \u00fc\u00e7\u00fcn q\u0131\u015f t\u0259tili ba\u015flay\u0131r.<\/strong><\/p>\n<p><strong>ARANTV.AZ<\/strong> x\u0259b\u0259r verir ki, Nazirl\u0259r Kabinetinin q\u0259rar\u0131na \u0259sas\u0259n, t\u0259til 5 g\u00fcn &#8211; 31 yanvar tarixin\u0259d\u0259k davam ed\u0259c\u0259k.<\/p>\n<p>Maraq do\u011furan m\u0259qam odur ki, 26-27 yanvar, h\u0259m\u00e7inin 2-3 fevral \u015f\u0259nb\u0259 v\u0259 bazar g\u00fcnl\u0259rin\u0259 t\u0259sad\u00fcf etdiyind\u0259n, \u015fagirdl\u0259r 6 g\u00fcn t\u0259tild\u0259n sonra bir g\u00fcn d\u0259rs\u0259 ged\u0259c\u0259k, bunun ard\u0131nca is\u0259 yenid\u0259n 2 g\u00fcn istirah\u0259t ed\u0259c\u0259kl\u0259r. Ad\u0259t\u0259n, pedaqoqlar \u015fagirdl\u0259rin yuxu sistemini n\u0259z\u0259r\u0259 alaraq, t\u0259til v\u0259 istirah\u0259t g\u00fcnl\u0259ri aras\u0131ndak\u0131 bir d\u0259rs g\u00fcn\u00fcn\u00fc \u0259v\u0259zl\u0259m\u0259yi daha m\u0259qbul say\u0131rlar v\u0259 sovet t\u0259hsil sistemind\u0259 bu, tez-tez t\u0259tbiq olunurdu. T\u0259tilin ba\u015fland\u0131\u011f\u0131 g\u00fcn\u00fcn (27 yanvar tarixinin) bazar g\u00fcn\u00fc il\u0259 \u00fcst-\u00fcst\u0259 d\u00fc\u015fm\u0259si d\u0259yi\u015fiklik \u00fc\u00e7\u00fcn f\u00fcrs\u0259t ver\u0259 bil\u0259rmi?<\/p>\n<p>Bununla ba\u011fl\u0131 suala ayd\u0131nl\u0131q g\u0259tir\u0259n T\u0259hsil Nazirliyinin m\u0259tbuat katibi C\u0259sar\u0259t Valehov deyib ki, qanunvericilikd\u0259 nec\u0259dirs\u0259, t\u0259til d\u0259 el\u0259 olacaq v\u0259 he\u00e7 bir d\u0259yi\u015fiklik n\u0259z\u0259rd\u0259 tutulmay\u0131b. Ba\u015fqa s\u00f6zl\u0259, \u015fagirdl\u0259r 1 fevral tarixind\u0259 d\u0259rsd\u0259 olmal\u0131d\u0131rlar.axar.az<\/p>\n","protected":false},"excerpt":{"rendered":"<p>Yanvar\u0131n 27-d\u0259n m\u0259kt\u0259blil\u0259r \u00fc\u00e7\u00fcn q\u0131\u015f t\u0259tili ba\u015flay\u0131r. ARANTV.AZ x\u0259b\u0259r verir ki, Nazirl\u0259r Kabinetinin q\u0259rar\u0131na \u0259sas\u0259n, t\u0259til 5 g\u00fcn &#8211; 31 yanvar tarixin\u0259d\u0259k davam ed\u0259c\u0259k. Maraq do\u011furan m\u0259qam odur ki, 26-27 yanvar, h\u0259m\u00e7inin 2-3 fevral \u015f\u0259nb\u0259 v\u0259 bazar g\u00fcnl\u0259rin\u0259 t\u0259sad\u00fcf etdiyind\u0259n, \u015fagirdl\u0259r 6 g\u00fcn t\u0259tild\u0259n sonra bir g\u00fcn d\u0259rs\u0259 ged\u0259c\u0259k, bunun ard\u0131nca is\u0259 yenid\u0259n 2 g\u00fcn istirah\u0259t ed\u0259c\u0259kl\u0259r. Ad\u0259t\u0259n, pedaqoqlar \u015fagirdl\u0259rin yuxu sistemini n\u0259z\u0259r\u0259 alaraq, t\u0259til v\u0259 istirah\u0259t g\u00fcnl\u0259ri aras\u0131ndak\u0131 bir d\u0259rs g\u00fcn\u00fcn\u00fc \u0259v\u0259zl\u0259m\u0259yi daha m\u0259qbul say\u0131rlar v\u0259 sovet t\u0259hsil sistemind\u0259 bu, tez-tez t\u0259tbiq olunurdu. T\u0259tilin ba\u015fland\u0131\u011f\u0131 g\u00fcn\u00fcn (27 yanvar tarixinin)&hellip;<\/p>\n","protected":false},"author":2,"featured_media":32682,"comment_status":"closed","ping_status":"closed","sticky":false,"template":"","format":"standard","meta":{"om_disable_all_campaigns":false,"_monsterinsights_skip_tracking":false,"_monsterinsights_sitenote_active":false,"_monsterinsights_sitenote_note":"","_monsterinsights_sitenote_category":0},"categories":[1],"tags":[],"aioseo_notices":[],"gutentor_comment":0,"rttpg_featured_image_url":{"full":["https:\/\/arantv.az\/wp-content\/uploads\/2019\/01\/mekteb_tetil.jpg",590,400,false],"landscape":["https:\/\/arantv.az\/wp-content\/uploads\/2019\/01\/mekteb_tetil.jpg",590,400,false],"portraits":["https:\/\/arantv.az\/wp-content\/uploads\/2019\/01\/mekteb_tetil.jpg",590,400,false],"thumbnail":["https:\/\/arantv.az\/wp-content\/uploads\/2019\/01\/mekteb_tetil-150x150.jpg",150,150,true],"medium":["https:\/\/arantv.az\/wp-content\/uploads\/2019\/01\/mekteb_tetil-300x203.jpg",300,203,true],"large":["https:\/\/arantv.az\/wp-content\/uploads\/2019\/01\/mekteb_tetil.jpg",590,400,false],"1536x1536":["https:\/\/arantv.az\/wp-content\/uploads\/2019\/01\/mekteb_tetil.jpg",590,400,false],"2048x2048":["https:\/\/arantv.az\/wp-content\/uploads\/2019\/01\/mekteb_tetil.jpg",590,400,false],"post-thumbnail":["https:\/\/arantv.az\/wp-content\/uploads\/2019\/01\/mekteb_tetil-240x172.jpg",240,172,true],"advps-thumb-one":["https:\/\/arantv.az\/wp-content\/uploads\/2019\/01\/mekteb_tetil.jpg",590,400,false]},"rttpg_author":{"display_name":"V\u00fcsal Rafiqo\u011flu","author_link":"https:\/\/arantv.az\/?author=2"},"rttpg_comment":0,"rttpg_category":"<a href=\"https:\/\/arantv.az\/?cat=1\" rel=\"category\">C\u0259miyy\u0259t<\/a>","rttpg_excerpt":"Yanvar\u0131n 27-d\u0259n m\u0259kt\u0259blil\u0259r \u00fc\u00e7\u00fcn q\u0131\u015f t\u0259tili ba\u015flay\u0131r. ARANTV.AZ x\u0259b\u0259r verir ki, Nazirl\u0259r Kabinetinin q\u0259rar\u0131na \u0259sas\u0259n, t\u0259til 5 g\u00fcn &#8211; 31 yanvar tarixin\u0259d\u0259k davam ed\u0259c\u0259k. Maraq do\u011furan m\u0259qam odur ki, 26-27 yanvar, h\u0259m\u00e7inin 2-3 fevral \u015f\u0259nb\u0259 v\u0259 bazar g\u00fcnl\u0259rin\u0259 t\u0259sad\u00fcf etdiyind\u0259n, \u015fagirdl\u0259r 6 g\u00fcn t\u0259tild\u0259n sonra bir g\u00fcn d\u0259rs\u0259 ged\u0259c\u0259k, bunun ard\u0131nca is\u0259 yenid\u0259n 2 g\u00fcn&hellip;","_links":{"self":[{"href":"https:\/\/arantv.az\/index.php?rest_route=\/wp\/v2\/posts\/32681"}],"collection":[{"href":"https:\/\/arantv.az\/index.php?rest_route=\/wp\/v2\/posts"}],"about":[{"href":"https:\/\/arantv.az\/index.php?rest_route=\/wp\/v2\/types\/post"}],"author":[{"embeddable":true,"href":"https:\/\/arantv.az\/index.php?rest_route=\/wp\/v2\/users\/2"}],"replies":[{"embeddable":true,"href":"https:\/\/arantv.az\/index.php?rest_route=%2Fwp%2Fv2%2Fcomments&post=32681"}],"version-history":[{"count":0,"href":"https:\/\/arantv.az\/index.php?rest_route=\/wp\/v2\/posts\/32681\/revisions"}],"wp:featuredmedia":[{"embeddable":true,"href":"https:\/\/arantv.az\/index.php?rest_route=\/wp\/v2\/media\/32682"}],"wp:attachment":[{"href":"https:\/\/arantv.az\/index.php?rest_route=%2Fwp%2Fv2%2Fmedia&parent=32681"}],"wp:term":[{"taxonomy":"category","embeddable":true,"href":"https:\/\/arantv.az\/index.php?rest_route=%2Fwp%2Fv2%2Fcategories&post=32681"},{"taxonomy":"post_tag","embeddable":true,"href":"https:\/\/arantv.az\/index.php?rest_route=%2Fwp%2Fv2%2Ftags&post=32681"}],"curies":[{"name":"wp","href":"https:\/\/api.w.org\/{rel}","templated":true}]}}