{"id":326850,"date":"2021-04-17T11:14:07","date_gmt":"2021-04-17T08:14:07","guid":{"rendered":"https:\/\/arantv.az\/?p=326850"},"modified":"2021-04-17T11:14:07","modified_gmt":"2021-04-17T08:14:07","slug":"bakida-qatar-vurmasi-n%c9%99tic%c9%99sind%c9%99-ol%c9%99n-g%c9%99ncl%c9%99-bagli-cinay%c9%99t-isi-acildi-r%c9%99smi","status":"publish","type":"post","link":"https:\/\/arantv.az\/?p=326850","title":{"rendered":"Bak\u0131da qatar vurmas\u0131 n\u0259tic\u0259sind\u0259 \u00f6l\u0259n g\u0259ncl\u0259 ba\u011fl\u0131 cinay\u0259t i\u015fi a\u00e7\u0131ld\u0131 &#8211; R\u018fSM\u0130"},"content":{"rendered":"<p>Aprelin 16-da saat 08:00 rad\u0259l\u0259rind\u0259 paytaxt\u0131n N\u0259rimanov rayonu \u0259razisind\u0259 1993-c\u00fc il t\u0259v\u0259ll\u00fcdl\u00fc \u018fl\u0259sg\u0259rov P\u0259rvin Nizami o\u011flunun qatar vurmas\u0131 n\u0259tic\u0259sind\u0259 ald\u0131\u011f\u0131 x\u0259sar\u0259tl\u0259rd\u0259n \u00f6lm\u0259si bar\u0259d\u0259 rayon prokurorlu\u011funa m\u0259lumat daxil olub.<\/p>\n<p>Bu bar\u0259d\u0259 Oxu.Az-a N\u0259rimanov rayon prokurorlu\u011fundan m\u0259lumat verilib.<\/p>\n<p>Bildirilib ki, prokurorluq \u0259m\u0259kda\u015flar\u0131 t\u0259r\u0259find\u0259n m\u0259hk\u0259m\u0259-tibb ekspertinin i\u015ftirak\u0131 il\u0259 hadis\u0259 yerin\u0259 v\u0259 meyit\u0259 bax\u0131\u015f ke\u00e7irilib, dig\u0259r prosessual h\u0259r\u0259k\u0259tl\u0259r yerin\u0259 yetirilib.<\/p>\n<p>Apar\u0131lm\u0131\u015f ara\u015fd\u0131rmalarla m\u00fc\u0259yy\u0259n edilib ki,\u00a0Bak\u0131 Lokomotiv Deposuna m\u0259xsus elektrik qatar\u0131 N\u0259rimanov rayonu \u0259razisind\u0259 d\u0259miryolu x\u0259ttini ke\u00e7m\u0259k ist\u0259y\u0259n piyada P\u0259rvin \u018fl\u0259sg\u0259rovu vurub, n\u0259tic\u0259d\u0259 sonuncu alm\u0131\u015f oldu\u011fu x\u0259sar\u0259tl\u0259rd\u0259n hadis\u0259 yerind\u0259 \u00f6l\u00fcb.<\/p>\n<p>Faktla ba\u011fl\u0131 N\u0259rimanov rayon prokurorlu\u011funda Cinay\u0259t M\u0259c\u0259ll\u0259sinin 262.2-ci (yerin\u0259 yetirdiyi i\u015fl\u0259 v\u0259 ya tutdu\u011fu v\u0259zif\u0259 il\u0259 \u0259laq\u0259dar d\u0259mir yolu, su v\u0259 ya hava n\u0259qliyyat\u0131n\u0131n h\u0259r\u0259k\u0259t t\u0259hl\u00fck\u0259sizliyi v\u0259 istismar\u0131 qaydalar\u0131na riay\u0259t etm\u0259y\u0259 borclu olan \u015f\u0259xs t\u0259r\u0259find\u0259n h\u0259min qaydalar\u0131n pozulmas\u0131, ehtiyats\u0131zl\u0131qdan z\u0259r\u0259r\u00e7\u0259kmi\u015f \u015f\u0259xsin s\u0259b\u0259b olduqda) madd\u0259si il\u0259 cinay\u0259t i\u015fi ba\u015flan\u0131b.<\/p>\n<p>Haz\u0131rda cinay\u0259t i\u015fi \u00fczr\u0259 z\u0259ruri istintaq t\u0259dbirl\u0259ri davam etdirilir.<\/p>\n","protected":false},"excerpt":{"rendered":"<p>Aprelin 16-da saat 08:00 rad\u0259l\u0259rind\u0259 paytaxt\u0131n N\u0259rimanov rayonu \u0259razisind\u0259 1993-c\u00fc il t\u0259v\u0259ll\u00fcdl\u00fc \u018fl\u0259sg\u0259rov P\u0259rvin Nizami o\u011flunun qatar vurmas\u0131 n\u0259tic\u0259sind\u0259 ald\u0131\u011f\u0131 x\u0259sar\u0259tl\u0259rd\u0259n \u00f6lm\u0259si bar\u0259d\u0259 rayon prokurorlu\u011funa m\u0259lumat daxil olub. Bu bar\u0259d\u0259 Oxu.Az-a N\u0259rimanov rayon prokurorlu\u011fundan m\u0259lumat verilib. Bildirilib ki, prokurorluq \u0259m\u0259kda\u015flar\u0131 t\u0259r\u0259find\u0259n m\u0259hk\u0259m\u0259-tibb ekspertinin i\u015ftirak\u0131 il\u0259 hadis\u0259 yerin\u0259 v\u0259 meyit\u0259 bax\u0131\u015f ke\u00e7irilib, dig\u0259r prosessual h\u0259r\u0259k\u0259tl\u0259r yerin\u0259 yetirilib. Apar\u0131lm\u0131\u015f ara\u015fd\u0131rmalarla m\u00fc\u0259yy\u0259n edilib ki,\u00a0Bak\u0131 Lokomotiv Deposuna m\u0259xsus elektrik qatar\u0131 N\u0259rimanov rayonu \u0259razisind\u0259 d\u0259miryolu x\u0259ttini ke\u00e7m\u0259k ist\u0259y\u0259n piyada P\u0259rvin \u018fl\u0259sg\u0259rovu vurub, n\u0259tic\u0259d\u0259 sonuncu alm\u0131\u015f oldu\u011fu x\u0259sar\u0259tl\u0259rd\u0259n hadis\u0259 yerind\u0259 \u00f6l\u00fcb. Faktla ba\u011fl\u0131 N\u0259rimanov rayon prokurorlu\u011funda&hellip;<\/p>\n","protected":false},"author":2,"featured_media":326851,"comment_status":"closed","ping_status":"closed","sticky":false,"template":"","format":"standard","meta":{"om_disable_all_campaigns":false,"_monsterinsights_skip_tracking":false,"_monsterinsights_sitenote_active":false,"_monsterinsights_sitenote_note":"","_monsterinsights_sitenote_category":0},"categories":[5],"tags":[],"aioseo_notices":[],"gutentor_comment":0,"rttpg_featured_image_url":{"full":["https:\/\/arantv.az\/wp-content\/uploads\/2021\/04\/einspurige-bahnlinie-im-morgennebel-harald-biebel-fotolia.com_.jpg",620,413,false],"landscape":["https:\/\/arantv.az\/wp-content\/uploads\/2021\/04\/einspurige-bahnlinie-im-morgennebel-harald-biebel-fotolia.com_.jpg",620,413,false],"portraits":["https:\/\/arantv.az\/wp-content\/uploads\/2021\/04\/einspurige-bahnlinie-im-morgennebel-harald-biebel-fotolia.com_.jpg",620,413,false],"thumbnail":["https:\/\/arantv.az\/wp-content\/uploads\/2021\/04\/einspurige-bahnlinie-im-morgennebel-harald-biebel-fotolia.com_-500x280.jpg",500,280,true],"medium":["https:\/\/arantv.az\/wp-content\/uploads\/2021\/04\/einspurige-bahnlinie-im-morgennebel-harald-biebel-fotolia.com_-548x365.jpg",548,365,true],"large":["https:\/\/arantv.az\/wp-content\/uploads\/2021\/04\/einspurige-bahnlinie-im-morgennebel-harald-biebel-fotolia.com_.jpg",620,413,false],"1536x1536":["https:\/\/arantv.az\/wp-content\/uploads\/2021\/04\/einspurige-bahnlinie-im-morgennebel-harald-biebel-fotolia.com_.jpg",620,413,false],"2048x2048":["https:\/\/arantv.az\/wp-content\/uploads\/2021\/04\/einspurige-bahnlinie-im-morgennebel-harald-biebel-fotolia.com_.jpg",620,413,false],"post-thumbnail":["https:\/\/arantv.az\/wp-content\/uploads\/2021\/04\/einspurige-bahnlinie-im-morgennebel-harald-biebel-fotolia.com_-240x172.jpg",240,172,true],"advps-thumb-one":["https:\/\/arantv.az\/wp-content\/uploads\/2021\/04\/einspurige-bahnlinie-im-morgennebel-harald-biebel-fotolia.com_.jpg",620,413,false]},"rttpg_author":{"display_name":"V\u00fcsal Rafiqo\u011flu","author_link":"https:\/\/arantv.az\/?author=2"},"rttpg_comment":0,"rttpg_category":"<a href=\"https:\/\/arantv.az\/?cat=5\" rel=\"category\">Hadis\u0259<\/a>","rttpg_excerpt":"Aprelin 16-da saat 08:00 rad\u0259l\u0259rind\u0259 paytaxt\u0131n N\u0259rimanov rayonu \u0259razisind\u0259 1993-c\u00fc il t\u0259v\u0259ll\u00fcdl\u00fc \u018fl\u0259sg\u0259rov P\u0259rvin Nizami o\u011flunun qatar vurmas\u0131 n\u0259tic\u0259sind\u0259 ald\u0131\u011f\u0131 x\u0259sar\u0259tl\u0259rd\u0259n \u00f6lm\u0259si bar\u0259d\u0259 rayon prokurorlu\u011funa m\u0259lumat daxil olub. Bu bar\u0259d\u0259 Oxu.Az-a N\u0259rimanov rayon prokurorlu\u011fundan m\u0259lumat verilib. Bildirilib ki, prokurorluq \u0259m\u0259kda\u015flar\u0131 t\u0259r\u0259find\u0259n m\u0259hk\u0259m\u0259-tibb ekspertinin i\u015ftirak\u0131 il\u0259 hadis\u0259 yerin\u0259 v\u0259 meyit\u0259 bax\u0131\u015f ke\u00e7irilib, dig\u0259r prosessual h\u0259r\u0259k\u0259tl\u0259r yerin\u0259&hellip;","_links":{"self":[{"href":"https:\/\/arantv.az\/index.php?rest_route=\/wp\/v2\/posts\/326850"}],"collection":[{"href":"https:\/\/arantv.az\/index.php?rest_route=\/wp\/v2\/posts"}],"about":[{"href":"https:\/\/arantv.az\/index.php?rest_route=\/wp\/v2\/types\/post"}],"author":[{"embeddable":true,"href":"https:\/\/arantv.az\/index.php?rest_route=\/wp\/v2\/users\/2"}],"replies":[{"embeddable":true,"href":"https:\/\/arantv.az\/index.php?rest_route=%2Fwp%2Fv2%2Fcomments&post=326850"}],"version-history":[{"count":0,"href":"https:\/\/arantv.az\/index.php?rest_route=\/wp\/v2\/posts\/326850\/revisions"}],"wp:featuredmedia":[{"embeddable":true,"href":"https:\/\/arantv.az\/index.php?rest_route=\/wp\/v2\/media\/326851"}],"wp:attachment":[{"href":"https:\/\/arantv.az\/index.php?rest_route=%2Fwp%2Fv2%2Fmedia&parent=326850"}],"wp:term":[{"taxonomy":"category","embeddable":true,"href":"https:\/\/arantv.az\/index.php?rest_route=%2Fwp%2Fv2%2Fcategories&post=326850"},{"taxonomy":"post_tag","embeddable":true,"href":"https:\/\/arantv.az\/index.php?rest_route=%2Fwp%2Fv2%2Ftags&post=326850"}],"curies":[{"name":"wp","href":"https:\/\/api.w.org\/{rel}","templated":true}]}}