{"id":326853,"date":"2021-04-17T11:14:38","date_gmt":"2021-04-17T08:14:38","guid":{"rendered":"https:\/\/arantv.az\/?p=326853"},"modified":"2021-04-17T11:14:38","modified_gmt":"2021-04-17T08:14:38","slug":"masallida-yas-m%c9%99rasimi-t%c9%99skil-ed%c9%99n-s%c9%99xsl%c9%99r-c%c9%99rim%c9%99l%c9%99nibl%c9%99r-foto","status":"publish","type":"post","link":"https:\/\/arantv.az\/?p=326853","title":{"rendered":"Masall\u0131da yas m\u0259rasimi t\u0259\u015fkil ed\u0259n \u015f\u0259xsl\u0259r c\u0259rim\u0259l\u0259nibl\u0259r &#8211; FOTO"},"content":{"rendered":"<p>Masall\u0131 Rayon Polis \u015e\u00f6b\u0259sin\u0259 rayonun K\u00f6hn\u0259 Alvad\u0131 k\u0259ndind\u0259 yas m\u0259rasiminin t\u0259\u015fkil edilm\u0259si bar\u0259d\u0259 m\u0259lumat daxil olub.<\/p>\n<p>Bu bar\u0259d\u0259\u00a0Oxu.Az-a Daxili \u0130\u015fl\u0259r Nazirliyinin (D\u0130N) m\u0259tbuat xidm\u0259tinin L\u0259nk\u0259ran regional qrupundan m\u0259lumat verilib.<\/p>\n<div id=\"AdviadNativeVideo0\" class=\"AdviadNativeVideo\"><\/div>\n<p>M\u0259lumata g\u00f6r\u0259, polis \u0259m\u0259kda\u015flar\u0131 d\u0259rhal h\u0259min \u00fcnvana g\u0259lib, karantin rejiminin qaydalar\u0131 v\u0259 t\u0259l\u0259bl\u0259ri bir daha orada olan \u015f\u0259xsl\u0259rin diqq\u0259tin\u0259 \u00e7atd\u0131r\u0131l\u0131b. M\u0259rasimin ke\u00e7irilm\u0259sinin qar\u015f\u0131s\u0131 al\u0131n\u0131b.<\/p>\n<p>Yas m\u0259rasimini t\u0259\u015fkil ed\u0259n v\u0259 orada olan \u00fcmumilikd\u0259 yeddi n\u0259f\u0259r bar\u0259sind\u0259 karantin rejiminin t\u0259l\u0259bl\u0259rini pozdu\u011fu \u00fc\u00e7\u00fcn \u0130nzibati X\u0259talar M\u0259c\u0259ll\u0259sinin m\u00fcvafiq madd\u0259si il\u0259 protokol t\u0259rtib edilib v\u0259 toplanm\u0131\u015f material bax\u0131lmas\u0131ndan \u00f6tr\u00fc Masall\u0131 Rayon M\u0259hk\u0259m\u0259sin\u0259 g\u00f6nd\u0259rilib.<\/p>\n<p>&nbsp;<\/p>\n<div class=\"gallery\">\n<div class=\"gallery-i\"><img src=\"https:\/\/cdn.oxu.az\/uploads\/W1siZiIsIjIwMjEvMDQvMTcvMTEvMjgvMjcvMzlmZjQyOWQtYmEzZi00YTMwLTk5OTgtY2FjMWE5YWM0MTBlLzU5YTgzYjAwLWZiYmQtNGZkZS1hNjRhLTczZjRhNzcwOTA0NS5qcGciXSxbInAiLCJlbmNvZGUiLCJqcGciLCItcXVhbGl0eSA4MCJdLFsicCIsInRodW1iIiwiNTkweDU5MFx1MDAzZSJdXQ?sha=63f12930aea823cd\" alt=\"\" \/><\/p>\n<div class=\"gallery-i-caption\"><\/div>\n<\/div>\n<div class=\"gallery-i\"><img src=\"https:\/\/cdn.oxu.az\/uploads\/W1siZiIsIjIwMjEvMDQvMTcvMTEvMjgvMjcvODY1ZDM0OTctZmM3NS00ZGEyLTk2ZWItYWMzZjc0YTEyOGM3L2Q3OGQ2YTViLWRiOWMtNDFkMC04NGEwLTA2ZGZlNWRkOTE1My5qcGciXSxbInAiLCJlbmNvZGUiLCJqcGciLCItcXVhbGl0eSA4MCJdLFsicCIsInRodW1iIiwiNTkweDU5MFx1MDAzZSJdXQ?sha=4e16a967a373fc1f\" alt=\"\" \/><\/div>\n<\/div>\n","protected":false},"excerpt":{"rendered":"<p>Masall\u0131 Rayon Polis \u015e\u00f6b\u0259sin\u0259 rayonun K\u00f6hn\u0259 Alvad\u0131 k\u0259ndind\u0259 yas m\u0259rasiminin t\u0259\u015fkil edilm\u0259si bar\u0259d\u0259 m\u0259lumat daxil olub. Bu bar\u0259d\u0259\u00a0Oxu.Az-a Daxili \u0130\u015fl\u0259r Nazirliyinin (D\u0130N) m\u0259tbuat xidm\u0259tinin L\u0259nk\u0259ran regional qrupundan m\u0259lumat verilib. M\u0259lumata g\u00f6r\u0259, polis \u0259m\u0259kda\u015flar\u0131 d\u0259rhal h\u0259min \u00fcnvana g\u0259lib, karantin rejiminin qaydalar\u0131 v\u0259 t\u0259l\u0259bl\u0259ri bir daha orada olan \u015f\u0259xsl\u0259rin diqq\u0259tin\u0259 \u00e7atd\u0131r\u0131l\u0131b. M\u0259rasimin ke\u00e7irilm\u0259sinin qar\u015f\u0131s\u0131 al\u0131n\u0131b. Yas m\u0259rasimini t\u0259\u015fkil ed\u0259n v\u0259 orada olan \u00fcmumilikd\u0259 yeddi n\u0259f\u0259r bar\u0259sind\u0259 karantin rejiminin t\u0259l\u0259bl\u0259rini pozdu\u011fu \u00fc\u00e7\u00fcn \u0130nzibati X\u0259talar M\u0259c\u0259ll\u0259sinin m\u00fcvafiq madd\u0259si il\u0259 protokol t\u0259rtib edilib v\u0259 toplanm\u0131\u015f material bax\u0131lmas\u0131ndan \u00f6tr\u00fc Masall\u0131 Rayon M\u0259hk\u0259m\u0259sin\u0259 g\u00f6nd\u0259rilib. &nbsp;<\/p>\n","protected":false},"author":2,"featured_media":326854,"comment_status":"closed","ping_status":"closed","sticky":false,"template":"","format":"standard","meta":{"om_disable_all_campaigns":false,"_monsterinsights_skip_tracking":false,"_monsterinsights_sitenote_active":false,"_monsterinsights_sitenote_note":"","_monsterinsights_sitenote_category":0},"categories":[26],"tags":[],"aioseo_notices":[],"gutentor_comment":0,"rttpg_featured_image_url":{"full":["https:\/\/arantv.az\/wp-content\/uploads\/2021\/04\/FotoJet-29.jpg",620,409,false],"landscape":["https:\/\/arantv.az\/wp-content\/uploads\/2021\/04\/FotoJet-29.jpg",620,409,false],"portraits":["https:\/\/arantv.az\/wp-content\/uploads\/2021\/04\/FotoJet-29.jpg",620,409,false],"thumbnail":["https:\/\/arantv.az\/wp-content\/uploads\/2021\/04\/FotoJet-29-500x280.jpg",500,280,true],"medium":["https:\/\/arantv.az\/wp-content\/uploads\/2021\/04\/FotoJet-29-553x365.jpg",553,365,true],"large":["https:\/\/arantv.az\/wp-content\/uploads\/2021\/04\/FotoJet-29.jpg",620,409,false],"1536x1536":["https:\/\/arantv.az\/wp-content\/uploads\/2021\/04\/FotoJet-29.jpg",620,409,false],"2048x2048":["https:\/\/arantv.az\/wp-content\/uploads\/2021\/04\/FotoJet-29.jpg",620,409,false],"post-thumbnail":["https:\/\/arantv.az\/wp-content\/uploads\/2021\/04\/FotoJet-29-240x172.jpg",240,172,true],"advps-thumb-one":["https:\/\/arantv.az\/wp-content\/uploads\/2021\/04\/FotoJet-29.jpg",620,409,false]},"rttpg_author":{"display_name":"V\u00fcsal Rafiqo\u011flu","author_link":"https:\/\/arantv.az\/?author=2"},"rttpg_comment":0,"rttpg_category":"<a href=\"https:\/\/arantv.az\/?cat=26\" rel=\"category\">Sosial<\/a>","rttpg_excerpt":"Masall\u0131 Rayon Polis \u015e\u00f6b\u0259sin\u0259 rayonun K\u00f6hn\u0259 Alvad\u0131 k\u0259ndind\u0259 yas m\u0259rasiminin t\u0259\u015fkil edilm\u0259si bar\u0259d\u0259 m\u0259lumat daxil olub. Bu bar\u0259d\u0259\u00a0Oxu.Az-a Daxili \u0130\u015fl\u0259r Nazirliyinin (D\u0130N) m\u0259tbuat xidm\u0259tinin L\u0259nk\u0259ran regional qrupundan m\u0259lumat verilib. M\u0259lumata g\u00f6r\u0259, polis \u0259m\u0259kda\u015flar\u0131 d\u0259rhal h\u0259min \u00fcnvana g\u0259lib, karantin rejiminin qaydalar\u0131 v\u0259 t\u0259l\u0259bl\u0259ri bir daha orada olan \u015f\u0259xsl\u0259rin diqq\u0259tin\u0259 \u00e7atd\u0131r\u0131l\u0131b. M\u0259rasimin ke\u00e7irilm\u0259sinin qar\u015f\u0131s\u0131 al\u0131n\u0131b. Yas m\u0259rasimini&hellip;","_links":{"self":[{"href":"https:\/\/arantv.az\/index.php?rest_route=\/wp\/v2\/posts\/326853"}],"collection":[{"href":"https:\/\/arantv.az\/index.php?rest_route=\/wp\/v2\/posts"}],"about":[{"href":"https:\/\/arantv.az\/index.php?rest_route=\/wp\/v2\/types\/post"}],"author":[{"embeddable":true,"href":"https:\/\/arantv.az\/index.php?rest_route=\/wp\/v2\/users\/2"}],"replies":[{"embeddable":true,"href":"https:\/\/arantv.az\/index.php?rest_route=%2Fwp%2Fv2%2Fcomments&post=326853"}],"version-history":[{"count":0,"href":"https:\/\/arantv.az\/index.php?rest_route=\/wp\/v2\/posts\/326853\/revisions"}],"wp:featuredmedia":[{"embeddable":true,"href":"https:\/\/arantv.az\/index.php?rest_route=\/wp\/v2\/media\/326854"}],"wp:attachment":[{"href":"https:\/\/arantv.az\/index.php?rest_route=%2Fwp%2Fv2%2Fmedia&parent=326853"}],"wp:term":[{"taxonomy":"category","embeddable":true,"href":"https:\/\/arantv.az\/index.php?rest_route=%2Fwp%2Fv2%2Fcategories&post=326853"},{"taxonomy":"post_tag","embeddable":true,"href":"https:\/\/arantv.az\/index.php?rest_route=%2Fwp%2Fv2%2Ftags&post=326853"}],"curies":[{"name":"wp","href":"https:\/\/api.w.org\/{rel}","templated":true}]}}