{"id":326865,"date":"2021-04-17T11:27:20","date_gmt":"2021-04-17T08:27:20","guid":{"rendered":"https:\/\/arantv.az\/?p=326865"},"modified":"2021-04-17T11:27:20","modified_gmt":"2021-04-17T08:27:20","slug":"dusm%c9%99nin-xeyli-canli-quvv%c9%99sini-m%c9%99hv-ed%c9%99n-pes%c9%99kar-snayper-bakixan-s%c9%99limli-video","status":"publish","type":"post","link":"https:\/\/arantv.az\/?p=326865","title":{"rendered":"D\u00fc\u015fm\u0259nin xeyli canl\u0131 q\u00fcvv\u0259sini m\u0259hv ed\u0259n pe\u015f\u0259kar snayper Bak\u0131xan S\u0259limli &#8211; V\u0130DEO"},"content":{"rendered":"<p>V\u0259t\u0259n m\u00fcharib\u0259sind\u0259 \u015f\u0259hid olmu\u015f q\u0259hr\u0259manlar\u0131m\u0131z\u0131 tan\u0131tma\u011fa davam edirik. S\u0131radak\u0131 q\u0259hr\u0259man\u0131m\u0131z x\u00fcsusi t\u0259yinatl\u0131 q\u00fcvv\u0259l\u0259rin ba\u015f giziri, pe\u015f\u0259kar snayper Bak\u0131xan S\u0259limlidir. Ba\u015f gizirimiz d\u00f6y\u00fc\u015fl\u0259r zaman\u0131 d\u00fc\u015fm\u0259nin xeyli canl\u0131 q\u00fcvv\u0259sini m\u0259hv edib. O, \u00f6t\u0259n ilin oktyabr ay\u0131nda F\u00fczuli istiqam\u0259tind\u0259 ged\u0259n d\u00f6y\u00fc\u015fl\u0259rd\u0259 \u015f\u0259had\u0259t\u0259 ucal\u0131b. Bak\u0131xan S\u0259limli \u00f6l\u00fcm\u00fcnd\u0259n sonra bir ne\u00e7\u0259 medalla t\u0259ltif edilib.<\/p>\n<p><strong>ARANTV.AZ\u00a0<\/strong> xezerxeber-\u0259 istinad\u0259n x\u0259b\u0259r verir ki, o da v\u0259t\u0259nin azadl\u0131\u011f\u0131 u\u011frunda can\u0131n\u0131 f\u0259da ed\u0259n q\u0259hr\u0259manlar\u0131m\u0131zdand\u0131r. 44 g\u00fcnl\u00fck v\u0259t\u0259n m\u00fcharib\u0259sind\u0259 \u015f\u0259had\u0259t ucalan Bak\u0131xan S\u0259limli 1993-c\u00fc ild\u0259 \u015e\u0259ki rayonunun \u018fliyar k\u0259ndind\u0259 anadan olub. 2012-ci ild\u0259 h\u0259rbi xidm\u0259tini ba\u015fa vurduqdan sonra 4 ay m\u00fcdd\u0259tin\u0259 kurslara c\u0259lb edilib. Daha sonra x\u00fcsusi t\u0259yinatl\u0131lar\u0131n giziri kimi xidm\u0259t\u0259 ba\u015flay\u0131b.<\/p>\n<p>2020-ci ild\u0259 ba\u015f gizir r\u00fctb\u0259sin\u0259 layiq g\u00f6r\u00fcl\u0259n Bak\u0131xan S\u0259limli v\u0259t\u0259n m\u00fcharib\u0259sinin ilk g\u00fcnl\u0259rind\u0259n C\u0259bray\u0131l, Qubadl\u0131 v\u0259 F\u00fczuli rayonlar\u0131 istiqam\u0259tind\u0259 ged\u0259n d\u00f6y\u00fc\u015fl\u0259rd\u0259 i\u015ftirak edib. Snayper Bak\u0131xan d\u00fc\u015fm\u0259nin xeyli sayda canl\u0131 q\u00fcvv\u0259sini m\u0259hv edib. O, oktyabr\u0131n 20-d\u0259 F\u00fczuli istiqam\u0259tind\u0259 ged\u0259n d\u00f6y\u00fc\u015fl\u0259rd\u0259 snayperl\u0259 vurularaq \u015f\u0259hid olub.<\/p>\n<p>V\u0259t\u0259n m\u00fcharib\u0259sind\u0259 g\u00f6st\u0259rdiyi \u015f\u00fcca\u0259tl\u0259r\u0259 g\u00f6r\u0259 h\u0259m yax\u0131nlar\u0131, h\u0259m d\u0259 d\u00f6y\u00fc\u015f yolda\u015flar\u0131 onunla f\u0259xr edirl\u0259r.<\/p>\n<p>Q\u0259hr\u0259man d\u00f6y\u00fc\u015f\u00e7\u00fc \u00f6l\u00fcm\u00fcnd\u0259n sonra &#8221;\u0130gidliy\u0259 g\u00f6r\u0259&#8221;, &#8221;V\u0259t\u0259n u\u011frunda&#8221;, &#8221;F\u00fczulinin azad olunmas\u0131na g\u00f6r\u0259&#8221; medallar\u0131 il\u0259 t\u0259ltif olunb.<\/p>\n<div class=\"article_text\">\n<p>&nbsp;<\/p>\n<p><iframe loading=\"lazy\" src=\"https:\/\/daytube.az\/az\/embed\/105845\" width=\"670\" height=\"400\" frameborder=\"0\" allowfullscreen=\"allowfullscreen\" data-mce-fragment=\"1\"><\/iframe><\/p>\n<\/div>\n<div class=\"social-banner\"><\/div>\n","protected":false},"excerpt":{"rendered":"<p>V\u0259t\u0259n m\u00fcharib\u0259sind\u0259 \u015f\u0259hid olmu\u015f q\u0259hr\u0259manlar\u0131m\u0131z\u0131 tan\u0131tma\u011fa davam edirik. S\u0131radak\u0131 q\u0259hr\u0259man\u0131m\u0131z x\u00fcsusi t\u0259yinatl\u0131 q\u00fcvv\u0259l\u0259rin ba\u015f giziri, pe\u015f\u0259kar snayper Bak\u0131xan S\u0259limlidir. Ba\u015f gizirimiz d\u00f6y\u00fc\u015fl\u0259r zaman\u0131 d\u00fc\u015fm\u0259nin xeyli canl\u0131 q\u00fcvv\u0259sini m\u0259hv edib. O, \u00f6t\u0259n ilin oktyabr ay\u0131nda F\u00fczuli istiqam\u0259tind\u0259 ged\u0259n d\u00f6y\u00fc\u015fl\u0259rd\u0259 \u015f\u0259had\u0259t\u0259 ucal\u0131b. Bak\u0131xan S\u0259limli \u00f6l\u00fcm\u00fcnd\u0259n sonra bir ne\u00e7\u0259 medalla t\u0259ltif edilib. ARANTV.AZ\u00a0 xezerxeber-\u0259 istinad\u0259n x\u0259b\u0259r verir ki, o da v\u0259t\u0259nin azadl\u0131\u011f\u0131 u\u011frunda can\u0131n\u0131 f\u0259da ed\u0259n q\u0259hr\u0259manlar\u0131m\u0131zdand\u0131r. 44 g\u00fcnl\u00fck v\u0259t\u0259n m\u00fcharib\u0259sind\u0259 \u015f\u0259had\u0259t ucalan Bak\u0131xan S\u0259limli 1993-c\u00fc ild\u0259 \u015e\u0259ki rayonunun \u018fliyar k\u0259ndind\u0259 anadan olub. 2012-ci ild\u0259 h\u0259rbi xidm\u0259tini ba\u015fa vurduqdan sonra 4 ay m\u00fcdd\u0259tin\u0259&hellip;<\/p>\n","protected":false},"author":2,"featured_media":326866,"comment_status":"closed","ping_status":"closed","sticky":false,"template":"","format":"standard","meta":{"om_disable_all_campaigns":false,"_monsterinsights_skip_tracking":false,"_monsterinsights_sitenote_active":false,"_monsterinsights_sitenote_note":"","_monsterinsights_sitenote_category":0},"categories":[26],"tags":[],"aioseo_notices":[],"gutentor_comment":0,"rttpg_featured_image_url":{"full":["https:\/\/arantv.az\/wp-content\/uploads\/2021\/04\/940529.jpg",800,600,false],"landscape":["https:\/\/arantv.az\/wp-content\/uploads\/2021\/04\/940529.jpg",800,600,false],"portraits":["https:\/\/arantv.az\/wp-content\/uploads\/2021\/04\/940529.jpg",800,600,false],"thumbnail":["https:\/\/arantv.az\/wp-content\/uploads\/2021\/04\/940529-500x280.jpg",500,280,true],"medium":["https:\/\/arantv.az\/wp-content\/uploads\/2021\/04\/940529-487x365.jpg",487,365,true],"large":["https:\/\/arantv.az\/wp-content\/uploads\/2021\/04\/940529.jpg",640,480,false],"1536x1536":["https:\/\/arantv.az\/wp-content\/uploads\/2021\/04\/940529.jpg",800,600,false],"2048x2048":["https:\/\/arantv.az\/wp-content\/uploads\/2021\/04\/940529.jpg",800,600,false],"post-thumbnail":["https:\/\/arantv.az\/wp-content\/uploads\/2021\/04\/940529-240x172.jpg",240,172,true],"advps-thumb-one":["https:\/\/arantv.az\/wp-content\/uploads\/2021\/04\/940529.jpg",800,600,false]},"rttpg_author":{"display_name":"V\u00fcsal Rafiqo\u011flu","author_link":"https:\/\/arantv.az\/?author=2"},"rttpg_comment":0,"rttpg_category":"<a href=\"https:\/\/arantv.az\/?cat=26\" rel=\"category\">Sosial<\/a>","rttpg_excerpt":"V\u0259t\u0259n m\u00fcharib\u0259sind\u0259 \u015f\u0259hid olmu\u015f q\u0259hr\u0259manlar\u0131m\u0131z\u0131 tan\u0131tma\u011fa davam edirik. S\u0131radak\u0131 q\u0259hr\u0259man\u0131m\u0131z x\u00fcsusi t\u0259yinatl\u0131 q\u00fcvv\u0259l\u0259rin ba\u015f giziri, pe\u015f\u0259kar snayper Bak\u0131xan S\u0259limlidir. Ba\u015f gizirimiz d\u00f6y\u00fc\u015fl\u0259r zaman\u0131 d\u00fc\u015fm\u0259nin xeyli canl\u0131 q\u00fcvv\u0259sini m\u0259hv edib. O, \u00f6t\u0259n ilin oktyabr ay\u0131nda F\u00fczuli istiqam\u0259tind\u0259 ged\u0259n d\u00f6y\u00fc\u015fl\u0259rd\u0259 \u015f\u0259had\u0259t\u0259 ucal\u0131b. Bak\u0131xan S\u0259limli \u00f6l\u00fcm\u00fcnd\u0259n sonra bir ne\u00e7\u0259 medalla t\u0259ltif edilib. ARANTV.AZ\u00a0 xezerxeber-\u0259 istinad\u0259n x\u0259b\u0259r verir ki,&hellip;","_links":{"self":[{"href":"https:\/\/arantv.az\/index.php?rest_route=\/wp\/v2\/posts\/326865"}],"collection":[{"href":"https:\/\/arantv.az\/index.php?rest_route=\/wp\/v2\/posts"}],"about":[{"href":"https:\/\/arantv.az\/index.php?rest_route=\/wp\/v2\/types\/post"}],"author":[{"embeddable":true,"href":"https:\/\/arantv.az\/index.php?rest_route=\/wp\/v2\/users\/2"}],"replies":[{"embeddable":true,"href":"https:\/\/arantv.az\/index.php?rest_route=%2Fwp%2Fv2%2Fcomments&post=326865"}],"version-history":[{"count":0,"href":"https:\/\/arantv.az\/index.php?rest_route=\/wp\/v2\/posts\/326865\/revisions"}],"wp:featuredmedia":[{"embeddable":true,"href":"https:\/\/arantv.az\/index.php?rest_route=\/wp\/v2\/media\/326866"}],"wp:attachment":[{"href":"https:\/\/arantv.az\/index.php?rest_route=%2Fwp%2Fv2%2Fmedia&parent=326865"}],"wp:term":[{"taxonomy":"category","embeddable":true,"href":"https:\/\/arantv.az\/index.php?rest_route=%2Fwp%2Fv2%2Fcategories&post=326865"},{"taxonomy":"post_tag","embeddable":true,"href":"https:\/\/arantv.az\/index.php?rest_route=%2Fwp%2Fv2%2Ftags&post=326865"}],"curies":[{"name":"wp","href":"https:\/\/api.w.org\/{rel}","templated":true}]}}