{"id":326880,"date":"2021-04-17T11:39:40","date_gmt":"2021-04-17T08:39:40","guid":{"rendered":"https:\/\/arantv.az\/?p=326880"},"modified":"2021-04-17T11:39:40","modified_gmt":"2021-04-17T08:39:40","slug":"mink-qrupunun-qarabag-munaqis%c9%99sinin-h%c9%99lli-il%c9%99-bagli-missiyasi-baslamamis-basa-catdi-%c9%99li-huseynli","status":"publish","type":"post","link":"https:\/\/arantv.az\/?p=326880","title":{"rendered":"Mink qrupunun Qaraba\u011f m\u00fcnaqi\u015f\u0259sinin h\u0259lli il\u0259 ba\u011fl\u0131 missiyas\u0131 ba\u015flamam\u0131\u015f ba\u015fa \u00e7atd\u0131 &#8211; \u018fli H\u00fcseynli"},"content":{"rendered":"<div class=\"article_text\">\n<p><strong>AT\u018fT-in Mink qrupunun Qaraba\u011f m\u00fcnaqi\u015f\u0259sinin h\u0259lli il\u0259 ba\u011fl\u0131 missiyas\u0131 ba\u015flamam\u0131\u015f ba\u015fa \u00e7atd\u0131.<\/strong><\/p>\n<p>Bunu\u00a0<a href=\"http:\/\/trend.az\/\" target=\"_blank\" rel=\"noopener\">Trend<\/a>-in &#8220;Sahil K\u0259rimli il\u0259 Aktual&#8221; m\u00fc\u0259llif videolayih\u0259sin\u0259\u00a0<a href=\"https:\/\/az.trend.az\/azerbaijan\/politics\/3410361.html\" target=\"_blank\" rel=\"noopener\">m\u00fcsahib\u0259sind\u0259<\/a>\u00a0Milli M\u0259clis S\u0259drinin birinci m\u00fcavini \u018fli H\u00fcseynli deyib.<\/p>\n<p>\u018f.H\u00fcseyli bildirib ki, Az\u0259rbaycan bu m\u0259s\u0259l\u0259ni \u0259ks-h\u00fccum \u0259m\u0259liyyatlar\u0131 il\u0259 h\u0259ll etdi:<\/p>\n<p>&#8220;Minsk qrupunun bundan sonra hans\u0131sa f\u0259aliyy\u0259tl\u0259 m\u0259\u015f\u011ful ola bil\u0259c\u0259yi sual\u0131na g\u0259linc\u0259 is\u0259 yegan\u0259 f\u0259aliyy\u0259t ondan ibar\u0259t ola bil\u0259r ki, onlar Erm\u0259istan\u0131 10 noyabr sazi\u015finin m\u00fcdd\u0259alar\u0131n\u0131 icra olunmas\u0131na t\u0259\u015fviq etsinl\u0259r v\u0259 bunu \u00e7\u0259kinm\u0259d\u0259n etsinl\u0259r. Burada onlar\u0131n bir faydas\u0131 ola bil\u0259r.<\/p>\n<p>M\u00fcnaqi\u015f\u0259 art\u0131q m\u00f6vcud deyil, Az\u0259rbaycan \u0259razi b\u00fct\u00f6vl\u00fcy\u00fcn\u00fc t\u0259min edib. M\u00f6vcud olan bir s\u0131ra probleml\u0259r var v\u0259 onlar\u0131n h\u0259lli \u00fc\u00e7\u00fcn zamana ehtiyac var. Az\u0259rbaycan t\u0259r\u0259finin s\u0259sl\u0259ndirdiyi, h\u0259yata ke\u00e7irdiyi b\u00fct\u00fcn i\u015fl\u0259rin alt\u0131nda onlar\u0131n imzas\u0131 var v\u0259 onlara vasit\u0259\u00e7i, qarant olmu\u015f Rusiya d\u00f6vl\u0259t ba\u015f\u00e7\u0131s\u0131n\u0131n imzas var. Y\u0259ni hal-haz\u0131rda AT\u018fT-in Minsk qrupunun g\u00f6r\u0259 bil\u0259c\u0259yi faydal\u0131 i\u015f yaln\u0131z bu ola bil\u0259r. Y\u0259ni Erm\u0259nistan\u0131 bu i\u015fl\u0259ri s\u00fcr\u0259tl\u0259 icra etm\u0259y\u0259 t\u0259\u015fviq etm\u0259k&#8221;.<\/p>\n<p>&nbsp;<\/p>\n<p><iframe loading=\"lazy\" title=\"YouTube video player\" src=\"https:\/\/www.youtube.com\/embed\/huZe3CVo5LA\" width=\"560\" height=\"315\" frameborder=\"0\" allowfullscreen=\"allowfullscreen\" data-mce-fragment=\"1\"><\/iframe><\/p>\n<\/div>\n<div class=\"social-banner\"><\/div>\n","protected":false},"excerpt":{"rendered":"<p>AT\u018fT-in Mink qrupunun Qaraba\u011f m\u00fcnaqi\u015f\u0259sinin h\u0259lli il\u0259 ba\u011fl\u0131 missiyas\u0131 ba\u015flamam\u0131\u015f ba\u015fa \u00e7atd\u0131. Bunu\u00a0Trend-in &#8220;Sahil K\u0259rimli il\u0259 Aktual&#8221; m\u00fc\u0259llif videolayih\u0259sin\u0259\u00a0m\u00fcsahib\u0259sind\u0259\u00a0Milli M\u0259clis S\u0259drinin birinci m\u00fcavini \u018fli H\u00fcseynli deyib. \u018f.H\u00fcseyli bildirib ki, Az\u0259rbaycan bu m\u0259s\u0259l\u0259ni \u0259ks-h\u00fccum \u0259m\u0259liyyatlar\u0131 il\u0259 h\u0259ll etdi: &#8220;Minsk qrupunun bundan sonra hans\u0131sa f\u0259aliyy\u0259tl\u0259 m\u0259\u015f\u011ful ola bil\u0259c\u0259yi sual\u0131na g\u0259linc\u0259 is\u0259 yegan\u0259 f\u0259aliyy\u0259t ondan ibar\u0259t ola bil\u0259r ki, onlar Erm\u0259istan\u0131 10 noyabr sazi\u015finin m\u00fcdd\u0259alar\u0131n\u0131 icra olunmas\u0131na t\u0259\u015fviq etsinl\u0259r v\u0259 bunu \u00e7\u0259kinm\u0259d\u0259n etsinl\u0259r. Burada onlar\u0131n bir faydas\u0131 ola bil\u0259r. M\u00fcnaqi\u015f\u0259 art\u0131q m\u00f6vcud deyil, Az\u0259rbaycan \u0259razi b\u00fct\u00f6vl\u00fcy\u00fcn\u00fc t\u0259min edib. M\u00f6vcud olan bir s\u0131ra probleml\u0259r&hellip;<\/p>\n","protected":false},"author":2,"featured_media":326881,"comment_status":"closed","ping_status":"closed","sticky":false,"template":"","format":"standard","meta":{"om_disable_all_campaigns":false,"_monsterinsights_skip_tracking":false,"_monsterinsights_sitenote_active":false,"_monsterinsights_sitenote_note":"","_monsterinsights_sitenote_category":0},"categories":[4],"tags":[],"aioseo_notices":[],"gutentor_comment":0,"rttpg_featured_image_url":{"full":["https:\/\/arantv.az\/wp-content\/uploads\/2021\/04\/940570.jpg",800,600,false],"landscape":["https:\/\/arantv.az\/wp-content\/uploads\/2021\/04\/940570.jpg",800,600,false],"portraits":["https:\/\/arantv.az\/wp-content\/uploads\/2021\/04\/940570.jpg",800,600,false],"thumbnail":["https:\/\/arantv.az\/wp-content\/uploads\/2021\/04\/940570-500x280.jpg",500,280,true],"medium":["https:\/\/arantv.az\/wp-content\/uploads\/2021\/04\/940570-487x365.jpg",487,365,true],"large":["https:\/\/arantv.az\/wp-content\/uploads\/2021\/04\/940570.jpg",640,480,false],"1536x1536":["https:\/\/arantv.az\/wp-content\/uploads\/2021\/04\/940570.jpg",800,600,false],"2048x2048":["https:\/\/arantv.az\/wp-content\/uploads\/2021\/04\/940570.jpg",800,600,false],"post-thumbnail":["https:\/\/arantv.az\/wp-content\/uploads\/2021\/04\/940570-240x172.jpg",240,172,true],"advps-thumb-one":["https:\/\/arantv.az\/wp-content\/uploads\/2021\/04\/940570.jpg",800,600,false]},"rttpg_author":{"display_name":"V\u00fcsal Rafiqo\u011flu","author_link":"https:\/\/arantv.az\/?author=2"},"rttpg_comment":0,"rttpg_category":"<a href=\"https:\/\/arantv.az\/?cat=4\" rel=\"category\">Siyas\u0259t<\/a>","rttpg_excerpt":"AT\u018fT-in Mink qrupunun Qaraba\u011f m\u00fcnaqi\u015f\u0259sinin h\u0259lli il\u0259 ba\u011fl\u0131 missiyas\u0131 ba\u015flamam\u0131\u015f ba\u015fa \u00e7atd\u0131. Bunu\u00a0Trend-in &#8220;Sahil K\u0259rimli il\u0259 Aktual&#8221; m\u00fc\u0259llif videolayih\u0259sin\u0259\u00a0m\u00fcsahib\u0259sind\u0259\u00a0Milli M\u0259clis S\u0259drinin birinci m\u00fcavini \u018fli H\u00fcseynli deyib. \u018f.H\u00fcseyli bildirib ki, Az\u0259rbaycan bu m\u0259s\u0259l\u0259ni \u0259ks-h\u00fccum \u0259m\u0259liyyatlar\u0131 il\u0259 h\u0259ll etdi: &#8220;Minsk qrupunun bundan sonra hans\u0131sa f\u0259aliyy\u0259tl\u0259 m\u0259\u015f\u011ful ola bil\u0259c\u0259yi sual\u0131na g\u0259linc\u0259 is\u0259 yegan\u0259 f\u0259aliyy\u0259t ondan ibar\u0259t ola bil\u0259r&hellip;","_links":{"self":[{"href":"https:\/\/arantv.az\/index.php?rest_route=\/wp\/v2\/posts\/326880"}],"collection":[{"href":"https:\/\/arantv.az\/index.php?rest_route=\/wp\/v2\/posts"}],"about":[{"href":"https:\/\/arantv.az\/index.php?rest_route=\/wp\/v2\/types\/post"}],"author":[{"embeddable":true,"href":"https:\/\/arantv.az\/index.php?rest_route=\/wp\/v2\/users\/2"}],"replies":[{"embeddable":true,"href":"https:\/\/arantv.az\/index.php?rest_route=%2Fwp%2Fv2%2Fcomments&post=326880"}],"version-history":[{"count":0,"href":"https:\/\/arantv.az\/index.php?rest_route=\/wp\/v2\/posts\/326880\/revisions"}],"wp:featuredmedia":[{"embeddable":true,"href":"https:\/\/arantv.az\/index.php?rest_route=\/wp\/v2\/media\/326881"}],"wp:attachment":[{"href":"https:\/\/arantv.az\/index.php?rest_route=%2Fwp%2Fv2%2Fmedia&parent=326880"}],"wp:term":[{"taxonomy":"category","embeddable":true,"href":"https:\/\/arantv.az\/index.php?rest_route=%2Fwp%2Fv2%2Fcategories&post=326880"},{"taxonomy":"post_tag","embeddable":true,"href":"https:\/\/arantv.az\/index.php?rest_route=%2Fwp%2Fv2%2Ftags&post=326880"}],"curies":[{"name":"wp","href":"https:\/\/api.w.org\/{rel}","templated":true}]}}