{"id":327095,"date":"2021-04-19T08:53:12","date_gmt":"2021-04-19T05:53:12","guid":{"rendered":"https:\/\/arantv.az\/?p=327095"},"modified":"2021-04-19T08:53:12","modified_gmt":"2021-04-19T05:53:12","slug":"amerikali-general-kiyevi-x%c9%99b%c9%99rdar-etdi-cox-agir-v%c9%99ziyy%c9%99t%c9%99-dus%c9%99c%c9%99ksiniz","status":"publish","type":"post","link":"https:\/\/arantv.az\/?p=327095","title":{"rendered":"Amerikal\u0131 general Kiyevi x\u0259b\u0259rdar etdi: \u00e7ox a\u011f\u0131r v\u0259ziyy\u0259t\u0259 d\u00fc\u015f\u0259c\u0259ksiniz"},"content":{"rendered":"<p><strong>\u018fg\u0259r Moskva \u00f6z silahl\u0131 q\u00fcvv\u0259l\u0259rinin imkanlar\u0131n\u0131n b\u00fct\u00fcn spektrind\u0259n istifad\u0259 ets\u0259, Kiyev \u00e7ox a\u011f\u0131r v\u0259ziyy\u0259t\u0259 d\u00fc\u015f\u0259c\u0259k.<\/strong><\/p>\n<p><strong>ARANTV.AZ<\/strong> axar.az-a istinad\u0259n x\u0259b\u0259r verir ki, bunu AB\u015e H\u0259rbi Hava Q\u00fcvv\u0259l\u0259rinin general\u0131 Filip Bridlav deyib.<\/p>\n<p>H\u0259rb\u00e7inin s\u00f6zl\u0259rin\u0259 g\u00f6r\u0259, Rusiya ordusunun q\u00fcdr\u0259ti laz\u0131m\u0131nca qiym\u0259tl\u0259ndirilm\u0259s\u0259, \u00e7ox t\u0259hl\u00fck\u0259li v\u0259ziyy\u0259t yaranacaq.<\/p>\n<p>&#8220;Bu, q\u0259buledilm\u0259zdir v\u0259 a\u011f\u0131ls\u0131zl\u0131qd\u0131r. Bunu h\u0259rb\u00e7i kimi deyir\u0259m&#8221;, &#8211; dey\u0259 Bridlav bildirib.<\/p>\n<p>General qeyd edib ki, Rusiya il\u0259 m\u00fcnaqi\u015f\u0259 ba\u015f ver\u0259rs\u0259, Ukraynaya k\u00f6m\u0259k laz\u0131m olacaq.<\/p>\n<div>\n<div id=\"AdviadNativeVideo0\" class=\"AdviadNativeVideo\"><\/div>\n<\/div>\n<p>Bridlav Ukraynan\u0131n Moskva il\u0259 Va\u015finqtonun aras\u0131nda &#8220;d\u00f6y\u00fc\u015f meydan\u0131&#8221;n\u0131n olmas\u0131 fikri il\u0259 d\u0259 raz\u0131la\u015fmay\u0131b.<\/p>\n","protected":false},"excerpt":{"rendered":"<p>\u018fg\u0259r Moskva \u00f6z silahl\u0131 q\u00fcvv\u0259l\u0259rinin imkanlar\u0131n\u0131n b\u00fct\u00fcn spektrind\u0259n istifad\u0259 ets\u0259, Kiyev \u00e7ox a\u011f\u0131r v\u0259ziyy\u0259t\u0259 d\u00fc\u015f\u0259c\u0259k. ARANTV.AZ axar.az-a istinad\u0259n x\u0259b\u0259r verir ki, bunu AB\u015e H\u0259rbi Hava Q\u00fcvv\u0259l\u0259rinin general\u0131 Filip Bridlav deyib. H\u0259rb\u00e7inin s\u00f6zl\u0259rin\u0259 g\u00f6r\u0259, Rusiya ordusunun q\u00fcdr\u0259ti laz\u0131m\u0131nca qiym\u0259tl\u0259ndirilm\u0259s\u0259, \u00e7ox t\u0259hl\u00fck\u0259li v\u0259ziyy\u0259t yaranacaq. &#8220;Bu, q\u0259buledilm\u0259zdir v\u0259 a\u011f\u0131ls\u0131zl\u0131qd\u0131r. Bunu h\u0259rb\u00e7i kimi deyir\u0259m&#8221;, &#8211; dey\u0259 Bridlav bildirib. General qeyd edib ki, Rusiya il\u0259 m\u00fcnaqi\u015f\u0259 ba\u015f ver\u0259rs\u0259, Ukraynaya k\u00f6m\u0259k laz\u0131m olacaq. Bridlav Ukraynan\u0131n Moskva il\u0259 Va\u015finqtonun aras\u0131nda &#8220;d\u00f6y\u00fc\u015f meydan\u0131&#8221;n\u0131n olmas\u0131 fikri il\u0259 d\u0259 raz\u0131la\u015fmay\u0131b.<\/p>\n","protected":false},"author":2,"featured_media":327096,"comment_status":"closed","ping_status":"closed","sticky":false,"template":"","format":"standard","meta":{"om_disable_all_campaigns":false,"_monsterinsights_skip_tracking":false,"_monsterinsights_sitenote_active":false,"_monsterinsights_sitenote_note":"","_monsterinsights_sitenote_category":0},"categories":[7],"tags":[],"aioseo_notices":[],"gutentor_comment":0,"rttpg_featured_image_url":{"full":["https:\/\/arantv.az\/wp-content\/uploads\/2021\/04\/940914.jpg",800,600,false],"landscape":["https:\/\/arantv.az\/wp-content\/uploads\/2021\/04\/940914.jpg",800,600,false],"portraits":["https:\/\/arantv.az\/wp-content\/uploads\/2021\/04\/940914.jpg",800,600,false],"thumbnail":["https:\/\/arantv.az\/wp-content\/uploads\/2021\/04\/940914-500x280.jpg",500,280,true],"medium":["https:\/\/arantv.az\/wp-content\/uploads\/2021\/04\/940914-487x365.jpg",487,365,true],"large":["https:\/\/arantv.az\/wp-content\/uploads\/2021\/04\/940914.jpg",640,480,false],"1536x1536":["https:\/\/arantv.az\/wp-content\/uploads\/2021\/04\/940914.jpg",800,600,false],"2048x2048":["https:\/\/arantv.az\/wp-content\/uploads\/2021\/04\/940914.jpg",800,600,false],"post-thumbnail":["https:\/\/arantv.az\/wp-content\/uploads\/2021\/04\/940914-240x172.jpg",240,172,true],"advps-thumb-one":["https:\/\/arantv.az\/wp-content\/uploads\/2021\/04\/940914.jpg",800,600,false]},"rttpg_author":{"display_name":"V\u00fcsal Rafiqo\u011flu","author_link":"https:\/\/arantv.az\/?author=2"},"rttpg_comment":0,"rttpg_category":"<a href=\"https:\/\/arantv.az\/?cat=7\" rel=\"category\">D\u00fcnya<\/a>","rttpg_excerpt":"\u018fg\u0259r Moskva \u00f6z silahl\u0131 q\u00fcvv\u0259l\u0259rinin imkanlar\u0131n\u0131n b\u00fct\u00fcn spektrind\u0259n istifad\u0259 ets\u0259, Kiyev \u00e7ox a\u011f\u0131r v\u0259ziyy\u0259t\u0259 d\u00fc\u015f\u0259c\u0259k. ARANTV.AZ axar.az-a istinad\u0259n x\u0259b\u0259r verir ki, bunu AB\u015e H\u0259rbi Hava Q\u00fcvv\u0259l\u0259rinin general\u0131 Filip Bridlav deyib. H\u0259rb\u00e7inin s\u00f6zl\u0259rin\u0259 g\u00f6r\u0259, Rusiya ordusunun q\u00fcdr\u0259ti laz\u0131m\u0131nca qiym\u0259tl\u0259ndirilm\u0259s\u0259, \u00e7ox t\u0259hl\u00fck\u0259li v\u0259ziyy\u0259t yaranacaq. &#8220;Bu, q\u0259buledilm\u0259zdir v\u0259 a\u011f\u0131ls\u0131zl\u0131qd\u0131r. Bunu h\u0259rb\u00e7i kimi deyir\u0259m&#8221;, &#8211; dey\u0259 Bridlav bildirib. General&hellip;","_links":{"self":[{"href":"https:\/\/arantv.az\/index.php?rest_route=\/wp\/v2\/posts\/327095"}],"collection":[{"href":"https:\/\/arantv.az\/index.php?rest_route=\/wp\/v2\/posts"}],"about":[{"href":"https:\/\/arantv.az\/index.php?rest_route=\/wp\/v2\/types\/post"}],"author":[{"embeddable":true,"href":"https:\/\/arantv.az\/index.php?rest_route=\/wp\/v2\/users\/2"}],"replies":[{"embeddable":true,"href":"https:\/\/arantv.az\/index.php?rest_route=%2Fwp%2Fv2%2Fcomments&post=327095"}],"version-history":[{"count":0,"href":"https:\/\/arantv.az\/index.php?rest_route=\/wp\/v2\/posts\/327095\/revisions"}],"wp:featuredmedia":[{"embeddable":true,"href":"https:\/\/arantv.az\/index.php?rest_route=\/wp\/v2\/media\/327096"}],"wp:attachment":[{"href":"https:\/\/arantv.az\/index.php?rest_route=%2Fwp%2Fv2%2Fmedia&parent=327095"}],"wp:term":[{"taxonomy":"category","embeddable":true,"href":"https:\/\/arantv.az\/index.php?rest_route=%2Fwp%2Fv2%2Fcategories&post=327095"},{"taxonomy":"post_tag","embeddable":true,"href":"https:\/\/arantv.az\/index.php?rest_route=%2Fwp%2Fv2%2Ftags&post=327095"}],"curies":[{"name":"wp","href":"https:\/\/api.w.org\/{rel}","templated":true}]}}