{"id":327121,"date":"2021-04-19T09:34:46","date_gmt":"2021-04-19T06:34:46","guid":{"rendered":"https:\/\/arantv.az\/?p=327121"},"modified":"2021-04-19T09:34:46","modified_gmt":"2021-04-19T06:34:46","slug":"agsaqqallar-surasini-ramiz-mehdiyev-idar%c9%99-edir","status":"publish","type":"post","link":"https:\/\/arantv.az\/?p=327121","title":{"rendered":"A\u011fsaqqallar \u015euras\u0131n\u0131 Ramiz Mehdiyev idar\u0259 edir?"},"content":{"rendered":"<p>Az\u0259rbaycan A\u011fsaqqallar \u015euras\u0131n\u0131n Ramiz Mehdiyev\u0259 aid oldu\u011fu, bu qurumu onun y\u00f6n\u0259ltdiyi bar\u0259d\u0259 sosial \u015f\u0259b\u0259k\u0259l\u0259rd\u0259 iddialar tez-tez yer al\u0131r.<\/p>\n<p><b>ARANTV.AZ <\/b>x\u0259b\u0259r verir ki, A\u011fsaqqallar \u015euras\u0131n\u0131n s\u0259dri Eldar Quliyev is\u0259\u00a0Modern.az-a a\u00e7\u0131qlamas\u0131nda bu iddian\u0131n tamamil\u0259 yanl\u0131\u015f, h\u0259qiq\u0259t\u0259 uy\u011fun olmad\u0131\u011f\u0131n\u0131 bildirib.<\/p>\n<p>O, xat\u0131rlad\u0131b ki, qurumun \u0259vv\u0259lki r\u0259hb\u0259rl\u0259ri \u0130man Mustafayev, Budaq Budaqov, F\u0259ttah Heyd\u0259rov kimi \u015f\u0259xsl\u0259r olub.<\/p>\n<p>\u201cBurda h\u0259r zaman say\u0131l\u0131b-se\u00e7il\u0259n insanlar olub. Bu \u015furan\u0131n Ramiz Mehdiyevl\u0259 he\u00e7 bir ba\u011fl\u0131l\u0131\u011f\u0131, \u0259laq\u0259si olmay\u0131b. Bu, m\u00fcst\u0259qil t\u0259\u015fkilatd\u0131r. V\u0259 biz bacard\u0131\u011f\u0131m\u0131z q\u0259d\u0259r xalq\u0131m\u0131za xidm\u0259t edirik. Bir \u00e7ox \u015f\u0259h\u0259r v\u0259 rayonlarda bizim g\u00f6r\u00fc\u015fl\u0259rimiz t\u0259\u015fkil olunur. D\u00f6vl\u0259t s\u0259viyy\u0259sind\u0259 biz\u0259 h\u0259r zaman d\u0259st\u0259k g\u00f6st\u0259rilir. Dey\u0259 bil\u0259r\u0259m ki, A\u011fsaqqallar \u015euras\u0131na \u00e7ox b\u00f6y\u00fck maraq var. Rayonlarda n\u00fcfuzlu ya\u015fl\u0131 insanlar \u015euraya qo\u015fulurlar. Pandemiya mane olmasayd\u0131, bu istiqam\u0259td\u0259 daha b\u00f6y\u00fck i\u015fl\u0259r g\u00f6r\u00fcl\u0259rdi. Bizim i\u015fimiz xalqa xidm\u0259t, t\u0259cr\u00fcb\u0259l\u0259rin b\u00f6l\u00fc\u015fd\u00fcr\u00fclm\u0259si, uzun ill\u0259rd\u0259n d\u00f6vr\u00fcm\u00fcz\u0259 q\u0259d\u0259r g\u0259l\u0259n ad\u0259t-\u0259n\u0259n\u0259l\u0259ri qoruyub saxlamaqd\u0131r\u201d.<\/p>\n","protected":false},"excerpt":{"rendered":"<p>Az\u0259rbaycan A\u011fsaqqallar \u015euras\u0131n\u0131n Ramiz Mehdiyev\u0259 aid oldu\u011fu, bu qurumu onun y\u00f6n\u0259ltdiyi bar\u0259d\u0259 sosial \u015f\u0259b\u0259k\u0259l\u0259rd\u0259 iddialar tez-tez yer al\u0131r. ARANTV.AZ x\u0259b\u0259r verir ki, A\u011fsaqqallar \u015euras\u0131n\u0131n s\u0259dri Eldar Quliyev is\u0259\u00a0Modern.az-a a\u00e7\u0131qlamas\u0131nda bu iddian\u0131n tamamil\u0259 yanl\u0131\u015f, h\u0259qiq\u0259t\u0259 uy\u011fun olmad\u0131\u011f\u0131n\u0131 bildirib. O, xat\u0131rlad\u0131b ki, qurumun \u0259vv\u0259lki r\u0259hb\u0259rl\u0259ri \u0130man Mustafayev, Budaq Budaqov, F\u0259ttah Heyd\u0259rov kimi \u015f\u0259xsl\u0259r olub. \u201cBurda h\u0259r zaman say\u0131l\u0131b-se\u00e7il\u0259n insanlar olub. Bu \u015furan\u0131n Ramiz Mehdiyevl\u0259 he\u00e7 bir ba\u011fl\u0131l\u0131\u011f\u0131, \u0259laq\u0259si olmay\u0131b. Bu, m\u00fcst\u0259qil t\u0259\u015fkilatd\u0131r. V\u0259 biz bacard\u0131\u011f\u0131m\u0131z q\u0259d\u0259r xalq\u0131m\u0131za xidm\u0259t edirik. Bir \u00e7ox \u015f\u0259h\u0259r v\u0259 rayonlarda bizim g\u00f6r\u00fc\u015fl\u0259rimiz t\u0259\u015fkil olunur. D\u00f6vl\u0259t s\u0259viyy\u0259sind\u0259 biz\u0259 h\u0259r&hellip;<\/p>\n","protected":false},"author":2,"featured_media":327122,"comment_status":"closed","ping_status":"closed","sticky":false,"template":"","format":"standard","meta":{"om_disable_all_campaigns":false,"_monsterinsights_skip_tracking":false,"_monsterinsights_sitenote_active":false,"_monsterinsights_sitenote_note":"","_monsterinsights_sitenote_category":0},"categories":[26],"tags":[],"aioseo_notices":[],"gutentor_comment":0,"rttpg_featured_image_url":{"full":["https:\/\/arantv.az\/wp-content\/uploads\/2021\/04\/20c1945e161881380865757796310646972.jpg",975,540,false],"landscape":["https:\/\/arantv.az\/wp-content\/uploads\/2021\/04\/20c1945e161881380865757796310646972.jpg",975,540,false],"portraits":["https:\/\/arantv.az\/wp-content\/uploads\/2021\/04\/20c1945e161881380865757796310646972.jpg",975,540,false],"thumbnail":["https:\/\/arantv.az\/wp-content\/uploads\/2021\/04\/20c1945e161881380865757796310646972-500x280.jpg",500,280,true],"medium":["https:\/\/arantv.az\/wp-content\/uploads\/2021\/04\/20c1945e161881380865757796310646972-660x365.jpg",660,365,true],"large":["https:\/\/arantv.az\/wp-content\/uploads\/2021\/04\/20c1945e161881380865757796310646972-840x465.jpg",640,354,true],"1536x1536":["https:\/\/arantv.az\/wp-content\/uploads\/2021\/04\/20c1945e161881380865757796310646972.jpg",975,540,false],"2048x2048":["https:\/\/arantv.az\/wp-content\/uploads\/2021\/04\/20c1945e161881380865757796310646972.jpg",975,540,false],"post-thumbnail":["https:\/\/arantv.az\/wp-content\/uploads\/2021\/04\/20c1945e161881380865757796310646972-240x172.jpg",240,172,true],"advps-thumb-one":["https:\/\/arantv.az\/wp-content\/uploads\/2021\/04\/20c1945e161881380865757796310646972.jpg",975,540,false]},"rttpg_author":{"display_name":"V\u00fcsal Rafiqo\u011flu","author_link":"https:\/\/arantv.az\/?author=2"},"rttpg_comment":0,"rttpg_category":"<a href=\"https:\/\/arantv.az\/?cat=26\" rel=\"category\">Sosial<\/a>","rttpg_excerpt":"Az\u0259rbaycan A\u011fsaqqallar \u015euras\u0131n\u0131n Ramiz Mehdiyev\u0259 aid oldu\u011fu, bu qurumu onun y\u00f6n\u0259ltdiyi bar\u0259d\u0259 sosial \u015f\u0259b\u0259k\u0259l\u0259rd\u0259 iddialar tez-tez yer al\u0131r. ARANTV.AZ x\u0259b\u0259r verir ki, A\u011fsaqqallar \u015euras\u0131n\u0131n s\u0259dri Eldar Quliyev is\u0259\u00a0Modern.az-a a\u00e7\u0131qlamas\u0131nda bu iddian\u0131n tamamil\u0259 yanl\u0131\u015f, h\u0259qiq\u0259t\u0259 uy\u011fun olmad\u0131\u011f\u0131n\u0131 bildirib. O, xat\u0131rlad\u0131b ki, qurumun \u0259vv\u0259lki r\u0259hb\u0259rl\u0259ri \u0130man Mustafayev, Budaq Budaqov, F\u0259ttah Heyd\u0259rov kimi \u015f\u0259xsl\u0259r olub. \u201cBurda h\u0259r zaman&hellip;","_links":{"self":[{"href":"https:\/\/arantv.az\/index.php?rest_route=\/wp\/v2\/posts\/327121"}],"collection":[{"href":"https:\/\/arantv.az\/index.php?rest_route=\/wp\/v2\/posts"}],"about":[{"href":"https:\/\/arantv.az\/index.php?rest_route=\/wp\/v2\/types\/post"}],"author":[{"embeddable":true,"href":"https:\/\/arantv.az\/index.php?rest_route=\/wp\/v2\/users\/2"}],"replies":[{"embeddable":true,"href":"https:\/\/arantv.az\/index.php?rest_route=%2Fwp%2Fv2%2Fcomments&post=327121"}],"version-history":[{"count":0,"href":"https:\/\/arantv.az\/index.php?rest_route=\/wp\/v2\/posts\/327121\/revisions"}],"wp:featuredmedia":[{"embeddable":true,"href":"https:\/\/arantv.az\/index.php?rest_route=\/wp\/v2\/media\/327122"}],"wp:attachment":[{"href":"https:\/\/arantv.az\/index.php?rest_route=%2Fwp%2Fv2%2Fmedia&parent=327121"}],"wp:term":[{"taxonomy":"category","embeddable":true,"href":"https:\/\/arantv.az\/index.php?rest_route=%2Fwp%2Fv2%2Fcategories&post=327121"},{"taxonomy":"post_tag","embeddable":true,"href":"https:\/\/arantv.az\/index.php?rest_route=%2Fwp%2Fv2%2Ftags&post=327121"}],"curies":[{"name":"wp","href":"https:\/\/api.w.org\/{rel}","templated":true}]}}