{"id":327130,"date":"2021-04-19T09:42:28","date_gmt":"2021-04-19T06:42:28","guid":{"rendered":"https:\/\/arantv.az\/?p=327130"},"modified":"2021-04-19T09:42:28","modified_gmt":"2021-04-19T06:42:28","slug":"bakini-h%c9%99mis%c9%99-d%c9%99st%c9%99kl%c9%99misik-ai-r%c9%99smisi-ir%c9%99vandaki-qalmaqalli-gorusd%c9%99n-danisdi","status":"publish","type":"post","link":"https:\/\/arantv.az\/?p=327130","title":{"rendered":"&#8220;Bak\u0131n\u0131 h\u0259mi\u015f\u0259 d\u0259st\u0259kl\u0259mi\u015fik&#8221; &#8211; A\u0130 r\u0259smisi \u0130r\u0259vandak\u0131 qalmaqall\u0131 g\u00f6r\u00fc\u015fd\u0259n dan\u0131\u015fd\u0131"},"content":{"rendered":"<blockquote><p><em><strong>Avropa \u0130ttifaq\u0131n\u0131n C\u0259nubi Qafqaz \u00fczr\u0259 x\u00fcsusi n\u00fcmay\u0259nd\u0259si Toyvo Klaar aprelin 14-d\u0259 \u0130r\u0259vanda Qaraba\u011fdak\u0131 terror\u00e7u xuntan\u0131n &#8220;xarici i\u015fl\u0259r naziri&#8221; David Babayanla g\u00f6r\u00fc\u015fm\u00fc\u015fd\u00fc.<\/strong><\/em><\/p><\/blockquote>\n<p>A\u0130 r\u0259smisinin qaraba\u011fl\u0131 erm\u0259nil\u0259rin terror\u00e7u v\u0259 separat\u00e7\u0131 strukturunun t\u0259msil\u00e7isi il\u0259 bir araya g\u0259lm\u0259si beyn\u0259lxalq h\u00fcququn norma il\u0259 prinsipl\u0259rinin kobud \u015f\u0259kild\u0259 pozulmas\u0131 il\u0259 yana\u015f\u0131, Az\u0259rbaycan\u0131n \u0259razi b\u00fct\u00f6vl\u00fcy\u00fc v\u0259 suverenliyi prinsipl\u0259rini saymazdan g\u0259lm\u0259kdir.<\/p>\n<p>Bununla ba\u011fl\u0131 olaraq Avropa \u0130ttifaq\u0131n\u0131n Az\u0259rbaycandak\u0131 s\u0259firi Kestutis Yankauskas Az\u0259rbaycan X\u0130N-n\u0259 \u00e7a\u011f\u0131r\u0131l\u0131b, ona T.Klaar\u0131n D.Babayanla g\u00f6r\u00fc\u015f\u00fc fakt\u0131 il\u0259 ba\u011fl\u0131 protest \u00e7atd\u0131r\u0131l\u0131b.<\/p>\n<p>Az\u0259rbaycan X\u0130N-in yayd\u0131\u011f\u0131 b\u0259yanatda deyilirdi: &#8220;A\u0130 n\u00fcmay\u0259nd\u0259si Toivo Klaar\u0131n m\u00fcnaqi\u015f\u0259 sonras\u0131 b\u00f6lg\u0259d\u0259 yaranm\u0131\u015f yeni reall\u0131qlar\u0131 n\u0259z\u0259r\u0259 almayan, k\u00f6vr\u0259k s\u00fclh\u0259 t\u0259hdid do\u011furan v\u0259 qar\u015f\u0131 t\u0259r\u0259f\u0259 \u0259sass\u0131z g\u00f6zl\u0259ntil\u0259r ver\u0259n add\u0131mlar atmas\u0131n\u0131n yolverilm\u0259z oldu\u011fu vur\u011fulan\u0131b. A\u0130-nin C\u0259nubi Qafqaz \u00fczr\u0259 x\u00fcsusi n\u00fcmay\u0259nd\u0259sinin bu kimi f\u0259aliyy\u0259tinin Az\u0259rbaycan t\u0259r\u0259finin ona olan etimad\u0131n\u0131 he\u00e7\u0259 endirdiyi qar\u015f\u0131 t\u0259r\u0259fin diqq\u0259tin\u0259 \u00e7atd\u0131r\u0131l\u0131b&#8221;.<\/p>\n<p><img src=\"https:\/\/img.milli.az\/2021\/04\/19\/f60780d0d871b7_60780d0d871fc.thumb.jpg\" alt=\"\" \/><\/p>\n<p>T.Klaar\u0131n \u00f6z\u00fc olayla ba\u011fl\u0131 bel\u0259 deyib: &#8220;Bak\u0131dak\u0131 s\u0259firimiz K.Yankauskas v\u0259 m\u0259n son g\u00fcnl\u0259rd\u0259 bu m\u0259s\u0259l\u0259 il\u0259 ba\u011fl\u0131 Az\u0259rbaycan\u0131n y\u00fcks\u0259k ranql\u0131 r\u0259smil\u0259ri il\u0259 s\u00fcr\u0259kli t\u0259maslarda olmu\u015fuq. R\u0259smi \u015f\u0259xsl\u0259rin izhar etdikl\u0259ri narahatl\u0131\u011f\u0131 n\u0259z\u0259r\u0259 ald\u0131q v\u0259 anla\u015f\u0131lmazl\u0131q olmas\u0131n dey\u0259 m\u00f6vqeyimizi ba\u015fa satd\u0131q. Bu t\u0259maslar zaman\u0131 bir daha t\u0259sdiql\u0259dik ki, aprelin 14-d\u0259 \u0130r\u0259vanda ba\u015f tutmu\u015f g\u00f6r\u00fc\u015f he\u00e7 bir halda Avropa \u0130ttifaq\u0131n\u0131n m\u00f6vqeyind\u0259 d\u0259yi\u015fiklik kimi q\u0259bul edilm\u0259m\u0259lidir. M\u0259n v\u0259 s\u0259l\u0259fl\u0259rim Avropa \u0130ttifaq\u0131na \u00fczv d\u00f6vl\u0259tl\u0259rin t\u0259qdim etdiyi mandat\u0131 yerin\u0259 yetir\u0259rk\u0259n r\u0259smi h\u00f6kum\u0259t strukturlar\u0131 il\u0259 intensiv t\u0259maslarda olmu\u015fuq. Verilmi\u015f mandata uy\u011fun olaraq regionda m\u00fcvafiq maraql\u0131 t\u0259r\u0259fl\u0259rl\u0259 d\u0259 qar\u015f\u0131l\u0131ql\u0131 f\u0259aliyy\u0259timiz olub. Bak\u0131ya bundan \u0259vv\u0259lki s\u0259f\u0259rl\u0259rimd\u0259 Qaraba\u011f\u0131n az\u0259rbayanl\u0131 icmas\u0131n\u0131n n\u00fcmay\u0259nd\u0259l\u0259ri, icma m\u0259nsublar\u0131, m\u00fcv\u0259qq\u0259ti k\u00f6\u00e7\u00fcn \u015f\u0259xsl\u0259r v\u0259 onlar\u0131n t\u0259msil\u00e7il\u0259ri il\u0259 m\u00fcnt\u0259z\u0259m g\u00f6r\u00fc\u015fl\u0259rim olub. Bir daha t\u0259krar edir\u0259m: \u0130r\u0259vandak\u0131 bu v\u0259 \u0259vv\u0259lki g\u00f6r\u00fc\u015fl\u0259r he\u00e7 bir halda t\u0259r\u0259f-m\u00fcqabilimi tan\u0131maq v\u0259 ya onunla raz\u0131la\u015fmaq anlam\u0131na g\u0259lm\u0259m\u0259lidir. Bu g\u00f6r\u00fc\u015f he\u00e7 bir halda Az\u0259rbaycan\u0131n suverenitetin\u0259 v\u0259 \u0259razi b\u00fct\u00f6vl\u00fcy\u00fcn\u0259 say\u011f\u0131s\u0131zl\u0131q izhar\u0131 deyil. Buna \u0259sla \u015f\u00fcbh\u0259 ola bilm\u0259z. Avropa \u0130ttifaq\u0131 Az\u0259rbaycan\u0131n suverenitetini, m\u00fcst\u0259qilliyini v\u0259 \u0259razi b\u00fct\u00f6vl\u00fcy\u00fcn\u00fc d\u0259st\u0259kl\u0259yir&#8221;.<\/p>\n<p>T.Klaar\u0131n dediyin\u0259 g\u00f6r\u0259, \u0130r\u0259vana s\u0259f\u0259ri \u0259snas\u0131nda D.Babayanla g\u00f6r\u00fc\u015f bar\u0259d\u0259 Az\u0259rbaycan r\u0259smil\u0259rin\u0259 \u0259vv\u0259lc\u0259d\u0259n m\u0259lumat verib v\u0259 bu g\u00f6r\u00fc\u015fd\u0259 m\u0259qs\u0259di &#8220;A\u0130-nin verdiyi mandata uy\u011fun olaraq b\u00f6lg\u0259d\u0259ki m\u00f6vcud situasiyan\u0131 m\u00fcmk\u00fcn q\u0259d\u0259r yax\u015f\u0131 anlamaq olub&#8221;.<\/p>\n","protected":false},"excerpt":{"rendered":"<p>Avropa \u0130ttifaq\u0131n\u0131n C\u0259nubi Qafqaz \u00fczr\u0259 x\u00fcsusi n\u00fcmay\u0259nd\u0259si Toyvo Klaar aprelin 14-d\u0259 \u0130r\u0259vanda Qaraba\u011fdak\u0131 terror\u00e7u xuntan\u0131n &#8220;xarici i\u015fl\u0259r naziri&#8221; David Babayanla g\u00f6r\u00fc\u015fm\u00fc\u015fd\u00fc. A\u0130 r\u0259smisinin qaraba\u011fl\u0131 erm\u0259nil\u0259rin terror\u00e7u v\u0259 separat\u00e7\u0131 strukturunun t\u0259msil\u00e7isi il\u0259 bir araya g\u0259lm\u0259si beyn\u0259lxalq h\u00fcququn norma il\u0259 prinsipl\u0259rinin kobud \u015f\u0259kild\u0259 pozulmas\u0131 il\u0259 yana\u015f\u0131, Az\u0259rbaycan\u0131n \u0259razi b\u00fct\u00f6vl\u00fcy\u00fc v\u0259 suverenliyi prinsipl\u0259rini saymazdan g\u0259lm\u0259kdir. Bununla ba\u011fl\u0131 olaraq Avropa \u0130ttifaq\u0131n\u0131n Az\u0259rbaycandak\u0131 s\u0259firi Kestutis Yankauskas Az\u0259rbaycan X\u0130N-n\u0259 \u00e7a\u011f\u0131r\u0131l\u0131b, ona T.Klaar\u0131n D.Babayanla g\u00f6r\u00fc\u015f\u00fc fakt\u0131 il\u0259 ba\u011fl\u0131 protest \u00e7atd\u0131r\u0131l\u0131b. Az\u0259rbaycan X\u0130N-in yayd\u0131\u011f\u0131 b\u0259yanatda deyilirdi: &#8220;A\u0130 n\u00fcmay\u0259nd\u0259si Toivo Klaar\u0131n m\u00fcnaqi\u015f\u0259 sonras\u0131 b\u00f6lg\u0259d\u0259 yaranm\u0131\u015f yeni reall\u0131qlar\u0131 n\u0259z\u0259r\u0259 almayan,&hellip;<\/p>\n","protected":false},"author":2,"featured_media":327131,"comment_status":"closed","ping_status":"closed","sticky":false,"template":"","format":"standard","meta":{"om_disable_all_campaigns":false,"_monsterinsights_skip_tracking":false,"_monsterinsights_sitenote_active":false,"_monsterinsights_sitenote_note":"","_monsterinsights_sitenote_category":0},"categories":[4],"tags":[],"aioseo_notices":[],"gutentor_comment":0,"rttpg_featured_image_url":{"full":["https:\/\/arantv.az\/wp-content\/uploads\/2021\/04\/klaar_237847866.jpg",750,499,false],"landscape":["https:\/\/arantv.az\/wp-content\/uploads\/2021\/04\/klaar_237847866.jpg",750,499,false],"portraits":["https:\/\/arantv.az\/wp-content\/uploads\/2021\/04\/klaar_237847866.jpg",750,499,false],"thumbnail":["https:\/\/arantv.az\/wp-content\/uploads\/2021\/04\/klaar_237847866-500x280.jpg",500,280,true],"medium":["https:\/\/arantv.az\/wp-content\/uploads\/2021\/04\/klaar_237847866-549x365.jpg",549,365,true],"large":["https:\/\/arantv.az\/wp-content\/uploads\/2021\/04\/klaar_237847866.jpg",640,426,false],"1536x1536":["https:\/\/arantv.az\/wp-content\/uploads\/2021\/04\/klaar_237847866.jpg",750,499,false],"2048x2048":["https:\/\/arantv.az\/wp-content\/uploads\/2021\/04\/klaar_237847866.jpg",750,499,false],"post-thumbnail":["https:\/\/arantv.az\/wp-content\/uploads\/2021\/04\/klaar_237847866-240x172.jpg",240,172,true],"advps-thumb-one":["https:\/\/arantv.az\/wp-content\/uploads\/2021\/04\/klaar_237847866.jpg",750,499,false]},"rttpg_author":{"display_name":"V\u00fcsal Rafiqo\u011flu","author_link":"https:\/\/arantv.az\/?author=2"},"rttpg_comment":0,"rttpg_category":"<a href=\"https:\/\/arantv.az\/?cat=4\" rel=\"category\">Siyas\u0259t<\/a>","rttpg_excerpt":"Avropa \u0130ttifaq\u0131n\u0131n C\u0259nubi Qafqaz \u00fczr\u0259 x\u00fcsusi n\u00fcmay\u0259nd\u0259si Toyvo Klaar aprelin 14-d\u0259 \u0130r\u0259vanda Qaraba\u011fdak\u0131 terror\u00e7u xuntan\u0131n &#8220;xarici i\u015fl\u0259r naziri&#8221; David Babayanla g\u00f6r\u00fc\u015fm\u00fc\u015fd\u00fc. A\u0130 r\u0259smisinin qaraba\u011fl\u0131 erm\u0259nil\u0259rin terror\u00e7u v\u0259 separat\u00e7\u0131 strukturunun t\u0259msil\u00e7isi il\u0259 bir araya g\u0259lm\u0259si beyn\u0259lxalq h\u00fcququn norma il\u0259 prinsipl\u0259rinin kobud \u015f\u0259kild\u0259 pozulmas\u0131 il\u0259 yana\u015f\u0131, Az\u0259rbaycan\u0131n \u0259razi b\u00fct\u00f6vl\u00fcy\u00fc v\u0259 suverenliyi prinsipl\u0259rini saymazdan g\u0259lm\u0259kdir. Bununla ba\u011fl\u0131 olaraq&hellip;","_links":{"self":[{"href":"https:\/\/arantv.az\/index.php?rest_route=\/wp\/v2\/posts\/327130"}],"collection":[{"href":"https:\/\/arantv.az\/index.php?rest_route=\/wp\/v2\/posts"}],"about":[{"href":"https:\/\/arantv.az\/index.php?rest_route=\/wp\/v2\/types\/post"}],"author":[{"embeddable":true,"href":"https:\/\/arantv.az\/index.php?rest_route=\/wp\/v2\/users\/2"}],"replies":[{"embeddable":true,"href":"https:\/\/arantv.az\/index.php?rest_route=%2Fwp%2Fv2%2Fcomments&post=327130"}],"version-history":[{"count":0,"href":"https:\/\/arantv.az\/index.php?rest_route=\/wp\/v2\/posts\/327130\/revisions"}],"wp:featuredmedia":[{"embeddable":true,"href":"https:\/\/arantv.az\/index.php?rest_route=\/wp\/v2\/media\/327131"}],"wp:attachment":[{"href":"https:\/\/arantv.az\/index.php?rest_route=%2Fwp%2Fv2%2Fmedia&parent=327130"}],"wp:term":[{"taxonomy":"category","embeddable":true,"href":"https:\/\/arantv.az\/index.php?rest_route=%2Fwp%2Fv2%2Fcategories&post=327130"},{"taxonomy":"post_tag","embeddable":true,"href":"https:\/\/arantv.az\/index.php?rest_route=%2Fwp%2Fv2%2Ftags&post=327130"}],"curies":[{"name":"wp","href":"https:\/\/api.w.org\/{rel}","templated":true}]}}