{"id":3284,"date":"2018-08-01T08:13:12","date_gmt":"2018-08-01T05:13:12","guid":{"rendered":"http:\/\/arantv.az\/?p=3284"},"modified":"2018-08-01T08:13:12","modified_gmt":"2018-08-01T05:13:12","slug":"nazir-heyd%c9%99r-%c9%99liyev-fondunun-prezidenti-mehriban-%c9%99liyevanin-yuks%c9%99k-diqq%c9%99t-v%c9%99-qaygisi-say%c9%99sind%c9%99-q%c9%99b%c9%99l%c9%99-beyn%c9%99lxalq-musiqi-festivali-%c9%99n","status":"publish","type":"post","link":"https:\/\/arantv.az\/?p=3284","title":{"rendered":"Nazir: &#8220;Heyd\u0259r \u018fliyev Fondunun prezidenti Mehriban \u018fliyevan\u0131n y\u00fcks\u0259k diqq\u0259t v\u0259 qay\u011f\u0131s\u0131 say\u0259sind\u0259 Q\u0259b\u0259l\u0259 Beyn\u0259lxalq Musiqi Festival\u0131 \u0259n n\u00fcfuzlu beyn\u0259lxalq festivallar\u0131n\u0131n siyah\u0131s\u0131na daxil olub&#8221;"},"content":{"rendered":"<p>Q\u0259b\u0259l\u0259 Beyn\u0259lxalq Musiqi Festival\u0131, Heyd\u0259r \u018fliyev Fondunun prezidenti Mehriban \u018fliyevan\u0131n y\u00fcks\u0259k diqq\u0259t v\u0259 qay\u011f\u0131s\u0131 say\u0259sind\u0259 \u0259n n\u00fcfuzlu beyn\u0259lxalq festivallar\u0131n siyah\u0131s\u0131na daxil olub.<\/p>\n<p><strong>ARANTV.AZ<\/strong> trend-\u0259 istinad\u0259n bildirir ki, bunu jurnalistl\u0259r\u0259 Az\u0259rbaycan\u0131n m\u0259d\u0259niyy\u0259t naziri \u018fb\u00fclf\u0259s Qarayev deyib.<\/p>\n<p>Nazir bildirib: &#8220;Q\u0259b\u0259l\u0259y\u0259 festivala \u0259n yax\u015f\u0131 d\u00fcnya \u015f\u00f6hr\u0259tli musiqi\u00e7il\u0259r, kollektivl\u0259r v\u0259 vokal\u00e7\u0131lar g\u0259lir. Bu y\u00fcks\u0259k n\u0259tic\u0259dir, \u00e7\u00fcnki bu g\u00fcn Q\u0259b\u0259l\u0259y\u0259 m\u0259d\u0259ni istirah\u0259t \u00fc\u00e7\u00fcn \u00e7oxlu sayda turistl\u0259r g\u0259lir&#8221;.<\/p>\n<div id=\"AdributorNativeVideo0\" class=\"AdributorNativeVideo\"><\/div>\n<p>Nazir bildirib ki, Q\u0259b\u0259l\u0259 festival\u0131 \u00f6lk\u0259nin m\u0259d\u0259ni h\u0259yat\u0131nda \u00e7ox m\u00fch\u00fcm hadis\u0259dir: &#8220;\u0130ld\u0259n-il\u0259 festival daha da maraqla qar\u015f\u0131lan\u0131r, \u00f6lk\u0259nin musiqi h\u0259yat\u0131n v\u0259 klassik inc\u0259s\u0259n\u0259tin t\u0259bli\u011find\u0259 vacib yer tutur. Birinci festival t\u0259\u015fkil olunduqda, he\u00e7 k\u0259s fikirl\u0259\u015f\u0259 bilm\u0259zdi ki, Q\u0259b\u0259l\u0259 festival\u0131 klassik inc\u0259s\u0259n\u0259tin d\u00fcnya proqram\u0131nda layiqli yer tutacaq v\u0259 b\u00f6y\u00fck beyn\u0259lxalq auditoriyan\u0131 \u0259hat\u0259 ed\u0259c\u0259k&#8221;.<\/p>\n","protected":false},"excerpt":{"rendered":"<p>Q\u0259b\u0259l\u0259 Beyn\u0259lxalq Musiqi Festival\u0131, Heyd\u0259r \u018fliyev Fondunun prezidenti Mehriban \u018fliyevan\u0131n y\u00fcks\u0259k diqq\u0259t v\u0259 qay\u011f\u0131s\u0131 say\u0259sind\u0259 \u0259n n\u00fcfuzlu beyn\u0259lxalq festivallar\u0131n siyah\u0131s\u0131na daxil olub. ARANTV.AZ trend-\u0259 istinad\u0259n bildirir ki, bunu jurnalistl\u0259r\u0259 Az\u0259rbaycan\u0131n m\u0259d\u0259niyy\u0259t naziri \u018fb\u00fclf\u0259s Qarayev deyib. Nazir bildirib: &#8220;Q\u0259b\u0259l\u0259y\u0259 festivala \u0259n yax\u015f\u0131 d\u00fcnya \u015f\u00f6hr\u0259tli musiqi\u00e7il\u0259r, kollektivl\u0259r v\u0259 vokal\u00e7\u0131lar g\u0259lir. Bu y\u00fcks\u0259k n\u0259tic\u0259dir, \u00e7\u00fcnki bu g\u00fcn Q\u0259b\u0259l\u0259y\u0259 m\u0259d\u0259ni istirah\u0259t \u00fc\u00e7\u00fcn \u00e7oxlu sayda turistl\u0259r g\u0259lir&#8221;. Nazir bildirib ki, Q\u0259b\u0259l\u0259 festival\u0131 \u00f6lk\u0259nin m\u0259d\u0259ni h\u0259yat\u0131nda \u00e7ox m\u00fch\u00fcm hadis\u0259dir: &#8220;\u0130ld\u0259n-il\u0259 festival daha da maraqla qar\u015f\u0131lan\u0131r, \u00f6lk\u0259nin musiqi h\u0259yat\u0131n v\u0259 klassik inc\u0259s\u0259n\u0259tin t\u0259bli\u011find\u0259 vacib yer tutur. Birinci&hellip;<\/p>\n","protected":false},"author":2,"featured_media":3285,"comment_status":"open","ping_status":"open","sticky":false,"template":"","format":"standard","meta":{"om_disable_all_campaigns":false,"_monsterinsights_skip_tracking":false,"_monsterinsights_sitenote_active":false,"_monsterinsights_sitenote_note":"","_monsterinsights_sitenote_category":0},"categories":[1],"tags":[],"aioseo_notices":[],"gutentor_comment":0,"rttpg_featured_image_url":{"full":["https:\/\/arantv.az\/wp-content\/uploads\/2018\/08\/672757.jpg",1200,650,false],"landscape":["https:\/\/arantv.az\/wp-content\/uploads\/2018\/08\/672757.jpg",1200,650,false],"portraits":["https:\/\/arantv.az\/wp-content\/uploads\/2018\/08\/672757.jpg",1200,650,false],"thumbnail":["https:\/\/arantv.az\/wp-content\/uploads\/2018\/08\/672757-150x150.jpg",150,150,true],"medium":["https:\/\/arantv.az\/wp-content\/uploads\/2018\/08\/672757-300x163.jpg",300,163,true],"large":["https:\/\/arantv.az\/wp-content\/uploads\/2018\/08\/672757-1024x555.jpg",640,347,true],"1536x1536":["https:\/\/arantv.az\/wp-content\/uploads\/2018\/08\/672757.jpg",1200,650,false],"2048x2048":["https:\/\/arantv.az\/wp-content\/uploads\/2018\/08\/672757.jpg",1200,650,false],"post-thumbnail":["https:\/\/arantv.az\/wp-content\/uploads\/2018\/08\/672757.jpg",240,130,false],"advps-thumb-one":["https:\/\/arantv.az\/wp-content\/uploads\/2018\/08\/672757-1200x620.jpg",1200,620,true]},"rttpg_author":{"display_name":"V\u00fcsal Rafiqo\u011flu","author_link":"https:\/\/arantv.az\/?author=2"},"rttpg_comment":0,"rttpg_category":"<a href=\"https:\/\/arantv.az\/?cat=1\" rel=\"category\">C\u0259miyy\u0259t<\/a>","rttpg_excerpt":"Q\u0259b\u0259l\u0259 Beyn\u0259lxalq Musiqi Festival\u0131, Heyd\u0259r \u018fliyev Fondunun prezidenti Mehriban \u018fliyevan\u0131n y\u00fcks\u0259k diqq\u0259t v\u0259 qay\u011f\u0131s\u0131 say\u0259sind\u0259 \u0259n n\u00fcfuzlu beyn\u0259lxalq festivallar\u0131n siyah\u0131s\u0131na daxil olub. ARANTV.AZ trend-\u0259 istinad\u0259n bildirir ki, bunu jurnalistl\u0259r\u0259 Az\u0259rbaycan\u0131n m\u0259d\u0259niyy\u0259t naziri \u018fb\u00fclf\u0259s Qarayev deyib. Nazir bildirib: &#8220;Q\u0259b\u0259l\u0259y\u0259 festivala \u0259n yax\u015f\u0131 d\u00fcnya \u015f\u00f6hr\u0259tli musiqi\u00e7il\u0259r, kollektivl\u0259r v\u0259 vokal\u00e7\u0131lar g\u0259lir. Bu y\u00fcks\u0259k n\u0259tic\u0259dir, \u00e7\u00fcnki bu g\u00fcn Q\u0259b\u0259l\u0259y\u0259&hellip;","_links":{"self":[{"href":"https:\/\/arantv.az\/index.php?rest_route=\/wp\/v2\/posts\/3284"}],"collection":[{"href":"https:\/\/arantv.az\/index.php?rest_route=\/wp\/v2\/posts"}],"about":[{"href":"https:\/\/arantv.az\/index.php?rest_route=\/wp\/v2\/types\/post"}],"author":[{"embeddable":true,"href":"https:\/\/arantv.az\/index.php?rest_route=\/wp\/v2\/users\/2"}],"replies":[{"embeddable":true,"href":"https:\/\/arantv.az\/index.php?rest_route=%2Fwp%2Fv2%2Fcomments&post=3284"}],"version-history":[{"count":0,"href":"https:\/\/arantv.az\/index.php?rest_route=\/wp\/v2\/posts\/3284\/revisions"}],"wp:featuredmedia":[{"embeddable":true,"href":"https:\/\/arantv.az\/index.php?rest_route=\/wp\/v2\/media\/3285"}],"wp:attachment":[{"href":"https:\/\/arantv.az\/index.php?rest_route=%2Fwp%2Fv2%2Fmedia&parent=3284"}],"wp:term":[{"taxonomy":"category","embeddable":true,"href":"https:\/\/arantv.az\/index.php?rest_route=%2Fwp%2Fv2%2Fcategories&post=3284"},{"taxonomy":"post_tag","embeddable":true,"href":"https:\/\/arantv.az\/index.php?rest_route=%2Fwp%2Fv2%2Ftags&post=3284"}],"curies":[{"name":"wp","href":"https:\/\/api.w.org\/{rel}","templated":true}]}}