{"id":328715,"date":"2021-04-22T11:38:37","date_gmt":"2021-04-22T08:38:37","guid":{"rendered":"https:\/\/arantv.az\/?p=328715"},"modified":"2021-04-22T11:38:37","modified_gmt":"2021-04-22T08:38:37","slug":"deputat-m%c9%99hdudiyy%c9%99tl%c9%99rin-t%c9%99tbiqi-ucun-s%c9%99b%c9%99b-yoxdur-video","status":"publish","type":"post","link":"https:\/\/arantv.az\/?p=328715","title":{"rendered":"Deputat: \u201cM\u0259hdudiyy\u0259tl\u0259rin t\u0259tbiqi \u00fc\u00e7\u00fcn s\u0259b\u0259b yoxdur\u201d &#8211; V\u0130DEO"},"content":{"rendered":"<article class=\"news\">\n<div class=\"news-inner\">\n<p>\u201cBu g\u00fcn koronavirusla ba\u011fl\u0131 m\u0259hdudla\u015fd\u0131r\u0131lman\u0131n t\u0259tbiq edilm\u0259si \u00fc\u00e7\u00fcn h\u0259r hans\u0131 s\u0259b\u0259b yoxdur\u201d.<\/p>\n<p>Bunu \u201cARB 24\u201d\u00fcn \u201c\u0130\u015f vaxt\u0131\u201d verili\u015fin\u0259 a\u00e7\u0131qlamas\u0131nda deputat \u0130lham M\u0259mm\u0259dov deyib. O bildirib ki, g\u00fcnd\u0259lik yoluxma say\u0131n\u0131n 2 000 civar\u0131nda olmas\u0131 epidemioloji v\u0259ziyy\u0259tin n\u0259zar\u0259t alt\u0131nda olmas\u0131n\u0131n g\u00f6st\u0259ricisidir:<\/p>\n<div id=\"AdviadNativeVideo0\" class=\"AdviadNativeVideo\"><\/div>\n<p>\u201cVaksinasiyan\u0131n s\u00fcr\u0259tl\u0259ndirilm\u0259si v\u0259 yayad\u0259k \u0259halinin 50-60 faizinin peyv\u0259ndl\u0259nm\u0259si virusla m\u00fcbariz\u0259mizin \u0259sas m\u0259rh\u0259l\u0259sini ke\u00e7m\u0259yimizi \u015f\u0259rtl\u0259ndir\u0259n vacib m\u0259qamlardan biridir. Bundan sonra sanitar-epidemioloji v\u0259ziyy\u0259t n\u0259z\u0259r\u0259 al\u0131naraq m\u0259hdudiyy\u0259tl\u0259rin l\u0259\u011fv edilm\u0259si istiqam\u0259tind\u0259 m\u00fc\u0259yy\u0259n add\u0131mlar at\u0131la bil\u0259r\u201d.<\/p>\n<p>Mill\u0259t v\u0259kili onu da qeyd edib ki, h\u0259ft\u0259sonlar\u0131 avtobuslarla ba\u011fl\u0131 t\u0259tbiq edil\u0259n m\u0259hdudiyy\u0259tl\u0259r yoluxman\u0131n azalmas\u0131na xidm\u0259t edir.<\/p>\n<div><iframe loading=\"lazy\" title=\"YouTube video player\" src=\"https:\/\/www.youtube.com\/embed\/4Y6n_iGnPuc\" width=\"560\" height=\"315\" frameborder=\"0\" allowfullscreen=\"allowfullscreen\" data-mce-fragment=\"1\"><\/iframe><\/div>\n<\/div>\n<\/article>\n<h2 class=\"news-share-title\"><\/h2>\n","protected":false},"excerpt":{"rendered":"<p>\u201cBu g\u00fcn koronavirusla ba\u011fl\u0131 m\u0259hdudla\u015fd\u0131r\u0131lman\u0131n t\u0259tbiq edilm\u0259si \u00fc\u00e7\u00fcn h\u0259r hans\u0131 s\u0259b\u0259b yoxdur\u201d. Bunu \u201cARB 24\u201d\u00fcn \u201c\u0130\u015f vaxt\u0131\u201d verili\u015fin\u0259 a\u00e7\u0131qlamas\u0131nda deputat \u0130lham M\u0259mm\u0259dov deyib. O bildirib ki, g\u00fcnd\u0259lik yoluxma say\u0131n\u0131n 2 000 civar\u0131nda olmas\u0131 epidemioloji v\u0259ziyy\u0259tin n\u0259zar\u0259t alt\u0131nda olmas\u0131n\u0131n g\u00f6st\u0259ricisidir: \u201cVaksinasiyan\u0131n s\u00fcr\u0259tl\u0259ndirilm\u0259si v\u0259 yayad\u0259k \u0259halinin 50-60 faizinin peyv\u0259ndl\u0259nm\u0259si virusla m\u00fcbariz\u0259mizin \u0259sas m\u0259rh\u0259l\u0259sini ke\u00e7m\u0259yimizi \u015f\u0259rtl\u0259ndir\u0259n vacib m\u0259qamlardan biridir. Bundan sonra sanitar-epidemioloji v\u0259ziyy\u0259t n\u0259z\u0259r\u0259 al\u0131naraq m\u0259hdudiyy\u0259tl\u0259rin l\u0259\u011fv edilm\u0259si istiqam\u0259tind\u0259 m\u00fc\u0259yy\u0259n add\u0131mlar at\u0131la bil\u0259r\u201d. Mill\u0259t v\u0259kili onu da qeyd edib ki, h\u0259ft\u0259sonlar\u0131 avtobuslarla ba\u011fl\u0131 t\u0259tbiq edil\u0259n m\u0259hdudiyy\u0259tl\u0259r yoluxman\u0131n azalmas\u0131na xidm\u0259t edir.<\/p>\n","protected":false},"author":2,"featured_media":328716,"comment_status":"closed","ping_status":"closed","sticky":false,"template":"","format":"standard","meta":{"om_disable_all_campaigns":false,"_monsterinsights_skip_tracking":false,"_monsterinsights_sitenote_active":false,"_monsterinsights_sitenote_note":"","_monsterinsights_sitenote_category":0},"categories":[26],"tags":[],"aioseo_notices":[],"gutentor_comment":0,"rttpg_featured_image_url":{"full":["https:\/\/arantv.az\/wp-content\/uploads\/2021\/04\/polis_bkk.jpg",960,640,false],"landscape":["https:\/\/arantv.az\/wp-content\/uploads\/2021\/04\/polis_bkk.jpg",960,640,false],"portraits":["https:\/\/arantv.az\/wp-content\/uploads\/2021\/04\/polis_bkk.jpg",960,640,false],"thumbnail":["https:\/\/arantv.az\/wp-content\/uploads\/2021\/04\/polis_bkk-500x280.jpg",500,280,true],"medium":["https:\/\/arantv.az\/wp-content\/uploads\/2021\/04\/polis_bkk-548x365.jpg",548,365,true],"large":["https:\/\/arantv.az\/wp-content\/uploads\/2021\/04\/polis_bkk-840x560.jpg",640,427,true],"1536x1536":["https:\/\/arantv.az\/wp-content\/uploads\/2021\/04\/polis_bkk.jpg",960,640,false],"2048x2048":["https:\/\/arantv.az\/wp-content\/uploads\/2021\/04\/polis_bkk.jpg",960,640,false],"post-thumbnail":["https:\/\/arantv.az\/wp-content\/uploads\/2021\/04\/polis_bkk-240x172.jpg",240,172,true],"advps-thumb-one":["https:\/\/arantv.az\/wp-content\/uploads\/2021\/04\/polis_bkk-960x620.jpg",960,620,true]},"rttpg_author":{"display_name":"V\u00fcsal Rafiqo\u011flu","author_link":"https:\/\/arantv.az\/?author=2"},"rttpg_comment":0,"rttpg_category":"<a href=\"https:\/\/arantv.az\/?cat=26\" rel=\"category\">Sosial<\/a>","rttpg_excerpt":"\u201cBu g\u00fcn koronavirusla ba\u011fl\u0131 m\u0259hdudla\u015fd\u0131r\u0131lman\u0131n t\u0259tbiq edilm\u0259si \u00fc\u00e7\u00fcn h\u0259r hans\u0131 s\u0259b\u0259b yoxdur\u201d. Bunu \u201cARB 24\u201d\u00fcn \u201c\u0130\u015f vaxt\u0131\u201d verili\u015fin\u0259 a\u00e7\u0131qlamas\u0131nda deputat \u0130lham M\u0259mm\u0259dov deyib. O bildirib ki, g\u00fcnd\u0259lik yoluxma say\u0131n\u0131n 2 000 civar\u0131nda olmas\u0131 epidemioloji v\u0259ziyy\u0259tin n\u0259zar\u0259t alt\u0131nda olmas\u0131n\u0131n g\u00f6st\u0259ricisidir: \u201cVaksinasiyan\u0131n s\u00fcr\u0259tl\u0259ndirilm\u0259si v\u0259 yayad\u0259k \u0259halinin 50-60 faizinin peyv\u0259ndl\u0259nm\u0259si virusla m\u00fcbariz\u0259mizin \u0259sas m\u0259rh\u0259l\u0259sini ke\u00e7m\u0259yimizi \u015f\u0259rtl\u0259ndir\u0259n vacib m\u0259qamlardan&hellip;","_links":{"self":[{"href":"https:\/\/arantv.az\/index.php?rest_route=\/wp\/v2\/posts\/328715"}],"collection":[{"href":"https:\/\/arantv.az\/index.php?rest_route=\/wp\/v2\/posts"}],"about":[{"href":"https:\/\/arantv.az\/index.php?rest_route=\/wp\/v2\/types\/post"}],"author":[{"embeddable":true,"href":"https:\/\/arantv.az\/index.php?rest_route=\/wp\/v2\/users\/2"}],"replies":[{"embeddable":true,"href":"https:\/\/arantv.az\/index.php?rest_route=%2Fwp%2Fv2%2Fcomments&post=328715"}],"version-history":[{"count":0,"href":"https:\/\/arantv.az\/index.php?rest_route=\/wp\/v2\/posts\/328715\/revisions"}],"wp:featuredmedia":[{"embeddable":true,"href":"https:\/\/arantv.az\/index.php?rest_route=\/wp\/v2\/media\/328716"}],"wp:attachment":[{"href":"https:\/\/arantv.az\/index.php?rest_route=%2Fwp%2Fv2%2Fmedia&parent=328715"}],"wp:term":[{"taxonomy":"category","embeddable":true,"href":"https:\/\/arantv.az\/index.php?rest_route=%2Fwp%2Fv2%2Fcategories&post=328715"},{"taxonomy":"post_tag","embeddable":true,"href":"https:\/\/arantv.az\/index.php?rest_route=%2Fwp%2Fv2%2Ftags&post=328715"}],"curies":[{"name":"wp","href":"https:\/\/api.w.org\/{rel}","templated":true}]}}