{"id":328721,"date":"2021-04-22T11:41:36","date_gmt":"2021-04-22T08:41:36","guid":{"rendered":"https:\/\/arantv.az\/?p=328721"},"modified":"2021-04-22T11:41:36","modified_gmt":"2021-04-22T08:41:36","slug":"arutyunyan-t%c9%99cili-moskvaya-cagirildi","status":"publish","type":"post","link":"https:\/\/arantv.az\/?p=328721","title":{"rendered":"Arutyunyan t\u0259cili Moskvaya \u00e7a\u011f\u0131r\u0131ld\u0131"},"content":{"rendered":"<p>Da\u011fl\u0131q Qraba\u011fdak\u0131 ke\u00e7mi\u015f separat\u00e7\u0131 rejimin r\u0259hb\u0259ri Arayik Arutyunyan Rusiyaya gizli s\u0259f\u0259r edib.<\/p>\n<p><strong>ARANTV.AZ<\/strong>\u00a0 erm\u0259ni medias\u0131na istinad\u0259n x\u0259b\u0259r verir ki, Arutyunyan t\u0259cili Moskvaya \u00e7a\u011f\u0131r\u0131l\u0131b.<\/p>\n<p>&#8220;\u018fld\u0259 etdiyimiz m\u0259lumata g\u00f6r\u0259, d\u00fcn\u0259n Arayik Arutyunyan t\u0259cili olaraq Moskvaya \u00e7a\u011f\u0131r\u0131l\u0131b. Onun Rusiyaya \u201ct\u0259limat\u201dland\u0131r\u0131lmas\u0131 \u00fc\u00e7\u00fcn \u00e7a\u011f\u0131r\u0131ld\u0131\u011f\u0131 ehtimal edilir. Rusiya x\u00fcsusi xidm\u0259t orqanlar\u0131 Arayikin Erm\u0259nistan r\u0259hb\u0259rliyin\u0259 ita\u0259tkar davran\u0131\u015f\u0131ndan narahatd\u0131r v\u0259 onu &#8220;\u00f6z\u00fcn\u0259 g\u0259tirm\u0259y\u0259&#8221; \u00e7al\u0131\u015facaqlar. Etibarl\u0131 m\u0259nb\u0259miz onu da deyib ki, Arayik tan\u0131nmam\u0131\u015f \u201crespublika\u201dn\u0131n r\u0259hb\u0259ri oldu\u011fu \u00fc\u00e7\u00fcn r\u0259smi qaydada q\u0259bul olunmayacaq. \u00c7ox g\u00fcman ki, Kremli narahat ed\u0259n amil Arutyunyan\u0131n maddi c\u0259h\u0259td\u0259n Erm\u0259nistan s\u0259lahiyy\u0259tlil\u0259rind\u0259n as\u0131l\u0131 hala g\u0259lib, bir n\u00f6v \u0130r\u0259vana qandallanmas\u0131d\u0131r. Lusine Avanesyana Arayikin Moskvaya getm\u0259si x\u0259b\u0259rinin do\u011fru olub-olmamas\u0131 bar\u0259d\u0259 sor\u011fu g\u00f6nd\u0259rdik. O, &#8220;haz\u0131rda dan\u0131\u015facaq bir s\u00f6z\u00fcm yoxdur. H\u0259l\u0259lik bu m\u0259s\u0259l\u0259 il\u0259 ba\u011fl\u0131 he\u00e7 bir \u015f\u0259rhim olmayacaq&#8221; deyib. S\u0259f\u0259r inkar edilmirs\u0259, dem\u0259li, m\u0259nb\u0259miz do\u011fru m\u0259lumat \u00f6t\u00fcr\u00fcb\u201d,- dey\u0259 m\u0259lumatda qeyd olunub.<\/p>\n","protected":false},"excerpt":{"rendered":"<p>Da\u011fl\u0131q Qraba\u011fdak\u0131 ke\u00e7mi\u015f separat\u00e7\u0131 rejimin r\u0259hb\u0259ri Arayik Arutyunyan Rusiyaya gizli s\u0259f\u0259r edib. ARANTV.AZ\u00a0 erm\u0259ni medias\u0131na istinad\u0259n x\u0259b\u0259r verir ki, Arutyunyan t\u0259cili Moskvaya \u00e7a\u011f\u0131r\u0131l\u0131b. &#8220;\u018fld\u0259 etdiyimiz m\u0259lumata g\u00f6r\u0259, d\u00fcn\u0259n Arayik Arutyunyan t\u0259cili olaraq Moskvaya \u00e7a\u011f\u0131r\u0131l\u0131b. Onun Rusiyaya \u201ct\u0259limat\u201dland\u0131r\u0131lmas\u0131 \u00fc\u00e7\u00fcn \u00e7a\u011f\u0131r\u0131ld\u0131\u011f\u0131 ehtimal edilir. Rusiya x\u00fcsusi xidm\u0259t orqanlar\u0131 Arayikin Erm\u0259nistan r\u0259hb\u0259rliyin\u0259 ita\u0259tkar davran\u0131\u015f\u0131ndan narahatd\u0131r v\u0259 onu &#8220;\u00f6z\u00fcn\u0259 g\u0259tirm\u0259y\u0259&#8221; \u00e7al\u0131\u015facaqlar. Etibarl\u0131 m\u0259nb\u0259miz onu da deyib ki, Arayik tan\u0131nmam\u0131\u015f \u201crespublika\u201dn\u0131n r\u0259hb\u0259ri oldu\u011fu \u00fc\u00e7\u00fcn r\u0259smi qaydada q\u0259bul olunmayacaq. \u00c7ox g\u00fcman ki, Kremli narahat ed\u0259n amil Arutyunyan\u0131n maddi c\u0259h\u0259td\u0259n Erm\u0259nistan s\u0259lahiyy\u0259tlil\u0259rind\u0259n as\u0131l\u0131 hala g\u0259lib, bir n\u00f6v \u0130r\u0259vana&hellip;<\/p>\n","protected":false},"author":2,"featured_media":328722,"comment_status":"closed","ping_status":"closed","sticky":false,"template":"","format":"standard","meta":{"om_disable_all_campaigns":false,"_monsterinsights_skip_tracking":false,"_monsterinsights_sitenote_active":false,"_monsterinsights_sitenote_note":"","_monsterinsights_sitenote_category":0},"categories":[7],"tags":[],"aioseo_notices":[],"gutentor_comment":0,"rttpg_featured_image_url":{"full":["https:\/\/arantv.az\/wp-content\/uploads\/2021\/04\/76b7a3a5161907902341307171011115953.jpg",975,540,false],"landscape":["https:\/\/arantv.az\/wp-content\/uploads\/2021\/04\/76b7a3a5161907902341307171011115953.jpg",975,540,false],"portraits":["https:\/\/arantv.az\/wp-content\/uploads\/2021\/04\/76b7a3a5161907902341307171011115953.jpg",975,540,false],"thumbnail":["https:\/\/arantv.az\/wp-content\/uploads\/2021\/04\/76b7a3a5161907902341307171011115953-500x280.jpg",500,280,true],"medium":["https:\/\/arantv.az\/wp-content\/uploads\/2021\/04\/76b7a3a5161907902341307171011115953-660x365.jpg",660,365,true],"large":["https:\/\/arantv.az\/wp-content\/uploads\/2021\/04\/76b7a3a5161907902341307171011115953-840x465.jpg",640,354,true],"1536x1536":["https:\/\/arantv.az\/wp-content\/uploads\/2021\/04\/76b7a3a5161907902341307171011115953.jpg",975,540,false],"2048x2048":["https:\/\/arantv.az\/wp-content\/uploads\/2021\/04\/76b7a3a5161907902341307171011115953.jpg",975,540,false],"post-thumbnail":["https:\/\/arantv.az\/wp-content\/uploads\/2021\/04\/76b7a3a5161907902341307171011115953-240x172.jpg",240,172,true],"advps-thumb-one":["https:\/\/arantv.az\/wp-content\/uploads\/2021\/04\/76b7a3a5161907902341307171011115953.jpg",975,540,false]},"rttpg_author":{"display_name":"V\u00fcsal Rafiqo\u011flu","author_link":"https:\/\/arantv.az\/?author=2"},"rttpg_comment":0,"rttpg_category":"<a href=\"https:\/\/arantv.az\/?cat=7\" rel=\"category\">D\u00fcnya<\/a>","rttpg_excerpt":"Da\u011fl\u0131q Qraba\u011fdak\u0131 ke\u00e7mi\u015f separat\u00e7\u0131 rejimin r\u0259hb\u0259ri Arayik Arutyunyan Rusiyaya gizli s\u0259f\u0259r edib. ARANTV.AZ\u00a0 erm\u0259ni medias\u0131na istinad\u0259n x\u0259b\u0259r verir ki, Arutyunyan t\u0259cili Moskvaya \u00e7a\u011f\u0131r\u0131l\u0131b. &#8220;\u018fld\u0259 etdiyimiz m\u0259lumata g\u00f6r\u0259, d\u00fcn\u0259n Arayik Arutyunyan t\u0259cili olaraq Moskvaya \u00e7a\u011f\u0131r\u0131l\u0131b. Onun Rusiyaya \u201ct\u0259limat\u201dland\u0131r\u0131lmas\u0131 \u00fc\u00e7\u00fcn \u00e7a\u011f\u0131r\u0131ld\u0131\u011f\u0131 ehtimal edilir. Rusiya x\u00fcsusi xidm\u0259t orqanlar\u0131 Arayikin Erm\u0259nistan r\u0259hb\u0259rliyin\u0259 ita\u0259tkar davran\u0131\u015f\u0131ndan narahatd\u0131r v\u0259 onu &#8220;\u00f6z\u00fcn\u0259 g\u0259tirm\u0259y\u0259&#8221;&hellip;","_links":{"self":[{"href":"https:\/\/arantv.az\/index.php?rest_route=\/wp\/v2\/posts\/328721"}],"collection":[{"href":"https:\/\/arantv.az\/index.php?rest_route=\/wp\/v2\/posts"}],"about":[{"href":"https:\/\/arantv.az\/index.php?rest_route=\/wp\/v2\/types\/post"}],"author":[{"embeddable":true,"href":"https:\/\/arantv.az\/index.php?rest_route=\/wp\/v2\/users\/2"}],"replies":[{"embeddable":true,"href":"https:\/\/arantv.az\/index.php?rest_route=%2Fwp%2Fv2%2Fcomments&post=328721"}],"version-history":[{"count":0,"href":"https:\/\/arantv.az\/index.php?rest_route=\/wp\/v2\/posts\/328721\/revisions"}],"wp:featuredmedia":[{"embeddable":true,"href":"https:\/\/arantv.az\/index.php?rest_route=\/wp\/v2\/media\/328722"}],"wp:attachment":[{"href":"https:\/\/arantv.az\/index.php?rest_route=%2Fwp%2Fv2%2Fmedia&parent=328721"}],"wp:term":[{"taxonomy":"category","embeddable":true,"href":"https:\/\/arantv.az\/index.php?rest_route=%2Fwp%2Fv2%2Fcategories&post=328721"},{"taxonomy":"post_tag","embeddable":true,"href":"https:\/\/arantv.az\/index.php?rest_route=%2Fwp%2Fv2%2Ftags&post=328721"}],"curies":[{"name":"wp","href":"https:\/\/api.w.org\/{rel}","templated":true}]}}