{"id":328778,"date":"2021-04-22T12:40:24","date_gmt":"2021-04-22T09:40:24","guid":{"rendered":"https:\/\/arantv.az\/?p=328778"},"modified":"2021-04-22T12:40:24","modified_gmt":"2021-04-22T09:40:24","slug":"qarabagin-azad-olunmasi-duzgun-terminologiyalardan-istifad%c9%99ni-z%c9%99ruri-edir","status":"publish","type":"post","link":"https:\/\/arantv.az\/?p=328778","title":{"rendered":"Qaraba\u011f\u0131n azad olunmas\u0131 d\u00fczg\u00fcn terminologiyalardan istifad\u0259ni z\u0259ruri edir"},"content":{"rendered":"<p>Bu g\u00fcn Az\u0259rbaycan xalq\u0131n\u0131n qazanm\u0131\u015f oldu\u011fu nailiyy\u0259tl\u0259ri qorumaq, onlar\u0131 daha da dayan\u0131ql\u0131 etm\u0259k, \u00fcmummilli v\u0259 haqq i\u015fimizd\u0259 q\u0259l\u0259b\u0259mizin bundan sonra da davaml\u0131 olaraq qalmas\u0131n\u0131 t\u0259min etm\u0259k \u00fc\u00e7\u00fcn h\u0259mr\u0259y olma\u011fa, Prezident \u0130lham \u018fliyevin \u0259traf\u0131nda s\u0131x birl\u0259\u015f\u0259r\u0259k m\u00fcst\u0259qil Az\u0259rbaycan\u0131n suverenliyinin qorunmas\u0131na daha b\u00f6y\u00fck ehtiyac\u0131 var.<\/p>\n<p>Ali Ba\u015f Komandan, B\u00f6y\u00fck S\u0259rk\u0259rd\u0259 \u0130lham \u018fliyevin apard\u0131\u011f\u0131 uzaqg\u00f6r\u0259n v\u0259 u\u011furlu siyas\u0259t n\u0259tic\u0259sind\u0259 m\u00fcz\u0259ff\u0259r Az\u0259rbaycan Ordusunun \u0130kinci Qaraba\u011f M\u00fcharib\u0259sind\u0259 \u0259ld\u0259 etdiyi tarixi Q\u0259l\u0259b\u0259si n\u0259inki regionda, h\u0259tta d\u00fcnyan\u0131n qlobal siyas\u0259tind\u0259 d\u0259 yeni reall\u0131qlar yaratd\u0131, beyn\u0259lxalq m\u0259d\u0259ni \u0259laq\u0259l\u0259ri, iqtisadi, sosial v\u0259 ekoloji t\u0259hl\u00fck\u0259sizliyin t\u0259min olunmas\u0131nda d\u00f6n\u00fc\u015f yaratd\u0131.<\/p>\n<p>Bu g\u00fcn qlobal siyas\u0259td\u0259, habel\u0259 yeni qurulan diplomatiya sah\u0259sind\u0259 d\u00fczg\u00fcn h\u0259d\u0259fl\u0259rin m\u00fc\u0259yy\u0259n olunmas\u0131, habel\u0259 Az\u0259rbaycan\u0131n apard\u0131\u011f\u0131 xarici siyas\u0259t doktrinas\u0131nda \u00e7oxvektorlulu\u011fu t\u0259min etm\u0259k ba\u015fl\u0131ca v\u0259zif\u0259l\u0259rd\u0259ndir. Az\u0259rbaycan\u0131n m\u00fcst\u0259qilliyinin qorunmas\u0131, suverenliyinin tam b\u0259rpa olunmas\u0131 \u00fc\u00e7\u00fcn yaranm\u0131\u015f yeni reall\u0131qlar daha d\u00fczg\u00fcn terminologiyalardan istifad\u0259 edilm\u0259sini z\u0259ruri edir. Erm\u0259nistan\u0131n fa\u015fizm ideologiyas\u0131 \u00fcns\u00fcrl\u0259rinin m\u0259lum kampaniyalar\u0131n\u0131n qar\u015f\u0131s\u0131n\u0131n al\u0131nmas\u0131, biz\u0259 qar\u015f\u0131 y\u00f6n\u0259lmi\u015f \u0259sass\u0131z iddialar\u0131n if\u015fa edilm\u0259si \u00fc\u00e7\u00fcn \u00f6lk\u0259 r\u0259hb\u0259rinin m\u00f6vcud reall\u0131qlar \u0259sas\u0131nda ifad\u0259 etdiyi sitatlar\u0131n v\u0259 s\u00f6zl\u0259rin istifad\u0259si x\u00fcsusi \u0259h\u0259miyy\u0259t k\u0259sb edir.<\/p>\n<div id=\"AdviadNativeVideo0\" class=\"AdviadNativeVideo\"><\/div>\n<p>C\u0259nab Prezidentin s\u00f6yl\u0259diyi kimi \u201cDa\u011fl\u0131q Qaraba\u011f m\u00fcnaqi\u015f\u0259si tarixd\u0259 qald\u0131, art\u0131q h\u0259ll edildi, bitdi.\u201d Bu bax\u0131mdan cari v\u0259ziyy\u0259t \u0259vv\u0259ll\u0259r istifad\u0259 olunan v\u0259 art\u0131q aktuall\u0131\u011f\u0131n\u0131 itirmi\u015f ifad\u0259l\u0259rin yerin\u0259 yenil\u0259rinin q\u0259bul edilm\u0259sini dikt\u0259 edir.<\/p>\n<p>\u018fvv\u0259l istifad\u0259 etdiyimiz \u201cErm\u0259nistan-Az\u0259rbaycan Da\u011fl\u0131q Qaraba\u011f m\u00fcnaqi\u015f\u0259si\u201d v\u0259 \u201cAz\u0259rbaycan\u0131n Da\u011fl\u0131q Qaraba\u011f b\u00f6lg\u0259si v\u0259 onun \u0259traf\u0131nda Erm\u0259nistan-Az\u0259rbaycan m\u00fcnaqi\u015f\u0259si\u201d ifad\u0259l\u0259ri suverenliyimizin b\u0259rpa edildiyini n\u0259z\u0259r\u0259 alaraq yaln\u0131z 10 noyabr 2020-ci il\u0259 q\u0259d\u0259r olan d\u00f6vr\u0259 aid edil\u0259 bil\u0259r, hal-haz\u0131rda is\u0259 \u201cAz\u0259rbaycan Respublikas\u0131n\u0131n azad edilmi\u015f \u0259razil\u0259ri\u201d ifad\u0259si bu \u0259razil\u0259r\u0259 m\u00fcnasib\u0259td\u0259 daha d\u00fczg\u00fcn i\u015fl\u0259n\u0259 bil\u0259r.<\/p>\n<p>V\u0259 yaxud bu g\u00fcn\u0259 q\u0259d\u0259r \u201cAz\u0259rbaycan Respublikas\u0131n\u0131n i\u015f\u011fal edilmi\u015f \u0259razil\u0259rin\u0259 qanunsuz s\u0259f\u0259r etmi\u015f xarici \u00f6lk\u0259 v\u0259t\u0259nda\u015far\u0131\u201d termini M\u00fcz\u0259ff\u0259r Az\u0259rbaycan Ordusunun \u0259razil\u0259rimizi i\u015f\u011faldan azad etdikd\u0259n sonra d\u00f6vl\u0259t s\u0259rh\u0259dinin yenid\u0259n qurulmas\u0131n\u0131n v\u0259 b\u0259rpas\u0131n\u0131n h\u0259yata ke\u00e7irilm\u0259si il\u0259 l\u0259\u011fv olundu. Bundan sonra Qaraba\u011fa s\u0259f\u0259r ed\u0259c\u0259k \u0259cn\u0259bi v\u0259t\u0259nda\u015flar\u0131n qanunsuz s\u0259f\u0259ri m\u00fc\u0259yy\u0259n olunarsa art\u0131q \u201cAz\u0259rbaycan Respublikas\u0131n\u0131n d\u00f6vl\u0259t s\u0259rh\u0259dini qanunsuz ke\u00e7mi\u015f xarici \u00f6lk\u0259 v\u0259t\u0259nda\u015flar\u0131\u201d termininin istifad\u0259 olunmas\u0131 z\u0259ruriliyi ortadad\u0131r.<\/p>\n<p>Beyn\u0259lxalq institutlarla, habel\u0259 beyin m\u0259rk\u0259zl\u0259ri yerl\u0259\u015f\u0259n inki\u015faf etmi\u015f d\u00f6vl\u0259tl\u0259rl\u0259 qar\u015f\u0131l\u0131ql\u0131 h\u00f6rm\u0259t\u0259 \u0259saslanan \u0259m\u0259kda\u015fl\u0131\u011f\u0131n d\u0259rinl\u0259\u015fm\u0259si onlar\u0131n haz\u0131rlad\u0131qlar\u0131 hesabatlarda, r\u0259smi n\u00fcmay\u0259nd\u0259l\u0259rin ifad\u0259l\u0259rind\u0259 reall\u0131qlar\u0131 \u0259ks etdir\u0259n yeni terminologiyan\u0131n daxil olmas\u0131na nail olmaq bu g\u00fcnki diplomatiyam\u0131z\u0131n \u0259sas h\u0259d\u0259fl\u0259rind\u0259ndir. Bu i\u015fd\u0259 m\u0259d\u0259ni-ictimai-siyasi sah\u0259d\u0259 f\u0259aliyy\u0259t g\u00f6st\u0259r\u0259n b\u00fct\u00fcn v\u0259t\u0259nsev\u0259r Az\u0259rbaycanl\u0131lar \u00f6z t\u00f6hf\u0259sini verm\u0259yi bacarmal\u0131d\u0131r.<\/p>\n<p>Z\u0259nnimc\u0259 Az\u0259rbaycanda f\u0259aliyy\u0259t g\u00f6st\u0259r\u0259n beyin m\u0259rk\u0259zl\u0259ri bir araya g\u0259l\u0259r\u0259k vahid, yeni terminologiyan\u0131n \u0259saslanmas\u0131n\u0131 v\u0259 t\u0259bli\u011fat\u0131na dair istiqam\u0259tl\u0259rinin m\u00fc\u0259yy\u0259n olunaraq m\u00fcxt\u0259lif resurslar vasit\u0259sil\u0259 milli diplomatiyam\u0131z\u0131n i\u015fin\u0259 t\u00f6hf\u0259 ver\u0259 bil\u0259r.<\/p>\n<p>Yeni, post-konflikt reall\u0131\u011f\u0131na uy\u011fun ifad\u0259l\u0259rin v\u0259 ya terminologiyan\u0131n yay\u0131lmas\u0131, hal-haz\u0131rda h\u0259r bir Az\u0259rbaycanl\u0131n\u0131n \u0259m\u0259li i\u015fin\u0259 \u00e7evrilm\u0259li, \u201cBiz birlikd\u0259 g\u00fccl\u00fcy\u00fck\u201d \u015f\u00fcar\u0131n\u0131 r\u0259hb\u0259r tutaraq Prezident \u0130lham \u018fliyevin xalqa a\u00e7\u0131q s\u00f6yl\u0259diyi h\u0259r bir yeni reall\u0131\u011f\u0131n t\u0259bli\u011fat\u00e7\u0131s\u0131na \u00e7evrilm\u0259liyik.<\/p>\n<p>Az\u0259rbaycan xalq\u0131 bu g\u00fcn\u0259 kimi \u0259ld\u0259 etdiyi davaml\u0131 inki\u015fafa m\u0259hz Prezident \u0130lham \u018fliyevin \u0259traf\u0131nda s\u0131x birl\u0259\u015f\u0259r\u0259k nail olmu\u015fdur v\u0259 bundan sonra da Az\u0259rbaycan xalq\u0131n\u0131n d\u00fcnyada s\u00fclh\u00fcn, \u0259min-amanl\u0131\u011f\u0131n, davaml\u0131 inki\u015faf\u0131n car\u00e7\u0131s\u0131 oldu\u011funun bir daha s\u00fcbut olunmas\u0131 i\u015fin\u0259 \u00f6z t\u00f6hf\u0259mizi verm\u0259liyik.<\/p>\n<p><strong>M\u0259zahir \u018ff\u0259ndiyev<br \/>\nMilli M\u0259clisin deputat\u0131<\/strong><\/p>\n","protected":false},"excerpt":{"rendered":"<p>Bu g\u00fcn Az\u0259rbaycan xalq\u0131n\u0131n qazanm\u0131\u015f oldu\u011fu nailiyy\u0259tl\u0259ri qorumaq, onlar\u0131 daha da dayan\u0131ql\u0131 etm\u0259k, \u00fcmummilli v\u0259 haqq i\u015fimizd\u0259 q\u0259l\u0259b\u0259mizin bundan sonra da davaml\u0131 olaraq qalmas\u0131n\u0131 t\u0259min etm\u0259k \u00fc\u00e7\u00fcn h\u0259mr\u0259y olma\u011fa, Prezident \u0130lham \u018fliyevin \u0259traf\u0131nda s\u0131x birl\u0259\u015f\u0259r\u0259k m\u00fcst\u0259qil Az\u0259rbaycan\u0131n suverenliyinin qorunmas\u0131na daha b\u00f6y\u00fck ehtiyac\u0131 var. Ali Ba\u015f Komandan, B\u00f6y\u00fck S\u0259rk\u0259rd\u0259 \u0130lham \u018fliyevin apard\u0131\u011f\u0131 uzaqg\u00f6r\u0259n v\u0259 u\u011furlu siyas\u0259t n\u0259tic\u0259sind\u0259 m\u00fcz\u0259ff\u0259r Az\u0259rbaycan Ordusunun \u0130kinci Qaraba\u011f M\u00fcharib\u0259sind\u0259 \u0259ld\u0259 etdiyi tarixi Q\u0259l\u0259b\u0259si n\u0259inki regionda, h\u0259tta d\u00fcnyan\u0131n qlobal siyas\u0259tind\u0259 d\u0259 yeni reall\u0131qlar yaratd\u0131, beyn\u0259lxalq m\u0259d\u0259ni \u0259laq\u0259l\u0259ri, iqtisadi, sosial v\u0259 ekoloji t\u0259hl\u00fck\u0259sizliyin t\u0259min olunmas\u0131nda d\u00f6n\u00fc\u015f yaratd\u0131. Bu g\u00fcn&hellip;<\/p>\n","protected":false},"author":2,"featured_media":328779,"comment_status":"closed","ping_status":"closed","sticky":false,"template":"","format":"standard","meta":{"om_disable_all_campaigns":false,"_monsterinsights_skip_tracking":false,"_monsterinsights_sitenote_active":false,"_monsterinsights_sitenote_note":"","_monsterinsights_sitenote_category":0},"categories":[4],"tags":[],"aioseo_notices":[],"gutentor_comment":0,"rttpg_featured_image_url":{"full":["https:\/\/arantv.az\/wp-content\/uploads\/2021\/04\/PHOTO-2021-04-22-10-21-24-1.jpg",520,355,false],"landscape":["https:\/\/arantv.az\/wp-content\/uploads\/2021\/04\/PHOTO-2021-04-22-10-21-24-1.jpg",520,355,false],"portraits":["https:\/\/arantv.az\/wp-content\/uploads\/2021\/04\/PHOTO-2021-04-22-10-21-24-1.jpg",520,355,false],"thumbnail":["https:\/\/arantv.az\/wp-content\/uploads\/2021\/04\/PHOTO-2021-04-22-10-21-24-1-500x280.jpg",500,280,true],"medium":["https:\/\/arantv.az\/wp-content\/uploads\/2021\/04\/PHOTO-2021-04-22-10-21-24-1.jpg",520,355,false],"large":["https:\/\/arantv.az\/wp-content\/uploads\/2021\/04\/PHOTO-2021-04-22-10-21-24-1.jpg",520,355,false],"1536x1536":["https:\/\/arantv.az\/wp-content\/uploads\/2021\/04\/PHOTO-2021-04-22-10-21-24-1.jpg",520,355,false],"2048x2048":["https:\/\/arantv.az\/wp-content\/uploads\/2021\/04\/PHOTO-2021-04-22-10-21-24-1.jpg",520,355,false],"post-thumbnail":["https:\/\/arantv.az\/wp-content\/uploads\/2021\/04\/PHOTO-2021-04-22-10-21-24-1-240x172.jpg",240,172,true],"advps-thumb-one":["https:\/\/arantv.az\/wp-content\/uploads\/2021\/04\/PHOTO-2021-04-22-10-21-24-1.jpg",520,355,false]},"rttpg_author":{"display_name":"V\u00fcsal Rafiqo\u011flu","author_link":"https:\/\/arantv.az\/?author=2"},"rttpg_comment":0,"rttpg_category":"<a href=\"https:\/\/arantv.az\/?cat=4\" rel=\"category\">Siyas\u0259t<\/a>","rttpg_excerpt":"Bu g\u00fcn Az\u0259rbaycan xalq\u0131n\u0131n qazanm\u0131\u015f oldu\u011fu nailiyy\u0259tl\u0259ri qorumaq, onlar\u0131 daha da dayan\u0131ql\u0131 etm\u0259k, \u00fcmummilli v\u0259 haqq i\u015fimizd\u0259 q\u0259l\u0259b\u0259mizin bundan sonra da davaml\u0131 olaraq qalmas\u0131n\u0131 t\u0259min etm\u0259k \u00fc\u00e7\u00fcn h\u0259mr\u0259y olma\u011fa, Prezident \u0130lham \u018fliyevin \u0259traf\u0131nda s\u0131x birl\u0259\u015f\u0259r\u0259k m\u00fcst\u0259qil Az\u0259rbaycan\u0131n suverenliyinin qorunmas\u0131na daha b\u00f6y\u00fck ehtiyac\u0131 var. Ali Ba\u015f Komandan, B\u00f6y\u00fck S\u0259rk\u0259rd\u0259 \u0130lham \u018fliyevin apard\u0131\u011f\u0131 uzaqg\u00f6r\u0259n v\u0259 u\u011furlu siyas\u0259t&hellip;","_links":{"self":[{"href":"https:\/\/arantv.az\/index.php?rest_route=\/wp\/v2\/posts\/328778"}],"collection":[{"href":"https:\/\/arantv.az\/index.php?rest_route=\/wp\/v2\/posts"}],"about":[{"href":"https:\/\/arantv.az\/index.php?rest_route=\/wp\/v2\/types\/post"}],"author":[{"embeddable":true,"href":"https:\/\/arantv.az\/index.php?rest_route=\/wp\/v2\/users\/2"}],"replies":[{"embeddable":true,"href":"https:\/\/arantv.az\/index.php?rest_route=%2Fwp%2Fv2%2Fcomments&post=328778"}],"version-history":[{"count":0,"href":"https:\/\/arantv.az\/index.php?rest_route=\/wp\/v2\/posts\/328778\/revisions"}],"wp:featuredmedia":[{"embeddable":true,"href":"https:\/\/arantv.az\/index.php?rest_route=\/wp\/v2\/media\/328779"}],"wp:attachment":[{"href":"https:\/\/arantv.az\/index.php?rest_route=%2Fwp%2Fv2%2Fmedia&parent=328778"}],"wp:term":[{"taxonomy":"category","embeddable":true,"href":"https:\/\/arantv.az\/index.php?rest_route=%2Fwp%2Fv2%2Fcategories&post=328778"},{"taxonomy":"post_tag","embeddable":true,"href":"https:\/\/arantv.az\/index.php?rest_route=%2Fwp%2Fv2%2Ftags&post=328778"}],"curies":[{"name":"wp","href":"https:\/\/api.w.org\/{rel}","templated":true}]}}